{"id":102186,"date":"2023-07-24T16:54:30","date_gmt":"2023-07-24T16:54:30","guid":{"rendered":"https:\/\/primicias2262.com\/noticias\/?p=102186"},"modified":"2023-07-24T16:54:55","modified_gmt":"2023-07-24T16:54:55","slug":"autorizan-un-aumento-del-18-promedio-en-colegios-privados-a-partir-de-agosto","status":"publish","type":"post","link":"https:\/\/primicias2262.com\/noticias\/autorizan-un-aumento-del-18-promedio-en-colegios-privados-a-partir-de-agosto\/","title":{"rendered":"Autorizan un aumento del 18% promedio en colegios privados a partir de agosto"},"content":{"rendered":"<p><strong>El gobierno bonaerense autoriz\u00f3 esta tarde\u00a0un aumento del 18% promedio en las cuotas de colegios privados con subvenci\u00f3n estatal a partir del 1 de agosto.<\/strong><\/p>\n<p>En tanto, en septiembre se aplicar\u00e1 una suba del 9% (acumulativo). Desde la Asociaci\u00f3n de Institutos de ense\u00f1anza Privada de la provincia de Buenos Aires (Aiepba) consideraron que la medida es \u201cinsuficiente\u201d y mantuvieron \u00a0su planteo de recomponer el valor de los aranceles de acuerdo con los niveles inflacionarios y de otras variables de la econom\u00eda.<\/p>\n<p>El secretario ejecutivo de la entidad, Mart\u00edn Zurita, asegur\u00f3 que se \u201cseguir\u00e1 reclamando por soluciones para afrontar los severos inconvenientes que atraviesan las instituciones de ense\u00f1anza de la provincia, que arrastran una crisis desde la pandemia y que no logran recuperarse\u201d.<\/p>\n<p>Por eso -reiter\u00f3- pedir\u00e1n al gobierno \u201cuna soluci\u00f3n integral y respuestas concretas sobre diversas situaciones que ponen en riesgo la prestaci\u00f3n del servicio educativo de calidad que siempre brinda el sistema de ense\u00f1anza privado\u201d.<\/p>\n<p>La medida de la Direcci\u00f3n General de Cultura y Educaci\u00f3n se da luego del aumento salarial del 30% para los docentes, y otro 15% en septiembre. Desde Aiepba hab\u00edan solicitado a la administraci\u00f3n bonaerense una suba en los aranceles del 22%, retroactivo a julio y en cinco cuotas.<\/p>\n<p>Hasta el momento, en el marco del acuerdo de Precios Justos, la cuota de los colegios privados hab\u00eda aumentado un 16,8% en marzo, 3,35% en abril, 6,7% en mayo, 7,5% en junio, y un 4% para julio.<\/p>\n<p>Con las nuevas escalas, un colegio con 100% de subvenci\u00f3n tendr\u00e1 una cuota de, al menos, $7.387 en nivel inicial y de $10.635 en el nivel superior en agosto. Mientras que en aquellas instituciones con aporte del 40%, oscilar\u00e1 entre $33.384 y $42.371 en las distintas categor\u00edas.<\/p>\n<p>En septiembre, las cuotas girar\u00e1n en torno a\u00a0los $8.052 y los $11.593 en los distintos niveles de los colegios privados con 100% de subsidios. Por su parte, los aranceles rondar\u00e1n entre los\u00a0$36.389 y los\u00a0$46.185 en los establecimientos m\u00e1s caros.<\/p>\n","protected":false},"excerpt":{"rendered":"<p>El gobierno bonaerense autoriz\u00f3 esta tarde\u00a0un aumento del 18% promedio en las cuotas de colegios privados con subvenci\u00f3n estatal a partir del 1 de agosto. En tanto, en septiembre se aplicar\u00e1 una suba del 9% (acumulativo). Desde la Asociaci\u00f3n de Institutos de ense\u00f1anza Privada de la provincia de Buenos Aires (Aiepba) consideraron que la medida [&hellip;]<\/p>\n","protected":false},"author":3,"featured_media":102187,"comment_status":"open","ping_status":"open","sticky":false,"template":"","format":"standard","meta":{"footnotes":""},"categories":[7],"tags":[],"class_list":{"0":"post-102186","1":"post","2":"type-post","3":"status-publish","4":"format-standard","5":"has-post-thumbnail","7":"category-nac"},"_links":{"self":[{"href":"https:\/\/primicias2262.com\/noticias\/wp-json\/wp\/v2\/posts\/102186","targetHints":{"allow":["GET"]}}],"collection":[{"href":"https:\/\/primicias2262.com\/noticias\/wp-json\/wp\/v2\/posts"}],"about":[{"href":"https:\/\/primicias2262.com\/noticias\/wp-json\/wp\/v2\/types\/post"}],"author":[{"embeddable":true,"href":"https:\/\/primicias2262.com\/noticias\/wp-json\/wp\/v2\/users\/3"}],"replies":[{"embeddable":true,"href":"https:\/\/primicias2262.com\/noticias\/wp-json\/wp\/v2\/comments?post=102186"}],"version-history":[{"count":3,"href":"https:\/\/primicias2262.com\/noticias\/wp-json\/wp\/v2\/posts\/102186\/revisions"}],"predecessor-version":[{"id":102190,"href":"https:\/\/primicias2262.com\/noticias\/wp-json\/wp\/v2\/posts\/102186\/revisions\/102190"}],"wp:featuredmedia":[{"embeddable":true,"href":"https:\/\/primicias2262.com\/noticias\/wp-json\/wp\/v2\/media\/102187"}],"wp:attachment":[{"href":"https:\/\/primicias2262.com\/noticias\/wp-json\/wp\/v2\/media?parent=102186"}],"wp:term":[{"taxonomy":"category","embeddable":true,"href":"https:\/\/primicias2262.com\/noticias\/wp-json\/wp\/v2\/categories?post=102186"},{"taxonomy":"post_tag","embeddable":true,"href":"https:\/\/primicias2262.com\/noticias\/wp-json\/wp\/v2\/tags?post=102186"}],"curies":[{"name":"wp","href":"https:\/\/api.w.org\/{rel}","templated":true}]}}