{"id":102191,"date":"2023-07-24T17:40:44","date_gmt":"2023-07-24T17:40:44","guid":{"rendered":"https:\/\/primicias2262.com\/noticias\/?p=102191"},"modified":"2023-07-25T13:58:21","modified_gmt":"2023-07-25T13:58:21","slug":"el-centro-vasco-celebra-san-ignacio-desde-el-venidero-fin-de-semana","status":"publish","type":"post","link":"https:\/\/primicias2262.com\/noticias\/el-centro-vasco-celebra-san-ignacio-desde-el-venidero-fin-de-semana\/","title":{"rendered":"El Centro Vasco celebra San Ignacio desde el venidero fin de semana"},"content":{"rendered":"<p><strong>Se realizar\u00e1 la cena tradicional durante la noche del s\u00e1bado y entre viernes y domingo se llevar\u00e1 a cabo un torneo de pelota paleta para veteranos en el trinquete.<\/strong><\/p>\n<p>Al respecto, la presidenta del Centro Vasco de Necochea, Kitty Zubillaga, pas\u00f3 por los estudios de \u201cVoces de la Ciudad\u201d y en breve nota con el periodista Jorge G\u00f3mez habl\u00f3 sobre el programa de fiestas por San Ignacio, que arranca el fin de semana venidero.<\/p>\n<p>\u201cComo todos los a\u00f1os tenemos la cena de San Ignacio, cocinamos nosotros con nuestros j\u00f3venes, as\u00ed que invitamos a todos los socios que quieran participar, estaremos el s\u00e1bado 29 a partir de las 21.30 comiendo algo rico\u201d, anticip\u00f3, aclarando que \u201csiempre lo hacemos lo m\u00e1s cerquita posible del 31 de julio, que es San Ignacio\u201d.<\/p>\n<p>Para la cena, las tarjetas tienen un valor de 2500 pesos para los socios y 3000 para los no socios. De entrada se ofrecer\u00e1 una empanada, plato principal con bifes a la criolla con papas al horno y de postre, helado. En ese sentido, se aclar\u00f3 que la bebida se cobrar\u00e1 aparte de la tarjeta.<\/p>\n<p>Para venta de entradas y reserva de mesa, se puede ir directamente a la secretar\u00eda del Vasco, en 58 y 65 hasta este viernes 28, durante lunes, mi\u00e9rcoles y viernes de 19 a 21.<\/p>\n<p><a href=\"https:\/\/primicias2262.com\/noticias\/wp-content\/uploads\/2023\/07\/WhatsApp-Image-2023-07-24-at-1.47.28-PM.jpeg\"><img loading=\"lazy\" decoding=\"async\" class=\"aligncenter size-full wp-image-102193\" src=\"https:\/\/primicias2262.com\/noticias\/wp-content\/uploads\/2023\/07\/WhatsApp-Image-2023-07-24-at-1.47.28-PM.jpeg\" alt=\"\" width=\"589\" height=\"825\" srcset=\"https:\/\/primicias2262.com\/noticias\/wp-content\/uploads\/2023\/07\/WhatsApp-Image-2023-07-24-at-1.47.28-PM.jpeg 589w, https:\/\/primicias2262.com\/noticias\/wp-content\/uploads\/2023\/07\/WhatsApp-Image-2023-07-24-at-1.47.28-PM-214x300.jpeg 214w, https:\/\/primicias2262.com\/noticias\/wp-content\/uploads\/2023\/07\/WhatsApp-Image-2023-07-24-at-1.47.28-PM-150x210.jpeg 150w, https:\/\/primicias2262.com\/noticias\/wp-content\/uploads\/2023\/07\/WhatsApp-Image-2023-07-24-at-1.47.28-PM-300x420.jpeg 300w\" sizes=\"auto, (max-width: 589px) 100vw, 589px\" \/><\/a><\/p>\n<p><strong>En simult\u00e1neo a ello, del viernes 28 al domingo 30 habr\u00e1 un torneo Patag\u00f3nico de veteranos de pelota paleta en el trinquete. \u201cVienen unos 70 jugadores y estar\u00e1n compartiendo la cena del s\u00e1bado con nosotros\u201d, se\u00f1al\u00f3 Zubillaga.<\/strong><\/p>\n<p>En tanto, el lunes 31 ser\u00e1 el alegre despertar, habr\u00e1 saludo a las autoridades, colocaci\u00f3n de ofrendas florales a los monumentos de Mariano Necochea y \u00c1ngel Murga y al reto\u00f1o del \u00c1rbol de Gernika, acerca de lo que adelant\u00f3 que \u201cle pedimos al Intendente para que nos acompa\u00f1e a depositar las ofrendas\u201d.<\/p>\n<p>Para m\u00e1s adelante, Zubillaga inform\u00f3 que \u201cel 4 de agosto contin\u00faan las celebraciones con la Fiesta de Aitonak y Amonak para abuelos y abuelas, que se trata de una merienda y luego sopa de ajo a la beto\u00f1o, se junta toda la comunidad y se baila, y para los que quedan se hace siempre una sopa de ajo\u201d.<\/p>\n<p><a href=\"https:\/\/primicias2262.com\/noticias\/wp-content\/uploads\/2023\/07\/WhatsApp-Image-2023-07-24-at-1.47.14-PM.jpeg\"><img loading=\"lazy\" decoding=\"async\" class=\"aligncenter size-full wp-image-102192\" src=\"https:\/\/primicias2262.com\/noticias\/wp-content\/uploads\/2023\/07\/WhatsApp-Image-2023-07-24-at-1.47.14-PM.jpeg\" alt=\"\" width=\"488\" height=\"867\" srcset=\"https:\/\/primicias2262.com\/noticias\/wp-content\/uploads\/2023\/07\/WhatsApp-Image-2023-07-24-at-1.47.14-PM.jpeg 488w, https:\/\/primicias2262.com\/noticias\/wp-content\/uploads\/2023\/07\/WhatsApp-Image-2023-07-24-at-1.47.14-PM-169x300.jpeg 169w, https:\/\/primicias2262.com\/noticias\/wp-content\/uploads\/2023\/07\/WhatsApp-Image-2023-07-24-at-1.47.14-PM-150x266.jpeg 150w, https:\/\/primicias2262.com\/noticias\/wp-content\/uploads\/2023\/07\/WhatsApp-Image-2023-07-24-at-1.47.14-PM-300x533.jpeg 300w\" sizes=\"auto, (max-width: 488px) 100vw, 488px\" \/><\/a><\/p>\n<p>Finalmente, el 8 de septiembre se realizar\u00e1 una velada art\u00edstica por el D\u00eda de la Di\u00e1spora: \u201cEl gobierno vasco instaur\u00f3 este d\u00eda, el 8 de septiembre como el D\u00eda de la Di\u00e1spora, de todos los vascos del resto mundo\u201d, concluy\u00f3 Zubillaga, palpitando a la pasada la organizaci\u00f3n de la Semana Nacional Vasca para noviembre, del 6 al 12.<\/p>\n","protected":false},"excerpt":{"rendered":"<p>Se realizar\u00e1 la cena tradicional durante la noche del s\u00e1bado y entre viernes y domingo se llevar\u00e1 a cabo un torneo de pelota paleta para veteranos en el trinquete. Al respecto, la presidenta del Centro Vasco de Necochea, Kitty Zubillaga, pas\u00f3 por los estudios de \u201cVoces de la Ciudad\u201d y en breve nota con el [&hellip;]<\/p>\n","protected":false},"author":3,"featured_media":102194,"comment_status":"open","ping_status":"open","sticky":false,"template":"","format":"standard","meta":{"footnotes":""},"categories":[3],"tags":[],"class_list":["post-102191","post","type-post","status-publish","format-standard","has-post-thumbnail","category-masnoticias"],"_links":{"self":[{"href":"https:\/\/primicias2262.com\/noticias\/wp-json\/wp\/v2\/posts\/102191","targetHints":{"allow":["GET"]}}],"collection":[{"href":"https:\/\/primicias2262.com\/noticias\/wp-json\/wp\/v2\/posts"}],"about":[{"href":"https:\/\/primicias2262.com\/noticias\/wp-json\/wp\/v2\/types\/post"}],"author":[{"embeddable":true,"href":"https:\/\/primicias2262.com\/noticias\/wp-json\/wp\/v2\/users\/3"}],"replies":[{"embeddable":true,"href":"https:\/\/primicias2262.com\/noticias\/wp-json\/wp\/v2\/comments?post=102191"}],"version-history":[{"count":2,"href":"https:\/\/primicias2262.com\/noticias\/wp-json\/wp\/v2\/posts\/102191\/revisions"}],"predecessor-version":[{"id":102217,"href":"https:\/\/primicias2262.com\/noticias\/wp-json\/wp\/v2\/posts\/102191\/revisions\/102217"}],"wp:featuredmedia":[{"embeddable":true,"href":"https:\/\/primicias2262.com\/noticias\/wp-json\/wp\/v2\/media\/102194"}],"wp:attachment":[{"href":"https:\/\/primicias2262.com\/noticias\/wp-json\/wp\/v2\/media?parent=102191"}],"wp:term":[{"taxonomy":"category","embeddable":true,"href":"https:\/\/primicias2262.com\/noticias\/wp-json\/wp\/v2\/categories?post=102191"},{"taxonomy":"post_tag","embeddable":true,"href":"https:\/\/primicias2262.com\/noticias\/wp-json\/wp\/v2\/tags?post=102191"}],"curies":[{"name":"wp","href":"https:\/\/api.w.org\/{rel}","templated":true}]}}