{"id":102197,"date":"2023-07-24T18:42:06","date_gmt":"2023-07-24T18:42:06","guid":{"rendered":"https:\/\/primicias2262.com\/noticias\/?p=102197"},"modified":"2023-07-25T14:42:14","modified_gmt":"2023-07-25T14:42:14","slug":"rojas-y-su-equipo-se-pusieron-a-disposicion-de-las-victimas-del-ataque-de-los-patovicas","status":"publish","type":"post","link":"https:\/\/primicias2262.com\/noticias\/rojas-y-su-equipo-se-pusieron-a-disposicion-de-las-victimas-del-ataque-de-los-patovicas\/","title":{"rendered":"Rojas y su equipo se pusieron a disposici\u00f3n de las v\u00edctimas del ataque de los patovicas"},"content":{"rendered":"<p><strong>\u201cLa idea era ponernos a disposici\u00f3n de ellos, escuchar su versi\u00f3n y ayudarlos en el seguimiento de la causa judicial\u201d, sintetiz\u00f3 el secretario de Gobierno, Jorge Mart\u00ednez, luego del encuentro con Hugo Aguilar y su familia.<\/strong><\/p>\n<p>Este lunes al mediod\u00eda el intendente Arturo Rojas se puso a disposici\u00f3n de uno de los vecinos damnificados en la brutal golpiza propinada por el personal de seguridad del boliche \u201cTom Jones\u201d, Hugo Aguilar, y su familia, durante un encuentro mantenido en el Centro Operativo de Monitoreo.<\/p>\n<p>De la reuni\u00f3n formaron parte tambi\u00e9n el secretario de Gobierno Jorge Mart\u00ednez; y el presidente del Concejo Deliberante, Guillermo S\u00e1nchez, se\u00f1alando el primero de ellos que \u201cla idea era ponernos a disposici\u00f3n de Hugo y su familia y escuchar su versi\u00f3n de lo que hab\u00eda pasado respecto a la agresi\u00f3n que sufri\u00f3 por parte de los patovicas del boliche \u201cTom Jones\u201d.<\/p>\n<p><a href=\"https:\/\/primicias2262.com\/noticias\/wp-content\/uploads\/2023\/07\/24-07-FOTO-Rojas-Hugo-Aguilar4.jpg\"><img loading=\"lazy\" decoding=\"async\" class=\"aligncenter size-full wp-image-102200\" src=\"https:\/\/primicias2262.com\/noticias\/wp-content\/uploads\/2023\/07\/24-07-FOTO-Rojas-Hugo-Aguilar4.jpg\" alt=\"\" width=\"1398\" height=\"787\" srcset=\"https:\/\/primicias2262.com\/noticias\/wp-content\/uploads\/2023\/07\/24-07-FOTO-Rojas-Hugo-Aguilar4.jpg 1398w, https:\/\/primicias2262.com\/noticias\/wp-content\/uploads\/2023\/07\/24-07-FOTO-Rojas-Hugo-Aguilar4-300x169.jpg 300w, https:\/\/primicias2262.com\/noticias\/wp-content\/uploads\/2023\/07\/24-07-FOTO-Rojas-Hugo-Aguilar4-1024x576.jpg 1024w, https:\/\/primicias2262.com\/noticias\/wp-content\/uploads\/2023\/07\/24-07-FOTO-Rojas-Hugo-Aguilar4-768x432.jpg 768w, https:\/\/primicias2262.com\/noticias\/wp-content\/uploads\/2023\/07\/24-07-FOTO-Rojas-Hugo-Aguilar4-150x84.jpg 150w, https:\/\/primicias2262.com\/noticias\/wp-content\/uploads\/2023\/07\/24-07-FOTO-Rojas-Hugo-Aguilar4-696x392.jpg 696w, https:\/\/primicias2262.com\/noticias\/wp-content\/uploads\/2023\/07\/24-07-FOTO-Rojas-Hugo-Aguilar4-1068x601.jpg 1068w\" sizes=\"auto, (max-width: 1398px) 100vw, 1398px\" \/><\/a>De parte del Ejecutivo, \u201cle comentamos cu\u00e1l fue nuestro accionar, que todas las c\u00e1maras se pusieron a disposici\u00f3n de la Justicia, e incluso hubo funcionarios que estaban ocasionalmente en el lugar y que dieron declaraci\u00f3n testimonial en la causa, as\u00ed que ahora hay que esperar la resoluci\u00f3n de un hecho que ya escapa al \u00e1mbito municipal y pasa a la esfera judicial\u201d, aport\u00f3 Mart\u00ednez.<\/p>\n<p>En tal sentido, se recuerda que esta ma\u00f1ana, la Direcci\u00f3n de Control Urbano que depende de Gobierno, clausur\u00f3 el boliche de 87 y 4, sobre lo que manifest\u00f3 el funcionario que \u201choy se procedi\u00f3 a la clausura por tiempo indefinido hasta que el boliche aporte la documentaci\u00f3n necesaria, y luego ser\u00e1 la jueza de Faltas la que decida el levantamiento o no de la clausura\u201d.<\/p>\n<p>Por lo pronto, el secretario dej\u00f3 bien en claro que \u201cpor supuesto estamos a disposici\u00f3n de Hugo y su familia para dar una ayuda en cuanto al seguimiento de la causa judicial\u201d, acotando que \u201cest\u00e1n preocupados por las secuelas que pueden llegar a quedar por los golpes recibidos, si bien a \u00e9l (Hugo Aguilar) se lo notaba bien de \u00e1nimo, por supuesto que hay consecuencias de los golpes sufridos en la cara y ahora esperan por el resultado de tomograf\u00edas que se realiz\u00f3 para evitar secuelas a futuro\u201d.<\/p>\n<p><a href=\"https:\/\/primicias2262.com\/noticias\/wp-content\/uploads\/2023\/07\/24-07-FOTO-Rojas-Hugo-Aguilar.jpeg\"><img loading=\"lazy\" decoding=\"async\" class=\"aligncenter size-full wp-image-102198\" src=\"https:\/\/primicias2262.com\/noticias\/wp-content\/uploads\/2023\/07\/24-07-FOTO-Rojas-Hugo-Aguilar.jpeg\" alt=\"\" width=\"1600\" height=\"1200\" srcset=\"https:\/\/primicias2262.com\/noticias\/wp-content\/uploads\/2023\/07\/24-07-FOTO-Rojas-Hugo-Aguilar.jpeg 1600w, https:\/\/primicias2262.com\/noticias\/wp-content\/uploads\/2023\/07\/24-07-FOTO-Rojas-Hugo-Aguilar-300x225.jpeg 300w, https:\/\/primicias2262.com\/noticias\/wp-content\/uploads\/2023\/07\/24-07-FOTO-Rojas-Hugo-Aguilar-1024x768.jpeg 1024w, https:\/\/primicias2262.com\/noticias\/wp-content\/uploads\/2023\/07\/24-07-FOTO-Rojas-Hugo-Aguilar-768x576.jpeg 768w, https:\/\/primicias2262.com\/noticias\/wp-content\/uploads\/2023\/07\/24-07-FOTO-Rojas-Hugo-Aguilar-1536x1152.jpeg 1536w, https:\/\/primicias2262.com\/noticias\/wp-content\/uploads\/2023\/07\/24-07-FOTO-Rojas-Hugo-Aguilar-150x113.jpeg 150w, https:\/\/primicias2262.com\/noticias\/wp-content\/uploads\/2023\/07\/24-07-FOTO-Rojas-Hugo-Aguilar-696x522.jpeg 696w, https:\/\/primicias2262.com\/noticias\/wp-content\/uploads\/2023\/07\/24-07-FOTO-Rojas-Hugo-Aguilar-1068x801.jpeg 1068w\" sizes=\"auto, (max-width: 1600px) 100vw, 1600px\" \/><\/a>Finalmente, Mart\u00ednez destac\u00f3 que desde un primer momento desde el Ejecutivo se aport\u00f3 toda la prueba a la Justicia y la secuencia de c\u00f3mo ocurrieron los hechos, no solo en \u201cTom Jones\u201d sino en toda esa zona, habida cuenta de que se realizaban inspecciones y controles de nocturnidad para hacer cumplir los horarios estipulados de cierre de los boliches.<\/p>\n","protected":false},"excerpt":{"rendered":"<p>\u201cLa idea era ponernos a disposici\u00f3n de ellos, escuchar su versi\u00f3n y ayudarlos en el seguimiento de la causa judicial\u201d, sintetiz\u00f3 el secretario de Gobierno, Jorge Mart\u00ednez, luego del encuentro con Hugo Aguilar y su familia. Este lunes al mediod\u00eda el intendente Arturo Rojas se puso a disposici\u00f3n de uno de los vecinos damnificados en [&hellip;]<\/p>\n","protected":false},"author":3,"featured_media":102199,"comment_status":"open","ping_status":"open","sticky":false,"template":"","format":"standard","meta":{"footnotes":""},"categories":[3],"tags":[],"class_list":["post-102197","post","type-post","status-publish","format-standard","has-post-thumbnail","category-masnoticias"],"_links":{"self":[{"href":"https:\/\/primicias2262.com\/noticias\/wp-json\/wp\/v2\/posts\/102197","targetHints":{"allow":["GET"]}}],"collection":[{"href":"https:\/\/primicias2262.com\/noticias\/wp-json\/wp\/v2\/posts"}],"about":[{"href":"https:\/\/primicias2262.com\/noticias\/wp-json\/wp\/v2\/types\/post"}],"author":[{"embeddable":true,"href":"https:\/\/primicias2262.com\/noticias\/wp-json\/wp\/v2\/users\/3"}],"replies":[{"embeddable":true,"href":"https:\/\/primicias2262.com\/noticias\/wp-json\/wp\/v2\/comments?post=102197"}],"version-history":[{"count":2,"href":"https:\/\/primicias2262.com\/noticias\/wp-json\/wp\/v2\/posts\/102197\/revisions"}],"predecessor-version":[{"id":102225,"href":"https:\/\/primicias2262.com\/noticias\/wp-json\/wp\/v2\/posts\/102197\/revisions\/102225"}],"wp:featuredmedia":[{"embeddable":true,"href":"https:\/\/primicias2262.com\/noticias\/wp-json\/wp\/v2\/media\/102199"}],"wp:attachment":[{"href":"https:\/\/primicias2262.com\/noticias\/wp-json\/wp\/v2\/media?parent=102197"}],"wp:term":[{"taxonomy":"category","embeddable":true,"href":"https:\/\/primicias2262.com\/noticias\/wp-json\/wp\/v2\/categories?post=102197"},{"taxonomy":"post_tag","embeddable":true,"href":"https:\/\/primicias2262.com\/noticias\/wp-json\/wp\/v2\/tags?post=102197"}],"curies":[{"name":"wp","href":"https:\/\/api.w.org\/{rel}","templated":true}]}}