{"id":102208,"date":"2023-07-25T13:08:49","date_gmt":"2023-07-25T13:08:49","guid":{"rendered":"https:\/\/primicias2262.com\/noticias\/?p=102208"},"modified":"2023-07-26T17:05:02","modified_gmt":"2023-07-26T17:05:02","slug":"el-radicalismo-no-es-un-nombre-ni-una-persona-es-una-forma-de-hacer-politica","status":"publish","type":"post","link":"https:\/\/primicias2262.com\/noticias\/el-radicalismo-no-es-un-nombre-ni-una-persona-es-una-forma-de-hacer-politica\/","title":{"rendered":"\u201cEl radicalismo no es un nombre ni una persona, es una forma de hacer pol\u00edtica\u201d"},"content":{"rendered":"<p><strong>Dolores Souto y Rodrigo Irigoyen forman el componente radical en la lista del precandidato a intendente Mart\u00edn Migueles, y ambos pasaron por los estudios de \u201cVoces de la Ciudad\u201d, donde lejos de entrar en disputas con la lista puramente radical que encabeza Dami\u00e1n Unibaso, bregaron por bajar un mensaje conciliador: \u201cLa gente est\u00e1 cansada de que la clase pol\u00edtica se pelee\u201d, aseguraron.<\/strong><\/p>\n<p>En una nota realizada por el periodista Jorge G\u00f3mez, el primero y la segunda de la lista de Migueles en la coalici\u00f3n de Juntos contaron c\u00f3mo vienen transitando la campa\u00f1a previa a las PASO. \u201cEstamos recorriendo la ciudad, venimos en un trayecto bastante acelerado, hemos recorrido Quequ\u00e9n y el interior del distrito, la zona anegada de Necochea, viendo la falta de pavimento y de inversiones, y junto a Mart\u00edn yendo a cada vecino, que es muy importante escucharlos, son ellos los que nos cuentan las problem\u00e1ticas que tienen y las necesidades de la ciudad\u201d, se\u00f1al\u00f3 primeramente Irigoyen.<\/p>\n<p>Conocido por su trabajo social en el Club Villa del Parque, el \u201cChino\u201d acot\u00f3 que \u201cestamos tratando de llegar a cada lugar con el equipo, nosotros sabemos la realidad que hay, pero el vecino necesita decirnos qu\u00e9 es lo que falta, si es cloaca, pavimento, el tema de salud o el tema de seguridad\u2026 siempre falta algo, y nosotros vamos con la agenda y tomamos nota\u201d.<\/p>\n<p><a href=\"https:\/\/primicias2262.com\/noticias\/wp-content\/uploads\/2023\/07\/chino-irigoyen.jpeg\"><img loading=\"lazy\" decoding=\"async\" class=\"aligncenter size-full wp-image-102209\" src=\"https:\/\/primicias2262.com\/noticias\/wp-content\/uploads\/2023\/07\/chino-irigoyen.jpeg\" alt=\"\" width=\"1024\" height=\"768\" srcset=\"https:\/\/primicias2262.com\/noticias\/wp-content\/uploads\/2023\/07\/chino-irigoyen.jpeg 1024w, https:\/\/primicias2262.com\/noticias\/wp-content\/uploads\/2023\/07\/chino-irigoyen-300x225.jpeg 300w, https:\/\/primicias2262.com\/noticias\/wp-content\/uploads\/2023\/07\/chino-irigoyen-768x576.jpeg 768w, https:\/\/primicias2262.com\/noticias\/wp-content\/uploads\/2023\/07\/chino-irigoyen-150x113.jpeg 150w, https:\/\/primicias2262.com\/noticias\/wp-content\/uploads\/2023\/07\/chino-irigoyen-696x522.jpeg 696w\" sizes=\"auto, (max-width: 1024px) 100vw, 1024px\" \/><\/a>Por su parte, Souto destac\u00f3 de Migueles que \u201ctiene una llegada b\u00e1rbara con la gente, es una persona con mucha capacidad de trabajo y ha generado una lista plural y diversa, con gente joven y distinta experiencia, y adem\u00e1s tiene la recepci\u00f3n de la gente\u201d, la cual asegur\u00f3 Dolores, \u201cest\u00e1 muy cansada, con ganas de hablar de lo que le pasa, con ganas de que la clase pol\u00edtica no se pelee m\u00e1s y no d\u00e9 tantas vueltas, no tanto grito y enojo y que empecemos a escuchar lo que nos est\u00e1n pidiendo: unidad, alternativa de fuerza, gente de trabajo y que se comprometa, y en ese sentido lo vemos muy bien a Mart\u00edn\u201d.<\/p>\n<p>Por supuesto que la pregunta de que vienen de las filas del radicalismo no pod\u00eda faltar, y en ese aspecto Souto manifest\u00f3 que \u201cuna parte del radicalismo decidi\u00f3 acompa\u00f1ar una propuesta que a nosotros nos parece que tiene fuerza y es competitiva a nivel local, y adem\u00e1s tenemos la convicci\u00f3n de que Horacio Rodr\u00edguez Larreta va a ser el presidente de los argentinos y Diego Santilli el gobernador de Buenos Aires, queremos ir en esa l\u00ednea, y Gerardo Morales va a ser nuestro vicepresidente\u201d.<\/p>\n<p>Por ende, dej\u00f3 en claro que \u201cel radicalismo no es un nombre ni una persona, es una forma de hacer pol\u00edtica y nosotros la estamos haciendo junto a Mart\u00edn Migueles\u2026 pudo haber sido con otro candidato pero la idea es hacer una coalici\u00f3n fuerte de distintos partidos pol\u00edticos y escuchamos lo que la gente quiere, que es que nos unamos para construir una alternativa\u201d.<\/p>\n<p>Por su parte, Irigoyen agreg\u00f3 que \u201cllevamos una propuesta nueva y enriquecedora, no podemos estar pele\u00e1ndonos, tenemos que estar con la gente y trabajar en equipo, y por eso tenemos que ganar estas PASO, es una lista que est\u00e1 conformada para trabajar en conjunto, y eso es lo m\u00e1s importante\u201d.<\/p>\n<p>Para concluir, se\u00f1alaron casi en simult\u00e1neo que \u201ctenemos hijos y familia, pero tenemos compromiso y ganas, por eso hay que involucrarse, y si no nos involucramos las cosas no se transforman\u201d.<\/p>\n","protected":false},"excerpt":{"rendered":"<p>Dolores Souto y Rodrigo Irigoyen forman el componente radical en la lista del precandidato a intendente Mart\u00edn Migueles, y ambos pasaron por los estudios de \u201cVoces de la Ciudad\u201d, donde lejos de entrar en disputas con la lista puramente radical que encabeza Dami\u00e1n Unibaso, bregaron por bajar un mensaje conciliador: \u201cLa gente est\u00e1 cansada de [&hellip;]<\/p>\n","protected":false},"author":3,"featured_media":102210,"comment_status":"open","ping_status":"open","sticky":false,"template":"","format":"standard","meta":{"footnotes":""},"categories":[3],"tags":[],"class_list":["post-102208","post","type-post","status-publish","format-standard","has-post-thumbnail","category-masnoticias"],"_links":{"self":[{"href":"https:\/\/primicias2262.com\/noticias\/wp-json\/wp\/v2\/posts\/102208","targetHints":{"allow":["GET"]}}],"collection":[{"href":"https:\/\/primicias2262.com\/noticias\/wp-json\/wp\/v2\/posts"}],"about":[{"href":"https:\/\/primicias2262.com\/noticias\/wp-json\/wp\/v2\/types\/post"}],"author":[{"embeddable":true,"href":"https:\/\/primicias2262.com\/noticias\/wp-json\/wp\/v2\/users\/3"}],"replies":[{"embeddable":true,"href":"https:\/\/primicias2262.com\/noticias\/wp-json\/wp\/v2\/comments?post=102208"}],"version-history":[{"count":1,"href":"https:\/\/primicias2262.com\/noticias\/wp-json\/wp\/v2\/posts\/102208\/revisions"}],"predecessor-version":[{"id":102211,"href":"https:\/\/primicias2262.com\/noticias\/wp-json\/wp\/v2\/posts\/102208\/revisions\/102211"}],"wp:featuredmedia":[{"embeddable":true,"href":"https:\/\/primicias2262.com\/noticias\/wp-json\/wp\/v2\/media\/102210"}],"wp:attachment":[{"href":"https:\/\/primicias2262.com\/noticias\/wp-json\/wp\/v2\/media?parent=102208"}],"wp:term":[{"taxonomy":"category","embeddable":true,"href":"https:\/\/primicias2262.com\/noticias\/wp-json\/wp\/v2\/categories?post=102208"},{"taxonomy":"post_tag","embeddable":true,"href":"https:\/\/primicias2262.com\/noticias\/wp-json\/wp\/v2\/tags?post=102208"}],"curies":[{"name":"wp","href":"https:\/\/api.w.org\/{rel}","templated":true}]}}