{"id":102213,"date":"2023-07-25T13:58:04","date_gmt":"2023-07-25T13:58:04","guid":{"rendered":"https:\/\/primicias2262.com\/noticias\/?p=102213"},"modified":"2023-07-26T14:26:57","modified_gmt":"2023-07-26T14:26:57","slug":"indagatoria-a-patovicas-mi-tarea-es-buscar-una-prueba-y-avanzar-en-la-elevacion-de-la-causa-a-juicio","status":"publish","type":"post","link":"https:\/\/primicias2262.com\/noticias\/indagatoria-a-patovicas-mi-tarea-es-buscar-una-prueba-y-avanzar-en-la-elevacion-de-la-causa-a-juicio\/","title":{"rendered":"Indagatoria a patovicas: \u201cMi tarea es buscar una prueba y avanzar en la elevaci\u00f3n de la causa a juicio\u201d"},"content":{"rendered":"<p><strong>As\u00ed lo destac\u00f3 en \u201cVoces de la Ciudad\u201d el fiscal del Departamento Judicial de Necochea, Guillermo Sabatini, momentos previos a interrogar este martes a los tres guardias de seguridad agresores de Tom Jones. \u201cSolicitamos la detenci\u00f3n de los tres individuos y el juez acompa\u00f1\u00f3 nuestra petici\u00f3n\u201d, se\u00f1al\u00f3 en di\u00e1logo con el periodista Jorge G\u00f3mez.<\/strong><\/p>\n<p>Ante la consulta del caso que fue tapa de medios nacionales, Sabatini se\u00f1al\u00f3 cronol\u00f3gicamente que \u201cayer hicimos una presentaci\u00f3n en el Juzgado de Garant\u00edas N\u00ba 1 y solicitamos la detenci\u00f3n de estos tres individuos que trabajan como seguridad en Tom Jones, el juez acompa\u00f1\u00f3 nuestra petici\u00f3n y orden\u00f3 la detenci\u00f3n de estas tres personas, y en horas de la tarde el personal policial los detuvo\u201d.<\/p>\n<p>No obstante, aclar\u00f3 que antes que ello, \u201clas actuaciones comenzaron de oficio porque primeramente no hab\u00eda denuncia, nosotros tomamos conocimiento de esta situaci\u00f3n el domingo por la ma\u00f1ana y comenz\u00f3 la actuaci\u00f3n policial y judicial de oficio, y ya en el transcurso de la tarde del domingo se identifica a la persona v\u00edctima del hecho (Hugo Aguilar e hijo), se las convoca y realizan su denuncia, y ah\u00ed s\u00ed tom\u00f3 forma la actuaci\u00f3n definitiva\u201d.<\/p>\n<p>En cuanto a la car\u00e1tula del caso, Sabatini aclar\u00f3 que \u201cpor los informes m\u00e9dicos que tenemos al d\u00eda de hoy por Hugo Aguilar, son lesiones leves que no incapacitan a una persona por m\u00e1s de 30 d\u00edas para realizar sus tareas, pero en este caso son agravadas porque es por el concurso premeditado de dos o m\u00e1s personas, lo cual agrava la situaci\u00f3n y es lo que nos ha permitido a nosotros solicitar la detenci\u00f3n al Juez de Garant\u00edas, y \u00e9ste a su vez acompa\u00f1ar el pedido\u201d.<\/p>\n<p>No obstante, el fiscal avis\u00f3 que \u201ccabe aclarar que es una car\u00e1tula provisoria, nosotros sabemos que estamos en una etapa de la investigaci\u00f3n preliminar del suceso, as\u00ed que las car\u00e1tulas despu\u00e9s se pueden modificar de acuerdo a los elementos de prueba nuevos que se puedan incorporar\u2026 hay que dejarlo bien aclarado\u201d.<\/p>\n<p>Respecto a si se llevar\u00e1n por im\u00e1genes de monitoreo suministradas por el COM municipal, Sabatini se\u00f1al\u00f3 que \u201chay un domo en la esquina y todav\u00eda no lo hemos analizado en profundidad para ingresarlo al expediente, pero contamos con esa informaci\u00f3n, la hemos pedido y estamos en proceso de recibirla, adem\u00e1s de que tenemos c\u00e1maras privadas\u2026 hoy en d\u00eda todo el mundo tiene tel\u00e9fono celular y hemos ido incorporando a la causa\u201d.<\/p>\n<p>Finalmente, el fiscal manifest\u00f3 que lo que se vio \u201cfue una situaci\u00f3n de inusitada y desmedida violencia, y m\u00e1xime trat\u00e1ndose de personas que tienen a su cargo el cuidado de la gente, pero gracias a Dios no pas\u00f3 una situaci\u00f3n mayor\u201d, para concluir que \u201cno quiero hacer un juicio de valor porque mi tarea es simplemente buscar una prueba y avanzar en la elevaci\u00f3n de la causa a juicio, pero evidentemente ha sido una situaci\u00f3n muy triste\u201d.<\/p>\n","protected":false},"excerpt":{"rendered":"<p>As\u00ed lo destac\u00f3 en \u201cVoces de la Ciudad\u201d el fiscal del Departamento Judicial de Necochea, Guillermo Sabatini, momentos previos a interrogar este martes a los tres guardias de seguridad agresores de Tom Jones. \u201cSolicitamos la detenci\u00f3n de los tres individuos y el juez acompa\u00f1\u00f3 nuestra petici\u00f3n\u201d, se\u00f1al\u00f3 en di\u00e1logo con el periodista Jorge G\u00f3mez. Ante [&hellip;]<\/p>\n","protected":false},"author":3,"featured_media":102214,"comment_status":"open","ping_status":"open","sticky":false,"template":"","format":"standard","meta":{"footnotes":""},"categories":[3],"tags":[],"class_list":["post-102213","post","type-post","status-publish","format-standard","has-post-thumbnail","category-masnoticias"],"_links":{"self":[{"href":"https:\/\/primicias2262.com\/noticias\/wp-json\/wp\/v2\/posts\/102213","targetHints":{"allow":["GET"]}}],"collection":[{"href":"https:\/\/primicias2262.com\/noticias\/wp-json\/wp\/v2\/posts"}],"about":[{"href":"https:\/\/primicias2262.com\/noticias\/wp-json\/wp\/v2\/types\/post"}],"author":[{"embeddable":true,"href":"https:\/\/primicias2262.com\/noticias\/wp-json\/wp\/v2\/users\/3"}],"replies":[{"embeddable":true,"href":"https:\/\/primicias2262.com\/noticias\/wp-json\/wp\/v2\/comments?post=102213"}],"version-history":[{"count":3,"href":"https:\/\/primicias2262.com\/noticias\/wp-json\/wp\/v2\/posts\/102213\/revisions"}],"predecessor-version":[{"id":102220,"href":"https:\/\/primicias2262.com\/noticias\/wp-json\/wp\/v2\/posts\/102213\/revisions\/102220"}],"wp:featuredmedia":[{"embeddable":true,"href":"https:\/\/primicias2262.com\/noticias\/wp-json\/wp\/v2\/media\/102214"}],"wp:attachment":[{"href":"https:\/\/primicias2262.com\/noticias\/wp-json\/wp\/v2\/media?parent=102213"}],"wp:term":[{"taxonomy":"category","embeddable":true,"href":"https:\/\/primicias2262.com\/noticias\/wp-json\/wp\/v2\/categories?post=102213"},{"taxonomy":"post_tag","embeddable":true,"href":"https:\/\/primicias2262.com\/noticias\/wp-json\/wp\/v2\/tags?post=102213"}],"curies":[{"name":"wp","href":"https:\/\/api.w.org\/{rel}","templated":true}]}}