{"id":102226,"date":"2023-07-26T10:53:29","date_gmt":"2023-07-26T10:53:29","guid":{"rendered":"https:\/\/primicias2262.com\/noticias\/?p=102226"},"modified":"2023-07-27T13:48:23","modified_gmt":"2023-07-27T13:48:23","slug":"urgara-prepara-un-gran-festejo-para-los-ninos-para-el-26-de-agosto","status":"publish","type":"post","link":"https:\/\/primicias2262.com\/noticias\/urgara-prepara-un-gran-festejo-para-los-ninos-para-el-26-de-agosto\/","title":{"rendered":"URGARA prepara un gran festejo para los ni\u00f1os para el 26 de agosto"},"content":{"rendered":"<p><strong>Se trabaja de manera conjunta entre hombres y mujeres del gremio para hacer un gran festejo para los m\u00e1s chicos, con sede en Necopesca, en 58 y Ruta 86.<\/strong><\/p>\n<p>Agosto es el mes dedicado a la ni\u00f1ez y en ese marco el gremio de la Uni\u00f3n Recibidores de Granos y Anexos (URGARA) se encuentra preparando un gran festejo para el s\u00e1bado 26 en el predio del Necopesca, intersecci\u00f3n de Av. 58 con Ruta 86. Para ello, la comisi\u00f3n directiva de mujeres del gremio tiene una protag\u00f3nica participaci\u00f3n y cuenta con el respaldo de los hombres.<\/p>\n<p>Por ello, el secretario general de URGARA en Necochea, Juan Peralta, visit\u00f3 los estudios de \u201cVoces de la Ciudad\u201d acompa\u00f1ado por las peritas Lorena C\u00e1ceres y Vanesa Flores, quienes en nota con el periodista Jorge G\u00f3mez contaron detalles del evento.<\/p>\n<p>Primeramente, \u201cJuanqui\u201d Peralta destac\u00f3 que \u201ctuvimos una reuni\u00f3n ampliada de comisi\u00f3n directiva, delegados colaboradores y trabajadoras, que nos vinieron a ver para poder realizar el D\u00eda de la Ni\u00f1ez, y enseguida nos pusimos de acuerdo. Vimos las ganas de trabajar que tienen las mujeres del gremio y esto nos infla un poco el pecho, te anima a seguir trabajando en equipo\u201d.<\/p>\n<p>En ese aspecto, Lorena y Vanesa resaltaron que \u201clo positivo es que de la mano de Juan y la comisi\u00f3n, cuando a nosotras se nos ocurri\u00f3 esta idea de poner nuestra visi\u00f3n femenina y trabajar en conjunto, nos escucharon. Somos un grupo de mujeres, todas trabajadoras de URGARA, que conformamos un buen equipo, y que un gremio incluya a la mujer es sumamente importante, ya que los gremios hace muchos a\u00f1os atr\u00e1s eran muy machistas\u201d.<\/p>\n<div id='gallery-1' class='gallery galleryid-102226 gallery-columns-2 gallery-size-medium'><figure class='gallery-item'>\n\t\t\t<div class='gallery-icon landscape'>\n\t\t\t\t<a href='https:\/\/primicias2262.com\/noticias\/urgara-prepara-un-gran-festejo-para-los-ninos-para-el-26-de-agosto\/whatsapp-image-2023-07-26-at-10-53-04-am\/'><img loading=\"lazy\" decoding=\"async\" width=\"300\" height=\"225\" src=\"https:\/\/primicias2262.com\/noticias\/wp-content\/uploads\/2023\/07\/WhatsApp-Image-2023-07-26-at-10.53.04-AM-300x225.jpeg\" class=\"attachment-medium size-medium\" alt=\"\" srcset=\"https:\/\/primicias2262.com\/noticias\/wp-content\/uploads\/2023\/07\/WhatsApp-Image-2023-07-26-at-10.53.04-AM-300x225.jpeg 300w, https:\/\/primicias2262.com\/noticias\/wp-content\/uploads\/2023\/07\/WhatsApp-Image-2023-07-26-at-10.53.04-AM-768x576.jpeg 768w, https:\/\/primicias2262.com\/noticias\/wp-content\/uploads\/2023\/07\/WhatsApp-Image-2023-07-26-at-10.53.04-AM-150x113.jpeg 150w, https:\/\/primicias2262.com\/noticias\/wp-content\/uploads\/2023\/07\/WhatsApp-Image-2023-07-26-at-10.53.04-AM-696x522.jpeg 696w, https:\/\/primicias2262.com\/noticias\/wp-content\/uploads\/2023\/07\/WhatsApp-Image-2023-07-26-at-10.53.04-AM.jpeg 1024w\" sizes=\"auto, (max-width: 300px) 100vw, 300px\" \/><\/a>\n\t\t\t<\/div><\/figure><figure class='gallery-item'>\n\t\t\t<div class='gallery-icon landscape'>\n\t\t\t\t<a href='https:\/\/primicias2262.com\/noticias\/urgara-prepara-un-gran-festejo-para-los-ninos-para-el-26-de-agosto\/whatsapp-image-2023-07-26-at-10-53-03-am\/'><img loading=\"lazy\" decoding=\"async\" width=\"300\" height=\"225\" src=\"https:\/\/primicias2262.com\/noticias\/wp-content\/uploads\/2023\/07\/WhatsApp-Image-2023-07-26-at-10.53.03-AM-300x225.jpeg\" class=\"attachment-medium size-medium\" alt=\"\" srcset=\"https:\/\/primicias2262.com\/noticias\/wp-content\/uploads\/2023\/07\/WhatsApp-Image-2023-07-26-at-10.53.03-AM-300x225.jpeg 300w, https:\/\/primicias2262.com\/noticias\/wp-content\/uploads\/2023\/07\/WhatsApp-Image-2023-07-26-at-10.53.03-AM-768x576.jpeg 768w, https:\/\/primicias2262.com\/noticias\/wp-content\/uploads\/2023\/07\/WhatsApp-Image-2023-07-26-at-10.53.03-AM-150x113.jpeg 150w, https:\/\/primicias2262.com\/noticias\/wp-content\/uploads\/2023\/07\/WhatsApp-Image-2023-07-26-at-10.53.03-AM-696x522.jpeg 696w, https:\/\/primicias2262.com\/noticias\/wp-content\/uploads\/2023\/07\/WhatsApp-Image-2023-07-26-at-10.53.03-AM.jpeg 1024w\" sizes=\"auto, (max-width: 300px) 100vw, 300px\" \/><\/a>\n\t\t\t<\/div><\/figure>\n\t\t<\/div>\n\n<p>Seguidamente, informaron que el festejo del 26 de agosto en Necopesca va a ser de 14 a 17, lo organiza URGARA y est\u00e1n invitados todos los hijos de los afiliados, hasta 12 a\u00f1os. \u201cHabr\u00e1 diferentes tipos de juegos, sorteos, kermesse, maquillaje, inflables y una merienda\u2026 todo un evento dirigido a los nenes, aunque se puede ir con la familia porque el Necopesca es un lugar maravilloso\u201d, invitaron, aclarando que pueden pasar a anunciarse para el festejo en la sede de URGARA, en calle 50 n\u00ba 2818.<\/p>\n","protected":false},"excerpt":{"rendered":"<p>Se trabaja de manera conjunta entre hombres y mujeres del gremio para hacer un gran festejo para los m\u00e1s chicos, con sede en Necopesca, en 58 y Ruta 86. Agosto es el mes dedicado a la ni\u00f1ez y en ese marco el gremio de la Uni\u00f3n Recibidores de Granos y Anexos (URGARA) se encuentra preparando [&hellip;]<\/p>\n","protected":false},"author":3,"featured_media":102270,"comment_status":"open","ping_status":"open","sticky":false,"template":"","format":"standard","meta":{"footnotes":""},"categories":[3],"tags":[],"class_list":["post-102226","post","type-post","status-publish","format-standard","has-post-thumbnail","category-masnoticias"],"_links":{"self":[{"href":"https:\/\/primicias2262.com\/noticias\/wp-json\/wp\/v2\/posts\/102226","targetHints":{"allow":["GET"]}}],"collection":[{"href":"https:\/\/primicias2262.com\/noticias\/wp-json\/wp\/v2\/posts"}],"about":[{"href":"https:\/\/primicias2262.com\/noticias\/wp-json\/wp\/v2\/types\/post"}],"author":[{"embeddable":true,"href":"https:\/\/primicias2262.com\/noticias\/wp-json\/wp\/v2\/users\/3"}],"replies":[{"embeddable":true,"href":"https:\/\/primicias2262.com\/noticias\/wp-json\/wp\/v2\/comments?post=102226"}],"version-history":[{"count":3,"href":"https:\/\/primicias2262.com\/noticias\/wp-json\/wp\/v2\/posts\/102226\/revisions"}],"predecessor-version":[{"id":102262,"href":"https:\/\/primicias2262.com\/noticias\/wp-json\/wp\/v2\/posts\/102226\/revisions\/102262"}],"wp:featuredmedia":[{"embeddable":true,"href":"https:\/\/primicias2262.com\/noticias\/wp-json\/wp\/v2\/media\/102270"}],"wp:attachment":[{"href":"https:\/\/primicias2262.com\/noticias\/wp-json\/wp\/v2\/media?parent=102226"}],"wp:term":[{"taxonomy":"category","embeddable":true,"href":"https:\/\/primicias2262.com\/noticias\/wp-json\/wp\/v2\/categories?post=102226"},{"taxonomy":"post_tag","embeddable":true,"href":"https:\/\/primicias2262.com\/noticias\/wp-json\/wp\/v2\/tags?post=102226"}],"curies":[{"name":"wp","href":"https:\/\/api.w.org\/{rel}","templated":true}]}}