{"id":102228,"date":"2023-07-25T15:04:23","date_gmt":"2023-07-25T15:04:23","guid":{"rendered":"https:\/\/primicias2262.com\/noticias\/?p=102228"},"modified":"2023-07-26T11:59:33","modified_gmt":"2023-07-26T11:59:33","slug":"los-tres-guardias-detenidos-de-tom-jones-se-negaron-a-declarar","status":"publish","type":"post","link":"https:\/\/primicias2262.com\/noticias\/los-tres-guardias-detenidos-de-tom-jones-se-negaron-a-declarar\/","title":{"rendered":"Los tres guardias detenidos de \u201cTom Jones\u201d se negaron a declarar"},"content":{"rendered":"<p><strong>As\u00ed lo anticip\u00f3 este martes al mediod\u00eda el fiscal de la causa, Guillermo Sabatini, en referencia a los trabajadores del boliche, C\u00e9sar Mart\u00ednez, Alan Pirrota y Gonzalo Rold\u00e1n.<\/strong><\/p>\n<p>\u201cEn atenci\u00f3n al c\u00famulo de trabajo que continuamos desarrollando en esta causa, como en el resto de las causas bajo nuestra responsabilidad, se informa lo siguiente: Se recibieron en el d\u00eda de hoy las declaraciones indagatorias a los 3 detenidos Sres. Pirrota, Mart\u00ednez y Roldan. Se negaron a declarar\u201d, confirm\u00f3 el profesional, a lo que agreg\u00f3 que \u201cestuvieron asesorados y acompa\u00f1ados por el Dr. Hern\u00e1n Trigo, abogado de la matricula local\u201d.<\/p>\n<p>En tanto, acot\u00f3 finalmente Sabatini \u00a0en referencia a los tres patovicas que \u201ccontin\u00faan detenidos. La caratula es provisoria y preliminar en esta etapa del proceso. Sujeta a cambios y\/o modificaciones\u201d.<\/p>\n<p><a href=\"https:\/\/primicias2262.com\/noticias\/wp-content\/uploads\/2023\/07\/patova1.jpg\"><img loading=\"lazy\" decoding=\"async\" class=\"aligncenter size-full wp-image-102229\" src=\"https:\/\/primicias2262.com\/noticias\/wp-content\/uploads\/2023\/07\/patova1.jpg\" alt=\"\" width=\"720\" height=\"599\" srcset=\"https:\/\/primicias2262.com\/noticias\/wp-content\/uploads\/2023\/07\/patova1.jpg 720w, https:\/\/primicias2262.com\/noticias\/wp-content\/uploads\/2023\/07\/patova1-300x250.jpg 300w, https:\/\/primicias2262.com\/noticias\/wp-content\/uploads\/2023\/07\/patova1-150x125.jpg 150w, https:\/\/primicias2262.com\/noticias\/wp-content\/uploads\/2023\/07\/patova1-696x579.jpg 696w\" sizes=\"auto, (max-width: 720px) 100vw, 720px\" \/><\/a><\/p>\n<p><a href=\"https:\/\/primicias2262.com\/noticias\/wp-content\/uploads\/2023\/07\/patova2.webp\"><img loading=\"lazy\" decoding=\"async\" class=\"aligncenter size-full wp-image-102230\" src=\"https:\/\/primicias2262.com\/noticias\/wp-content\/uploads\/2023\/07\/patova2.webp\" alt=\"\" width=\"696\" height=\"953\" srcset=\"https:\/\/primicias2262.com\/noticias\/wp-content\/uploads\/2023\/07\/patova2.webp 696w, https:\/\/primicias2262.com\/noticias\/wp-content\/uploads\/2023\/07\/patova2-219x300.webp 219w, https:\/\/primicias2262.com\/noticias\/wp-content\/uploads\/2023\/07\/patova2-150x205.webp 150w, https:\/\/primicias2262.com\/noticias\/wp-content\/uploads\/2023\/07\/patova2-300x411.webp 300w\" sizes=\"auto, (max-width: 696px) 100vw, 696px\" \/><\/a>Anteriormente, en \u00abVoces de la Ciudad\u00bb, <a href=\"https:\/\/primicias2262.com\/noticias\/indagatoria-a-patovicas-mi-tarea-es-buscar-una-prueba-y-avanzar-en-la-elevacion-de-la-causa-a-juicio\/\" target=\"_blank\" rel=\"noopener\"><strong>el fiscal Sabatini<\/strong><\/a> hab\u00eda se\u00f1alado los pasos a llevar adelante en la causa.<\/p>\n","protected":false},"excerpt":{"rendered":"<p>As\u00ed lo anticip\u00f3 este martes al mediod\u00eda el fiscal de la causa, Guillermo Sabatini, en referencia a los trabajadores del boliche, C\u00e9sar Mart\u00ednez, Alan Pirrota y Gonzalo Rold\u00e1n. \u201cEn atenci\u00f3n al c\u00famulo de trabajo que continuamos desarrollando en esta causa, como en el resto de las causas bajo nuestra responsabilidad, se informa lo siguiente: Se [&hellip;]<\/p>\n","protected":false},"author":3,"featured_media":102240,"comment_status":"open","ping_status":"open","sticky":false,"template":"","format":"standard","meta":{"footnotes":""},"categories":[3],"tags":[],"class_list":["post-102228","post","type-post","status-publish","format-standard","has-post-thumbnail","category-masnoticias"],"_links":{"self":[{"href":"https:\/\/primicias2262.com\/noticias\/wp-json\/wp\/v2\/posts\/102228","targetHints":{"allow":["GET"]}}],"collection":[{"href":"https:\/\/primicias2262.com\/noticias\/wp-json\/wp\/v2\/posts"}],"about":[{"href":"https:\/\/primicias2262.com\/noticias\/wp-json\/wp\/v2\/types\/post"}],"author":[{"embeddable":true,"href":"https:\/\/primicias2262.com\/noticias\/wp-json\/wp\/v2\/users\/3"}],"replies":[{"embeddable":true,"href":"https:\/\/primicias2262.com\/noticias\/wp-json\/wp\/v2\/comments?post=102228"}],"version-history":[{"count":6,"href":"https:\/\/primicias2262.com\/noticias\/wp-json\/wp\/v2\/posts\/102228\/revisions"}],"predecessor-version":[{"id":102233,"href":"https:\/\/primicias2262.com\/noticias\/wp-json\/wp\/v2\/posts\/102228\/revisions\/102233"}],"wp:featuredmedia":[{"embeddable":true,"href":"https:\/\/primicias2262.com\/noticias\/wp-json\/wp\/v2\/media\/102240"}],"wp:attachment":[{"href":"https:\/\/primicias2262.com\/noticias\/wp-json\/wp\/v2\/media?parent=102228"}],"wp:term":[{"taxonomy":"category","embeddable":true,"href":"https:\/\/primicias2262.com\/noticias\/wp-json\/wp\/v2\/categories?post=102228"},{"taxonomy":"post_tag","embeddable":true,"href":"https:\/\/primicias2262.com\/noticias\/wp-json\/wp\/v2\/tags?post=102228"}],"curies":[{"name":"wp","href":"https:\/\/api.w.org\/{rel}","templated":true}]}}