{"id":102246,"date":"2023-07-25T15:57:57","date_gmt":"2023-07-25T15:57:57","guid":{"rendered":"https:\/\/primicias2262.com\/noticias\/?p=102246"},"modified":"2023-07-25T15:57:57","modified_gmt":"2023-07-25T15:57:57","slug":"patricia-bullrich-en-modo-2001-propone-blindaje-y-mas-deuda-con-el-fmi","status":"publish","type":"post","link":"https:\/\/primicias2262.com\/noticias\/patricia-bullrich-en-modo-2001-propone-blindaje-y-mas-deuda-con-el-fmi\/","title":{"rendered":"Patricia Bullrich en modo 2001: propone blindaje y m\u00e1s deuda con el FMI"},"content":{"rendered":"<div class=\"col 2-col\">\n<div class=\"article-main-content article-text \">\n<p><b> Patricia Bullrich<\/b>, precandidata presidencial por Juntos por el Cambio, volvi\u00f3 a prometer que una de las primeras cosas que har\u00e1 si es electa ser\u00e1 \u00ablevantar el cepo lo m\u00e1s r\u00e1pido posible\u00bb y para eso propuso<b> \u00abun nuevo acuerdo con el Fondo Monetario Internacional (FMI)\u00bb con el prop\u00f3sito de \u00abblindar de d\u00f3lares\u00bb a la econom\u00eda argentina.<\/b><\/p>\n<p><b>Bullrich ya hab\u00eda hablado de \u00abblindaje\u00bb este lunes por la ma\u00f1ana en\u00a0su discurso en la Exposici\u00f3n Rural<\/b> y por la noche lo reiter\u00f3 en declaraciones a La Naci\u00f3n+. \u00abNuestro objetivo es que, bajo un nuevo acuerdo con el FMI, podamos blindarnos. Vamos a terminar con el cepo y abrirlo lo antes posible\u00bb, afirm\u00f3.<\/p>\n<p><b>Las palabras de la precandidata de JxC recuerdan a las medidas del expresidente Fernando De la R\u00faa, de quien Bullrich fue ministra de Trabajo<\/b>. De la R\u00faa suscribi\u00f3 el 28 de enero 2000 un acuerdo con el FMI para obtener un desembolso de 7400 millones de d\u00f3lares al que titul\u00f3 \u00abBlindaje\u00bb. A pesar de ese megapr\u00e9stamo, el gobierno de la Alianza no logr\u00f3 contener la fuga de capitales y la crisis que desemboc\u00f3 en el estallido social de diciembre de 2001.<\/p>\n<h2>Bullrich vs. Larreta por los controles de cambios<\/h2>\n<p>Con sus declaraciones, <b>Bullrich tambi\u00e9n intent\u00f3 diferenciarse de su rival en la interna opositora,\u00a0Horacio Rodr\u00edguez Larreta<\/b>, quien a primera hora en la Exposici\u00f3n Rural hab\u00eda afirmado que \u00abno es serio\u00bb quien dice que va a unificar los tipos de cambio \u00abel primer d\u00eda\u00bb.<\/p>\n<p>\u00abEn este \u00faltimo a\u00f1o, esas restricciones se llevaron 18.000 millones de d\u00f3lares. Es como un &#8216;pacman&#8217;, que se alimenta con d\u00f3lares y m\u00e1s d\u00f3lares\u00bb, respondi\u00f3 la exministra de Seguridad de Macri. Y\u00a0sostuvo: <b>\u00abAbrir el cepo lo m\u00e1s r\u00e1pido posible es poner las cosas en orden\u00bb.<\/b><\/p>\n<h2>Contra los planes sociales<\/h2>\n<p>En las declaraciones que formul\u00f3 anoche, <b>la precandidata presidencial de Juntos por el Cambio reiter\u00f3 su postura en relaci\u00f3n a los planes sociales<\/b> al se\u00f1alar que, en un eventual gobierno a su cargo, \u00abvan a durar un tiempo y van a tener un t\u00e9rmino\u00bb.<\/p>\n<p>\u00abLe vamos a hablar a la gente sin intermediarios, y la Argentina en cuatro a\u00f1os va a estar toda trabajando. <b>A quien quiera adaptarse, le vamos a dar posibilidades y capacitaci\u00f3n. Y quien no, tendr\u00e1 sus consecuencias. <\/b>No puede ser que la gente que trabaja tenga que seguir pagando a aquellos que no quiere adaptarse a un sistema laboral\u00bb, sostuvo la exministra de Mauricio Macri y de Fernando de la R\u00faa.<\/p>\n<\/div>\n<\/div>\n","protected":false},"excerpt":{"rendered":"<p>Patricia Bullrich, precandidata presidencial por Juntos por el Cambio, volvi\u00f3 a prometer que una de las primeras cosas que har\u00e1 si es electa ser\u00e1 \u00ablevantar el cepo lo m\u00e1s r\u00e1pido posible\u00bb y para eso propuso \u00abun nuevo acuerdo con el Fondo Monetario Internacional (FMI)\u00bb con el prop\u00f3sito de \u00abblindar de d\u00f3lares\u00bb a la econom\u00eda argentina. [&hellip;]<\/p>\n","protected":false},"author":3,"featured_media":102247,"comment_status":"open","ping_status":"open","sticky":false,"template":"","format":"standard","meta":{"footnotes":""},"categories":[7],"tags":[],"class_list":{"0":"post-102246","1":"post","2":"type-post","3":"status-publish","4":"format-standard","5":"has-post-thumbnail","7":"category-nac"},"_links":{"self":[{"href":"https:\/\/primicias2262.com\/noticias\/wp-json\/wp\/v2\/posts\/102246","targetHints":{"allow":["GET"]}}],"collection":[{"href":"https:\/\/primicias2262.com\/noticias\/wp-json\/wp\/v2\/posts"}],"about":[{"href":"https:\/\/primicias2262.com\/noticias\/wp-json\/wp\/v2\/types\/post"}],"author":[{"embeddable":true,"href":"https:\/\/primicias2262.com\/noticias\/wp-json\/wp\/v2\/users\/3"}],"replies":[{"embeddable":true,"href":"https:\/\/primicias2262.com\/noticias\/wp-json\/wp\/v2\/comments?post=102246"}],"version-history":[{"count":1,"href":"https:\/\/primicias2262.com\/noticias\/wp-json\/wp\/v2\/posts\/102246\/revisions"}],"predecessor-version":[{"id":102248,"href":"https:\/\/primicias2262.com\/noticias\/wp-json\/wp\/v2\/posts\/102246\/revisions\/102248"}],"wp:featuredmedia":[{"embeddable":true,"href":"https:\/\/primicias2262.com\/noticias\/wp-json\/wp\/v2\/media\/102247"}],"wp:attachment":[{"href":"https:\/\/primicias2262.com\/noticias\/wp-json\/wp\/v2\/media?parent=102246"}],"wp:term":[{"taxonomy":"category","embeddable":true,"href":"https:\/\/primicias2262.com\/noticias\/wp-json\/wp\/v2\/categories?post=102246"},{"taxonomy":"post_tag","embeddable":true,"href":"https:\/\/primicias2262.com\/noticias\/wp-json\/wp\/v2\/tags?post=102246"}],"curies":[{"name":"wp","href":"https:\/\/api.w.org\/{rel}","templated":true}]}}