{"id":102274,"date":"2023-07-26T14:28:53","date_gmt":"2023-07-26T14:28:53","guid":{"rendered":"https:\/\/primicias2262.com\/noticias\/?p=102274"},"modified":"2023-07-26T14:28:53","modified_gmt":"2023-07-26T14:28:53","slug":"nuevo-aumento-para-el-servicio-domestico-de-cuanto-seran-los-salarios","status":"publish","type":"post","link":"https:\/\/primicias2262.com\/noticias\/nuevo-aumento-para-el-servicio-domestico-de-cuanto-seran-los-salarios\/","title":{"rendered":"Nuevo aumento para el servicio dom\u00e9stico: de cu\u00e1nto ser\u00e1n los salarios"},"content":{"rendered":"<div class=\"col-12 col-sm-9\">\n<div class=\"nota_content mt-30\">\n<p>La Comisi\u00f3n Nacional de Trabajo de Casas Particulares celebr\u00f3 hoy un n<strong>uevo acuerdo salarial con el Gobierno<\/strong>, por lo que la nueva escala otorga <strong>un incremento del 36 por ciento<\/strong> para el trimestre comprendido entre julio-septiembre.<\/p>\n<p>El convenio se estableci\u00f3 luego de una revisi\u00f3n para evaluar el impacto de la inflaci\u00f3n en <strong>la remuneraci\u00f3n que reciben las y los empleados de casas particulares.<\/strong><\/p>\n<p>De esta manera, <strong>el aumento salarial se divide en tres tramos<\/strong>: en <strong>julio<\/strong> los trabajadores de casas particulares recibir\u00e1n un incremento del 20 por ciento, 8 por ciento en <strong>agosto<\/strong> y 8 por ciento en <strong>septiembre<\/strong>. Esto, a su vez, tendr\u00e1 efecto en los aportes y las contribuciones que debe abonar la parte empleadora.<\/p>\n<p>Los incrementos correspondientes a julio se reflejar\u00e1n en los pagos de agosto, cuyo vencimiento est\u00e1 previsto a partir del d\u00eda 10 del pr\u00f3ximo mes.<\/p>\n<p>Este aumento se adiciona al 27 por ciento que determin\u00f3 la Comisi\u00f3n Nacional de Trabajo en Casas Particulares, para el trimestre anterior y toma como referencia la \u00faltima suba del Salario M\u00ednimo, Vital y M\u00f3vil (SMVM) del 34 por ciento.<\/p>\n<\/div>\n<\/div>\n","protected":false},"excerpt":{"rendered":"<p>La Comisi\u00f3n Nacional de Trabajo de Casas Particulares celebr\u00f3 hoy un nuevo acuerdo salarial con el Gobierno, por lo que la nueva escala otorga un incremento del 36 por ciento para el trimestre comprendido entre julio-septiembre. El convenio se estableci\u00f3 luego de una revisi\u00f3n para evaluar el impacto de la inflaci\u00f3n en la remuneraci\u00f3n que [&hellip;]<\/p>\n","protected":false},"author":3,"featured_media":102275,"comment_status":"open","ping_status":"open","sticky":false,"template":"","format":"standard","meta":{"footnotes":""},"categories":[7],"tags":[],"class_list":{"0":"post-102274","1":"post","2":"type-post","3":"status-publish","4":"format-standard","5":"has-post-thumbnail","7":"category-nac"},"_links":{"self":[{"href":"https:\/\/primicias2262.com\/noticias\/wp-json\/wp\/v2\/posts\/102274","targetHints":{"allow":["GET"]}}],"collection":[{"href":"https:\/\/primicias2262.com\/noticias\/wp-json\/wp\/v2\/posts"}],"about":[{"href":"https:\/\/primicias2262.com\/noticias\/wp-json\/wp\/v2\/types\/post"}],"author":[{"embeddable":true,"href":"https:\/\/primicias2262.com\/noticias\/wp-json\/wp\/v2\/users\/3"}],"replies":[{"embeddable":true,"href":"https:\/\/primicias2262.com\/noticias\/wp-json\/wp\/v2\/comments?post=102274"}],"version-history":[{"count":1,"href":"https:\/\/primicias2262.com\/noticias\/wp-json\/wp\/v2\/posts\/102274\/revisions"}],"predecessor-version":[{"id":102276,"href":"https:\/\/primicias2262.com\/noticias\/wp-json\/wp\/v2\/posts\/102274\/revisions\/102276"}],"wp:featuredmedia":[{"embeddable":true,"href":"https:\/\/primicias2262.com\/noticias\/wp-json\/wp\/v2\/media\/102275"}],"wp:attachment":[{"href":"https:\/\/primicias2262.com\/noticias\/wp-json\/wp\/v2\/media?parent=102274"}],"wp:term":[{"taxonomy":"category","embeddable":true,"href":"https:\/\/primicias2262.com\/noticias\/wp-json\/wp\/v2\/categories?post=102274"},{"taxonomy":"post_tag","embeddable":true,"href":"https:\/\/primicias2262.com\/noticias\/wp-json\/wp\/v2\/tags?post=102274"}],"curies":[{"name":"wp","href":"https:\/\/api.w.org\/{rel}","templated":true}]}}