{"id":102277,"date":"2023-07-26T14:30:22","date_gmt":"2023-07-26T14:30:22","guid":{"rendered":"https:\/\/primicias2262.com\/noticias\/?p=102277"},"modified":"2023-07-26T14:30:22","modified_gmt":"2023-07-26T14:30:22","slug":"retiran-el-monumento-de-julio-a-roca-del-centro-civico-de-bariloche","status":"publish","type":"post","link":"https:\/\/primicias2262.com\/noticias\/retiran-el-monumento-de-julio-a-roca-del-centro-civico-de-bariloche\/","title":{"rendered":"Retiran el monumento de Julio A. Roca del Centro C\u00edvico de Bariloche"},"content":{"rendered":"<p>El monumento del expresidente y l\u00edder de la Campa\u00f1a del Desierto, <b>Julio Argentino Roca<\/b>, finalmente ser\u00e1<b> retirado del Centro C\u00edvico de Bariloche<\/b> y reubicado en otro lugar. Las autoridades dijeron que ese traslado es parte de un proyecto de puesta en valor de la plaza central de la ciudad y que fue <b>aprobado <\/b>por la <b>Comisi\u00f3n Nacional de Monumentos, de Lugares y de Bienes Hist\u00f3ricos<\/b>.<\/p>\n<p>Seg\u00fan explic\u00f3 a medio locales, la subsecretaria de Cultura,<b> Marisa de Aguiar<\/b>, la ciudad est\u00e1 llevando a cabo varias acciones para la puesta en valor de la plaza en su conjunto. \u00abSe vienen haciendo <b>distintas intervenciones<\/b> que tienen que ver con la <b>puesta en valor<\/b> y la <b>preservaci\u00f3n de este monumento hist\u00f3rico<\/b>\u00ab, como el soterramiento de cables, las tareas para reparar el mecanismo del reloj ubicado en la torre principal y el mantenimiento de la madera de los edificios, entre otros trabajos.<\/p>\n<p>En ese marco, se<b> aprob\u00f3 el traslado de la estatua ecuestre de Roca<\/b>, que durante a\u00f1os fue objeto de fuertes debates, a favor y en contra de que est\u00e9 en la plaza principal de la ciudad, Expedicionarios del Desierto. El monumento adem\u00e1s fue motivo de <b>pintadas<\/b>, <b>escraches <\/b>y <b>actos de vandalismo.<\/b><\/p>\n<p>En diciembre de 2021,\u00a0un grupo de especialistas en historia, arquitectura, turismo, patrimonio urbano y filosof\u00eda hab\u00eda presentado, en el Concejo Municipal de Bariloche, una propuesta para \u201creubicar\u201d la escultura, que hace m\u00e1s de 70 a\u00f1os fue instalada en le Centro C\u00edvico.<\/p>\n<p>El argumento fue que la presencia del exjefe de la llamada Campa\u00f1a del Desierto \u00abaltera la armon\u00eda simb\u00f3lica que pose\u00eda el conjunto y plantea un determinado significado que genera conflictos sociales y pol\u00edticos que antes no exist\u00edan\u00bb.<\/p>\n<h2>D\u00f3nde llevar\u00e1n la estatua<\/h2>\n<p>Seg\u00fan De Aguiar al diario <i>R\u00edo Negro<\/i>, \u00abprimero se debe restaurar y luego se ubicar\u00e1 en la barranca m\u00e1s abajo\u00bb.<\/p>\n<p>\u00abLa propuesta es que est\u00e9 en di\u00e1logo con otros monumentos sobre una l\u00ednea hist\u00f3rica\u00bb, sostuvo la funcionaria. Se instalar\u00e1 donde actualmente est\u00e1 el busto de Juan Manuel de Rosas y de Primo Capraro, un referente de la historia local.<\/p>\n<p>En tanto, en el lugar donde hoy est\u00e1 el monumento a Roca, se har\u00e1 una obra de arte en toda la plaza seca, donde est\u00e1n pintados los pa\u00f1uelos que homenajean a los <b>desaparecidos de la Dictadura Militar.<\/b><\/p>\n<p>\u00ab<strong>La idea es introducir una obra din\u00e1mica, con movimiento, con una superficie para intervenir\u00bb<\/strong>, explic\u00f3 De Aguiar, en alusi\u00f3n a la posibilidad de que all\u00ed se deje un espacio para la repintada de pa\u00f1uelos que se hace cada 24 de Marzo.<\/p>\n<p>Para remover a Roca del lugar \u00ab<strong>deber\u00e1 ser retirado de su ubicaci\u00f3n actual con gr\u00faa<\/strong> y una log\u00edstica importante. \u00ab<strong>Los da\u00f1os al monumento generan un riesgo de que sea irreparable porque no se realiza m\u00e1s la fundici\u00f3n en bronce<\/strong>\u201d, indic\u00f3 la funcionaria al fundamentar la premura para que se trabaje sobre las mejoras en el caballo y el cuerpo del pr\u00f3cer.<\/p>\n<p>El portal<i> ANB<\/i>, tambi\u00e9n inform\u00f3 que se trabaj\u00f3 adem\u00e1s en un proyecto para realizar un monumento a las Madres y Abuelas de Plaza de Mayo, que se realizar\u00e1 una vez que se avance con otros trabajos. \u00abSer\u00e1 una escultura din\u00e1mica, que permita intervenciones cada a\u00f1o\u00bb, indic\u00f3 De Aguiar aunque no estar\u00e1 en el Centro C\u00edvico.<\/p>\n<p>Con el<b> proyecto aprobado<\/b>, las primeras tareas ser\u00e1n el retiro de la estatua y el cerramiento de la galer\u00eda, que empezar\u00e1n apenas las condiciones clim\u00e1ticas lo permitan, lo cual ocurrir\u00e1 en <b>primavera <\/b>y <strong>esperan tenerlo listo antes de fin de a\u00f1o,\u00a0<\/strong>previo al <b>cambio de gobierno.<\/b><\/p>\n<h2>El orfebre Pallarols, en contra del traslado<\/h2>\n<p>Quien se pronunci\u00f3 en contra del traslado de la estatua, fue el orfebre <b>Juan Carlos Pallarols<\/b>. En una carta dirigida al intendente de Bariloche, <b>Enrique Gennuso<\/b>, argument\u00f3 que \u00abmover de su actual emplazamiento a la escultura es <b>asumir un riesgo enorme e innecesario<\/b> por el peligro que corre, dado el estado actual en el que la han dejado las diversas vandalizaciones a las que ha sido sometida\u00bb.<\/p>\n<p>Adem\u00e1s, opin\u00f3 que el monumento<b> <\/b>deber\u00eda ser restaurado en el lugar donde se encuentra actualmente<b>, <\/b>ponerlo en valor y preservarlo. Y le ofreci\u00f3 al municipio ir con su equipo de trabajo<b> para restaurar el monumento en el sitio donde se encuentra emplazado.<\/b><\/p>\n","protected":false},"excerpt":{"rendered":"<p>El monumento del expresidente y l\u00edder de la Campa\u00f1a del Desierto, Julio Argentino Roca, finalmente ser\u00e1 retirado del Centro C\u00edvico de Bariloche y reubicado en otro lugar. Las autoridades dijeron que ese traslado es parte de un proyecto de puesta en valor de la plaza central de la ciudad y que fue aprobado por la [&hellip;]<\/p>\n","protected":false},"author":3,"featured_media":102278,"comment_status":"open","ping_status":"open","sticky":false,"template":"","format":"standard","meta":{"footnotes":""},"categories":[7],"tags":[],"class_list":{"0":"post-102277","1":"post","2":"type-post","3":"status-publish","4":"format-standard","5":"has-post-thumbnail","7":"category-nac"},"_links":{"self":[{"href":"https:\/\/primicias2262.com\/noticias\/wp-json\/wp\/v2\/posts\/102277","targetHints":{"allow":["GET"]}}],"collection":[{"href":"https:\/\/primicias2262.com\/noticias\/wp-json\/wp\/v2\/posts"}],"about":[{"href":"https:\/\/primicias2262.com\/noticias\/wp-json\/wp\/v2\/types\/post"}],"author":[{"embeddable":true,"href":"https:\/\/primicias2262.com\/noticias\/wp-json\/wp\/v2\/users\/3"}],"replies":[{"embeddable":true,"href":"https:\/\/primicias2262.com\/noticias\/wp-json\/wp\/v2\/comments?post=102277"}],"version-history":[{"count":1,"href":"https:\/\/primicias2262.com\/noticias\/wp-json\/wp\/v2\/posts\/102277\/revisions"}],"predecessor-version":[{"id":102279,"href":"https:\/\/primicias2262.com\/noticias\/wp-json\/wp\/v2\/posts\/102277\/revisions\/102279"}],"wp:featuredmedia":[{"embeddable":true,"href":"https:\/\/primicias2262.com\/noticias\/wp-json\/wp\/v2\/media\/102278"}],"wp:attachment":[{"href":"https:\/\/primicias2262.com\/noticias\/wp-json\/wp\/v2\/media?parent=102277"}],"wp:term":[{"taxonomy":"category","embeddable":true,"href":"https:\/\/primicias2262.com\/noticias\/wp-json\/wp\/v2\/categories?post=102277"},{"taxonomy":"post_tag","embeddable":true,"href":"https:\/\/primicias2262.com\/noticias\/wp-json\/wp\/v2\/tags?post=102277"}],"curies":[{"name":"wp","href":"https:\/\/api.w.org\/{rel}","templated":true}]}}