{"id":102280,"date":"2023-07-26T17:04:42","date_gmt":"2023-07-26T17:04:42","guid":{"rendered":"https:\/\/primicias2262.com\/noticias\/?p=102280"},"modified":"2023-07-27T15:47:08","modified_gmt":"2023-07-27T15:47:08","slug":"las-campanas-se-hacen-con-respeto-y-en-eso-mauro-esta-haciendo-la-diferencia","status":"publish","type":"post","link":"https:\/\/primicias2262.com\/noticias\/las-campanas-se-hacen-con-respeto-y-en-eso-mauro-esta-haciendo-la-diferencia\/","title":{"rendered":"\u201cLas campa\u00f1as se hacen con respeto, y en eso Mauro est\u00e1 haciendo la diferencia\u201d"},"content":{"rendered":"<p><strong>As\u00ed lo asegur\u00f3 la secretaria de Gesti\u00f3n de Transporte de la Naci\u00f3n, la necochense Jimena L\u00f3pez, al ponderar la postura del precandidato del Frente Renovador local a intendente, Mauro Vel\u00e1zquez, por sobre la del presidente del PJ, Marcelo Rivero, quien dio a entender que la de Vel\u00e1zquez es una lista armada por los L\u00f3pez, en referencia a los hermanos Facundo y Jimena. \u201cHay que tener en cuenta que partir del lunes 14 de agosto todos vamos a ser m\u00e1s valiosos para traccionar a la f\u00f3rmula central\u201d, avis\u00f3.<\/strong><\/p>\n<p>En \u201cVoces de la Ciudad\u201d, la funcionaria nacional habl\u00f3 con el periodista Jorge G\u00f3mez y primeramente se refiri\u00f3 a Vel\u00e1zquez y su equipo, valorando que \u201cest\u00e1n haciendo un muy buen trabajo, Mauro es un excelente conductor de este proceso de campa\u00f1a a nivel local para disputar unas PASO, ha habido un crecimiento muy positivo y \u00e9l es una persona muy responsable, medido a la hora de hablar, nunca va a ir a la fricci\u00f3n y al choque, y esa es una muy buena posici\u00f3n en este momento, porque la gente necesita escuchar un candidato con claridad, que sepa cu\u00e1les van a ser sus propuestas, ad\u00f3nde apuntamos y por qu\u00e9 somos la mejor opci\u00f3n de Uni\u00f3n por la Patria\u201d.<\/p>\n<p>En ese aspecto, fue consultada por los dichos de Rivero, acerca de lo que Jimena opin\u00f3 que \u201cdecir que es la lista de los L\u00f3pez no solo es bajarle el precio \u00a0a Mauro, alguien que milita desde los 18 a\u00f1os y est\u00e1 afiliado al Partido Justicialista, sino a toda una militancia que hay atr\u00e1s que viene trabajando hace mucho tiempo, y no es una lista armada a dedo, sino que es una lista que ha peleado permanentemente por lograr un consenso que no se pudo, as\u00ed que me parece bastante irrespetuoso de su parte\u201d.<\/p>\n<p>Sigui\u00f3 esgrimiendo que \u201ces mucho m\u00e1s que una lista puesta a dedo, me parece una locura decir eso de mis compa\u00f1eros y compa\u00f1eras que tienen una trayectoria b\u00e1rbara de trabajo, como Julio Zapata, Jesica Arce, Daniela Miriuca, Gabriela Antonelli\u2026 decir que es la lista de los L\u00f3pez es tirar por tierra el trabajo de much\u00edsima gente y bajarle el precio innecesariamente\u201d.<\/p>\n<p>Adujo en tal sentido que lo que m\u00e1s debe interesar es que la pol\u00edtica local vuelva a discutir ideas, e insisti\u00f3 en responder que \u201chay que tener mucho cuidado con lo que se dice en t\u00e9rminos chicaneros porque despu\u00e9s hay que saber recoger el guante, entonces no hay que destratar a ning\u00fan compa\u00f1ero\u2026 adem\u00e1s, a partir del lunes 14 de agosto todos y todas vamos a ser m\u00e1s valiosos para traccionar a la f\u00f3rmula central. Las campa\u00f1as se hacen con respeto, y en eso Mauro est\u00e1 haciendo la diferencia\u201d.<\/p>\n<p>Por su parte, asegur\u00f3 que \u201csimplemente acompa\u00f1o\u2026 en todo lo que tenga que ver con delinear la campa\u00f1a en Necochea soy una soldada, no conduzco, porque la conducci\u00f3n la tiene que tener quien est\u00e1 encabezando la lista, porque el desaf\u00edo lo afronta \u00e9l y es el que pone la cara y camina la ciudad, y en este caso es Mauro, que est\u00e1 haciendo un muy buen trabajo\u201d.<\/p>\n<p>Finalmente, la exsecretaria de Desarrollo Humano y Pol\u00edticas Sociales subray\u00f3 que \u201cestoy muy contenta con el clima interno que vivimos y \u00a0muy orgullosa de todos mis compa\u00f1eros, desde Mauro y Julio, y tambi\u00e9n Violeta (P\u00e9rez Rosso) que representa al Evita, cuyo movimiento tambi\u00e9n se ha puesto al hombro las caminatas y la posibilidad de charlar con el vecino, porque de eso se trata, de ir a escuchar las demandas que todav\u00eda no se han podido resolver\u201d.<\/p>\n","protected":false},"excerpt":{"rendered":"<p>As\u00ed lo asegur\u00f3 la secretaria de Gesti\u00f3n de Transporte de la Naci\u00f3n, la necochense Jimena L\u00f3pez, al ponderar la postura del precandidato del Frente Renovador local a intendente, Mauro Vel\u00e1zquez, por sobre la del presidente del PJ, Marcelo Rivero, quien dio a entender que la de Vel\u00e1zquez es una lista armada por los L\u00f3pez, en [&hellip;]<\/p>\n","protected":false},"author":3,"featured_media":102285,"comment_status":"open","ping_status":"open","sticky":false,"template":"","format":"standard","meta":{"footnotes":""},"categories":[3],"tags":[],"class_list":["post-102280","post","type-post","status-publish","format-standard","has-post-thumbnail","category-masnoticias"],"_links":{"self":[{"href":"https:\/\/primicias2262.com\/noticias\/wp-json\/wp\/v2\/posts\/102280","targetHints":{"allow":["GET"]}}],"collection":[{"href":"https:\/\/primicias2262.com\/noticias\/wp-json\/wp\/v2\/posts"}],"about":[{"href":"https:\/\/primicias2262.com\/noticias\/wp-json\/wp\/v2\/types\/post"}],"author":[{"embeddable":true,"href":"https:\/\/primicias2262.com\/noticias\/wp-json\/wp\/v2\/users\/3"}],"replies":[{"embeddable":true,"href":"https:\/\/primicias2262.com\/noticias\/wp-json\/wp\/v2\/comments?post=102280"}],"version-history":[{"count":1,"href":"https:\/\/primicias2262.com\/noticias\/wp-json\/wp\/v2\/posts\/102280\/revisions"}],"predecessor-version":[{"id":102281,"href":"https:\/\/primicias2262.com\/noticias\/wp-json\/wp\/v2\/posts\/102280\/revisions\/102281"}],"wp:featuredmedia":[{"embeddable":true,"href":"https:\/\/primicias2262.com\/noticias\/wp-json\/wp\/v2\/media\/102285"}],"wp:attachment":[{"href":"https:\/\/primicias2262.com\/noticias\/wp-json\/wp\/v2\/media?parent=102280"}],"wp:term":[{"taxonomy":"category","embeddable":true,"href":"https:\/\/primicias2262.com\/noticias\/wp-json\/wp\/v2\/categories?post=102280"},{"taxonomy":"post_tag","embeddable":true,"href":"https:\/\/primicias2262.com\/noticias\/wp-json\/wp\/v2\/tags?post=102280"}],"curies":[{"name":"wp","href":"https:\/\/api.w.org\/{rel}","templated":true}]}}