{"id":102286,"date":"2023-07-27T11:15:51","date_gmt":"2023-07-27T11:15:51","guid":{"rendered":"https:\/\/primicias2262.com\/noticias\/?p=102286"},"modified":"2023-07-28T12:55:19","modified_gmt":"2023-07-28T12:55:19","slug":"afife-argumento-el-pedido-de-cambio-de-caratula-en-el-caso-de-los-patovicas-a-hugo-aguilar-lo-fueron-a-rematar-y-ejecutar","status":"publish","type":"post","link":"https:\/\/primicias2262.com\/noticias\/afife-argumento-el-pedido-de-cambio-de-caratula-en-el-caso-de-los-patovicas-a-hugo-aguilar-lo-fueron-a-rematar-y-ejecutar\/","title":{"rendered":"Afife argument\u00f3 el pedido de cambio de car\u00e1tula en el caso de los patovicas: \u201cA Hugo Aguilar lo fueron a rematar y ejecutar\u201d"},"content":{"rendered":"<p><strong>El abogado que representa a la parte damnificada tras la brutal agresi\u00f3n propinada por patovicas de Tom Jones, Mat\u00edas Afife, se\u00f1al\u00f3 en \u201cVoces de la Ciudad\u201d que creen que los delitos son m\u00e1s graves y van por la tentativa de homicidio. \u201cA Hugo (Aguilar) lo fueron a ejecutar a traici\u00f3n\u201d, asegur\u00f3, y no descarta que los guardias hayan respondido a una orden de alguien encargado del boliche, cuesti\u00f3n que se encuentra investigando.<\/strong><\/p>\n<p>El representante de la familia Aguilar, Mat\u00edas Afife, habl\u00f3 en nota con el periodista Jorge G\u00f3mez en el marco de la causa tras la violencia ejercida por patovicas de Tom Jones, quienes son defendidos por el abogado Hern\u00e1n Trigo Guti\u00e9rrez y ayer se negaron a dar declaraci\u00f3n, identificados como C\u00e9sar Mart\u00ednez, Alan Pirrota y Gonzalo Rold\u00e1n.<\/p>\n<p>Afife argument\u00f3 que \u201cla causa est\u00e1 en una etapa preparatoria y como particular damnificado en el caso de Hugo pedimos un cambio de calificaci\u00f3n legal, nosotros creemos que los delitos son m\u00e1s graves y vamos por el lado de una tentativa de homicidio por la gravedad del hecho\u201d, ya que \u201ccomo se puede apreciar en los videos, creemos que hay una intenci\u00f3n de rematar y ejecutar a Hugo, que estaba en un estado indefenso cuando estaba sobre la calzada\u201d.<\/p>\n<p>Incluso, se\u00f1al\u00f3 el profesional que \u201ces m\u00e1s agravado porque los patovicas son personas con una especialidad y un pu\u00f1o prohibido. No es lo mismo que le pegue cualquiera a que le pegue una persona boxeadora, es decir, dieron golpes certeros a Hugo, una persona de 55 a\u00f1os de edad que solo quiso paliar una situaci\u00f3n cuando vio que le pegaban salvajemente a su hijo y en la v\u00eda p\u00fablica, que tampoco es un dato menor\u201d.<\/p>\n<p><a href=\"https:\/\/primicias2262.com\/noticias\/wp-content\/uploads\/2023\/07\/24-07-FOTO-Rojas-Hugo-Aguilar.jpeg\"><img loading=\"lazy\" decoding=\"async\" class=\"aligncenter size-full wp-image-102198\" src=\"https:\/\/primicias2262.com\/noticias\/wp-content\/uploads\/2023\/07\/24-07-FOTO-Rojas-Hugo-Aguilar.jpeg\" alt=\"\" width=\"1600\" height=\"1200\" srcset=\"https:\/\/primicias2262.com\/noticias\/wp-content\/uploads\/2023\/07\/24-07-FOTO-Rojas-Hugo-Aguilar.jpeg 1600w, https:\/\/primicias2262.com\/noticias\/wp-content\/uploads\/2023\/07\/24-07-FOTO-Rojas-Hugo-Aguilar-300x225.jpeg 300w, https:\/\/primicias2262.com\/noticias\/wp-content\/uploads\/2023\/07\/24-07-FOTO-Rojas-Hugo-Aguilar-1024x768.jpeg 1024w, https:\/\/primicias2262.com\/noticias\/wp-content\/uploads\/2023\/07\/24-07-FOTO-Rojas-Hugo-Aguilar-768x576.jpeg 768w, https:\/\/primicias2262.com\/noticias\/wp-content\/uploads\/2023\/07\/24-07-FOTO-Rojas-Hugo-Aguilar-1536x1152.jpeg 1536w, https:\/\/primicias2262.com\/noticias\/wp-content\/uploads\/2023\/07\/24-07-FOTO-Rojas-Hugo-Aguilar-150x113.jpeg 150w, https:\/\/primicias2262.com\/noticias\/wp-content\/uploads\/2023\/07\/24-07-FOTO-Rojas-Hugo-Aguilar-696x522.jpeg 696w, https:\/\/primicias2262.com\/noticias\/wp-content\/uploads\/2023\/07\/24-07-FOTO-Rojas-Hugo-Aguilar-1068x801.jpeg 1068w\" sizes=\"auto, (max-width: 1600px) 100vw, 1600px\" \/><\/a>Adem\u00e1s, Afife afirm\u00f3 que \u201csea en la v\u00eda p\u00fablica o dentro del boliche, nada justifica ese proceder\u2026 no es necesario ser especialista en seguridad, hay una cuesti\u00f3n de humanidad, hay protocolos, como llamar a autoridades competentes, pero no hubo razonabilidad en el medio para paliar m\u00ednimamente un disturbio\u201d.<\/p>\n<p>Y en ese aspecto marc\u00f3 dos cuestiones, por un lado, asegur\u00f3 que \u201cHugo (Aguilar) no estuvo en el disturbio, ya que anda un video circulando cortado y editado a la medida de los intereses de Tom Jones, que no es completo y falta una parte, que una vez que Hugo es atacado ferozmente vuelve al lugar bailable, despu\u00e9s de ese video viralizado, a pedir explicaciones y le propinan una patada en el pecho nuevamente, as\u00ed que hubo un ensa\u00f1amiento\u201d, y por otro, dej\u00f3 entrever que \u201cvamos a investigar si hubo una orden de alg\u00fan encargado del boliche en el momento de actuar as\u00ed, ya que eso podr\u00eda agravar la responsabilidad del lugar nocturno\u201d.<\/p>\n<p><a href=\"https:\/\/primicias2262.com\/noticias\/wp-content\/uploads\/2023\/07\/24-07-FOTO-Rojas-Hugo-Aguilar4.jpg\"><img loading=\"lazy\" decoding=\"async\" class=\"aligncenter size-full wp-image-102200\" src=\"https:\/\/primicias2262.com\/noticias\/wp-content\/uploads\/2023\/07\/24-07-FOTO-Rojas-Hugo-Aguilar4.jpg\" alt=\"\" width=\"1398\" height=\"787\" srcset=\"https:\/\/primicias2262.com\/noticias\/wp-content\/uploads\/2023\/07\/24-07-FOTO-Rojas-Hugo-Aguilar4.jpg 1398w, https:\/\/primicias2262.com\/noticias\/wp-content\/uploads\/2023\/07\/24-07-FOTO-Rojas-Hugo-Aguilar4-300x169.jpg 300w, https:\/\/primicias2262.com\/noticias\/wp-content\/uploads\/2023\/07\/24-07-FOTO-Rojas-Hugo-Aguilar4-1024x576.jpg 1024w, https:\/\/primicias2262.com\/noticias\/wp-content\/uploads\/2023\/07\/24-07-FOTO-Rojas-Hugo-Aguilar4-768x432.jpg 768w, https:\/\/primicias2262.com\/noticias\/wp-content\/uploads\/2023\/07\/24-07-FOTO-Rojas-Hugo-Aguilar4-150x84.jpg 150w, https:\/\/primicias2262.com\/noticias\/wp-content\/uploads\/2023\/07\/24-07-FOTO-Rojas-Hugo-Aguilar4-696x392.jpg 696w, https:\/\/primicias2262.com\/noticias\/wp-content\/uploads\/2023\/07\/24-07-FOTO-Rojas-Hugo-Aguilar4-1068x601.jpg 1068w\" sizes=\"auto, (max-width: 1398px) 100vw, 1398px\" \/><\/a>Seguidamente, el abogado de los Aguilar pronunci\u00f3 que m\u00e1s all\u00e1 de su fundamento, de que a Hugo lo fueron a ejecutar y le pegaron a traici\u00f3n, ser\u00e1 la Justicia la que determine la calificaci\u00f3n, y aclar\u00f3 que \u201cnosotros nos oponemos al pedido de excarcelaci\u00f3n, ya que obviamente estamos en una etapa importante donde hay que juntar mucho material probatorio, hay muchos testigos en la calle y mucha gente, y una medida como la excarcelaci\u00f3n podr\u00eda entorpecer la causa penal, porque habr\u00eda mucha gente que se puede asustar y no declarar\u201d.<\/p>\n<p>Afife apunt\u00f3 luego a la concientizaci\u00f3n del tema, apuntando que \u201cesta gente est\u00e1 para seguridad, para cuidar a tu hijo y el m\u00edo, a m\u00ed y a vos\u2026 as\u00ed que tenemos que tener gente capacitada y especializada, que tengan protocolos de seguridad y se manejen de una manera prudente y estando a la altura, pero ac\u00e1 claramente hicieron todo lo contrario a lo que cualquier persona normal hubiera hecho\u201d.<\/p>\n<p>Finalmente, se le consult\u00f3 por sobre el texto que present\u00f3 Tom Jones, enfatizando que \u201cno nos cay\u00f3 para nada bien, no se puede esconder el sol con las manos, ac\u00e1 hay una cuesti\u00f3n penal y una cuesti\u00f3n civil. Ahora lo primordial es lo penal, pero no quedan dudas que Tom Jones es responsable, veo que salen los patovicas de manera planificada y organizada del boliche, no de una manera espont\u00e1nea. Salen afuera con una zona liberada por la entidad, ejecutan un plan de agresi\u00f3n y vuelven caminando los 4 o 5 de una manera pausada e ingresan al recinto\u201d, y ratific\u00f3 que \u201cme queda una duda si es que hubo una orden desde adentro del boliche de actuar as\u00ed, y lo vamos a investigar\u201d.<\/p>\n","protected":false},"excerpt":{"rendered":"<p>El abogado que representa a la parte damnificada tras la brutal agresi\u00f3n propinada por patovicas de Tom Jones, Mat\u00edas Afife, se\u00f1al\u00f3 en \u201cVoces de la Ciudad\u201d que creen que los delitos son m\u00e1s graves y van por la tentativa de homicidio. \u201cA Hugo (Aguilar) lo fueron a ejecutar a traici\u00f3n\u201d, asegur\u00f3, y no descarta que [&hellip;]<\/p>\n","protected":false},"author":3,"featured_media":102287,"comment_status":"open","ping_status":"open","sticky":false,"template":"","format":"standard","meta":{"footnotes":""},"categories":[3],"tags":[],"class_list":["post-102286","post","type-post","status-publish","format-standard","has-post-thumbnail","category-masnoticias"],"_links":{"self":[{"href":"https:\/\/primicias2262.com\/noticias\/wp-json\/wp\/v2\/posts\/102286","targetHints":{"allow":["GET"]}}],"collection":[{"href":"https:\/\/primicias2262.com\/noticias\/wp-json\/wp\/v2\/posts"}],"about":[{"href":"https:\/\/primicias2262.com\/noticias\/wp-json\/wp\/v2\/types\/post"}],"author":[{"embeddable":true,"href":"https:\/\/primicias2262.com\/noticias\/wp-json\/wp\/v2\/users\/3"}],"replies":[{"embeddable":true,"href":"https:\/\/primicias2262.com\/noticias\/wp-json\/wp\/v2\/comments?post=102286"}],"version-history":[{"count":1,"href":"https:\/\/primicias2262.com\/noticias\/wp-json\/wp\/v2\/posts\/102286\/revisions"}],"predecessor-version":[{"id":102288,"href":"https:\/\/primicias2262.com\/noticias\/wp-json\/wp\/v2\/posts\/102286\/revisions\/102288"}],"wp:featuredmedia":[{"embeddable":true,"href":"https:\/\/primicias2262.com\/noticias\/wp-json\/wp\/v2\/media\/102287"}],"wp:attachment":[{"href":"https:\/\/primicias2262.com\/noticias\/wp-json\/wp\/v2\/media?parent=102286"}],"wp:term":[{"taxonomy":"category","embeddable":true,"href":"https:\/\/primicias2262.com\/noticias\/wp-json\/wp\/v2\/categories?post=102286"},{"taxonomy":"post_tag","embeddable":true,"href":"https:\/\/primicias2262.com\/noticias\/wp-json\/wp\/v2\/tags?post=102286"}],"curies":[{"name":"wp","href":"https:\/\/api.w.org\/{rel}","templated":true}]}}