{"id":102290,"date":"2023-07-27T11:22:21","date_gmt":"2023-07-27T11:22:21","guid":{"rendered":"https:\/\/primicias2262.com\/noticias\/?p=102290"},"modified":"2023-07-28T17:08:09","modified_gmt":"2023-07-28T17:08:09","slug":"evitaron-presunto-intento-de-usurpacion-en-villa-florida","status":"publish","type":"post","link":"https:\/\/primicias2262.com\/noticias\/evitaron-presunto-intento-de-usurpacion-en-villa-florida\/","title":{"rendered":"Evitaron presunto intento de usurpaci\u00f3n en Villa Florida"},"content":{"rendered":"<p><strong>Por Jorge G\u00f3mez<\/strong><\/p>\n<p>Contando con informaci\u00f3n y denuncias de vecinos, la Municipalidad de Necochea procedi\u00f3 este mi\u00e9rcoles a frustrar un presunto intento de usurpaci\u00f3n de terrenos comprendidos en el \u00e1rea urbana local conocida como Villa Florida.<\/p>\n<p><a href=\"https:\/\/primicias2262.com\/noticias\/wp-content\/uploads\/2023\/07\/WhatsApp-Image-2023-07-26-at-10.29.20-PM.jpeg\"><img loading=\"lazy\" decoding=\"async\" class=\"aligncenter size-full wp-image-102292\" src=\"https:\/\/primicias2262.com\/noticias\/wp-content\/uploads\/2023\/07\/WhatsApp-Image-2023-07-26-at-10.29.20-PM.jpeg\" alt=\"\" width=\"1080\" height=\"1440\" srcset=\"https:\/\/primicias2262.com\/noticias\/wp-content\/uploads\/2023\/07\/WhatsApp-Image-2023-07-26-at-10.29.20-PM.jpeg 1080w, https:\/\/primicias2262.com\/noticias\/wp-content\/uploads\/2023\/07\/WhatsApp-Image-2023-07-26-at-10.29.20-PM-225x300.jpeg 225w, https:\/\/primicias2262.com\/noticias\/wp-content\/uploads\/2023\/07\/WhatsApp-Image-2023-07-26-at-10.29.20-PM-768x1024.jpeg 768w, https:\/\/primicias2262.com\/noticias\/wp-content\/uploads\/2023\/07\/WhatsApp-Image-2023-07-26-at-10.29.20-PM-150x200.jpeg 150w, https:\/\/primicias2262.com\/noticias\/wp-content\/uploads\/2023\/07\/WhatsApp-Image-2023-07-26-at-10.29.20-PM-300x400.jpeg 300w, https:\/\/primicias2262.com\/noticias\/wp-content\/uploads\/2023\/07\/WhatsApp-Image-2023-07-26-at-10.29.20-PM-696x928.jpeg 696w, https:\/\/primicias2262.com\/noticias\/wp-content\/uploads\/2023\/07\/WhatsApp-Image-2023-07-26-at-10.29.20-PM-1068x1424.jpeg 1068w\" sizes=\"auto, (max-width: 1080px) 100vw, 1080px\" \/><\/a>Personal de la comuna contando con el consentimiento de la Justicia procedi\u00f3 a retirar un colectivo que supuestamente se hallaba ocupando un lugar privado, en un operativo que concluy\u00f3 con el secuestro de dicha unidad, la misma que habr\u00eda intentado hacer lo propio en otras ocasiones.<\/p>\n<p>La supervisi\u00f3n de estas tareas corri\u00f3 por cuenta, entre otros, del secretario de Gobierno del municipio de Necochea, Jorge Mart\u00ednez, con el aporte de personal a su cargo.<br \/>\nLas tareas de control y ordenamiento de esta situaci\u00f3n se prolong\u00f3 hasta bien entrada esta noche.<\/p>\n<p><a href=\"https:\/\/primicias2262.com\/noticias\/wp-content\/uploads\/2023\/07\/WhatsApp-Image-2023-07-26-at-10.29.21-PM.jpeg\"><img loading=\"lazy\" decoding=\"async\" class=\"aligncenter size-full wp-image-102293\" src=\"https:\/\/primicias2262.com\/noticias\/wp-content\/uploads\/2023\/07\/WhatsApp-Image-2023-07-26-at-10.29.21-PM.jpeg\" alt=\"\" width=\"899\" height=\"1599\" srcset=\"https:\/\/primicias2262.com\/noticias\/wp-content\/uploads\/2023\/07\/WhatsApp-Image-2023-07-26-at-10.29.21-PM.jpeg 899w, https:\/\/primicias2262.com\/noticias\/wp-content\/uploads\/2023\/07\/WhatsApp-Image-2023-07-26-at-10.29.21-PM-169x300.jpeg 169w, https:\/\/primicias2262.com\/noticias\/wp-content\/uploads\/2023\/07\/WhatsApp-Image-2023-07-26-at-10.29.21-PM-576x1024.jpeg 576w, https:\/\/primicias2262.com\/noticias\/wp-content\/uploads\/2023\/07\/WhatsApp-Image-2023-07-26-at-10.29.21-PM-768x1366.jpeg 768w, https:\/\/primicias2262.com\/noticias\/wp-content\/uploads\/2023\/07\/WhatsApp-Image-2023-07-26-at-10.29.21-PM-864x1536.jpeg 864w, https:\/\/primicias2262.com\/noticias\/wp-content\/uploads\/2023\/07\/WhatsApp-Image-2023-07-26-at-10.29.21-PM-150x267.jpeg 150w, https:\/\/primicias2262.com\/noticias\/wp-content\/uploads\/2023\/07\/WhatsApp-Image-2023-07-26-at-10.29.21-PM-300x534.jpeg 300w, https:\/\/primicias2262.com\/noticias\/wp-content\/uploads\/2023\/07\/WhatsApp-Image-2023-07-26-at-10.29.21-PM-696x1238.jpeg 696w\" sizes=\"auto, (max-width: 899px) 100vw, 899px\" \/><\/a><\/p>\n","protected":false},"excerpt":{"rendered":"<p>Por Jorge G\u00f3mez Contando con informaci\u00f3n y denuncias de vecinos, la Municipalidad de Necochea procedi\u00f3 este mi\u00e9rcoles a frustrar un presunto intento de usurpaci\u00f3n de terrenos comprendidos en el \u00e1rea urbana local conocida como Villa Florida. Personal de la comuna contando con el consentimiento de la Justicia procedi\u00f3 a retirar un colectivo que supuestamente se [&hellip;]<\/p>\n","protected":false},"author":3,"featured_media":102291,"comment_status":"open","ping_status":"open","sticky":false,"template":"","format":"standard","meta":{"footnotes":""},"categories":[3],"tags":[],"class_list":["post-102290","post","type-post","status-publish","format-standard","has-post-thumbnail","category-masnoticias"],"_links":{"self":[{"href":"https:\/\/primicias2262.com\/noticias\/wp-json\/wp\/v2\/posts\/102290","targetHints":{"allow":["GET"]}}],"collection":[{"href":"https:\/\/primicias2262.com\/noticias\/wp-json\/wp\/v2\/posts"}],"about":[{"href":"https:\/\/primicias2262.com\/noticias\/wp-json\/wp\/v2\/types\/post"}],"author":[{"embeddable":true,"href":"https:\/\/primicias2262.com\/noticias\/wp-json\/wp\/v2\/users\/3"}],"replies":[{"embeddable":true,"href":"https:\/\/primicias2262.com\/noticias\/wp-json\/wp\/v2\/comments?post=102290"}],"version-history":[{"count":1,"href":"https:\/\/primicias2262.com\/noticias\/wp-json\/wp\/v2\/posts\/102290\/revisions"}],"predecessor-version":[{"id":102294,"href":"https:\/\/primicias2262.com\/noticias\/wp-json\/wp\/v2\/posts\/102290\/revisions\/102294"}],"wp:featuredmedia":[{"embeddable":true,"href":"https:\/\/primicias2262.com\/noticias\/wp-json\/wp\/v2\/media\/102291"}],"wp:attachment":[{"href":"https:\/\/primicias2262.com\/noticias\/wp-json\/wp\/v2\/media?parent=102290"}],"wp:term":[{"taxonomy":"category","embeddable":true,"href":"https:\/\/primicias2262.com\/noticias\/wp-json\/wp\/v2\/categories?post=102290"},{"taxonomy":"post_tag","embeddable":true,"href":"https:\/\/primicias2262.com\/noticias\/wp-json\/wp\/v2\/tags?post=102290"}],"curies":[{"name":"wp","href":"https:\/\/api.w.org\/{rel}","templated":true}]}}