{"id":102298,"date":"2023-07-27T13:48:03","date_gmt":"2023-07-27T13:48:03","guid":{"rendered":"https:\/\/primicias2262.com\/noticias\/?p=102298"},"modified":"2023-07-28T17:00:59","modified_gmt":"2023-07-28T17:00:59","slug":"mujica-lazaro-tras-el-sobreseimiento-fue-gracias-a-la-necochea-del-no-que-quisimos-revertir-con-hechos-una-accion-penal-en-contra","status":"publish","type":"post","link":"https:\/\/primicias2262.com\/noticias\/mujica-lazaro-tras-el-sobreseimiento-fue-gracias-a-la-necochea-del-no-que-quisimos-revertir-con-hechos-una-accion-penal-en-contra\/","title":{"rendered":"Mujica L\u00e1zaro tras el sobreseimiento: \u201cFue gracias a la \u2018Necochea del no\u2019 que quisimos revertir con hechos una acci\u00f3n penal en contra\u201d"},"content":{"rendered":"<p><strong>As\u00ed lo afirm\u00f3 con orgullo el titular del Camping Miguel Lillo, Rafael Mujica L\u00e1zaro,<\/strong> recientemente sobrese\u00eddo de la causa caratulada como \u201cDefraudaci\u00f3n por administraci\u00f3n infiel, falsedad ideol\u00f3gica de instrumento p\u00fablico e incumplimiento de deberes de funcionario\u201d, la cual en su momento fue utilizada pol\u00edticamente en la ciudad y prescribi\u00f3 recientemente sin m\u00e1s. <strong>\u201cLes sali\u00f3 el tiro por la culata porque transformarnos una tapera en uno de los tres mejores complejos de la costa atl\u00e1ntica\u201d, manifest\u00f3.<\/strong><\/p>\n<p>A principios de este mes, Mujica L\u00e1zaro recibi\u00f3 del Juzgado Correccional n\u00ba 2 de La Plata el comunicado que decretaba la extinci\u00f3n de aquella acci\u00f3n penal que respond\u00eda a un viejo expediente por una concesi\u00f3n de inversi\u00f3n millonaria, la cual no solo termin\u00f3 en el \u00e1mbito judicial, sino que fue utilizada pol\u00edticamente por muchos en Necochea. En ella, estaban incluidas adem\u00e1s del empresario del camping, figuras como la del otrora secretario de Gobierno -ya fallecido- Mario Diez, Ricardo Jurado y hasta el exintendente Daniel Molina.<\/p>\n<p><a href=\"https:\/\/primicias2262.com\/noticias\/wp-content\/uploads\/2023\/07\/camping-m-lillo.jpg\"><img loading=\"lazy\" decoding=\"async\" class=\"aligncenter size-full wp-image-102301\" src=\"https:\/\/primicias2262.com\/noticias\/wp-content\/uploads\/2023\/07\/camping-m-lillo.jpg\" alt=\"\" width=\"1024\" height=\"576\" srcset=\"https:\/\/primicias2262.com\/noticias\/wp-content\/uploads\/2023\/07\/camping-m-lillo.jpg 1024w, https:\/\/primicias2262.com\/noticias\/wp-content\/uploads\/2023\/07\/camping-m-lillo-300x169.jpg 300w, https:\/\/primicias2262.com\/noticias\/wp-content\/uploads\/2023\/07\/camping-m-lillo-768x432.jpg 768w, https:\/\/primicias2262.com\/noticias\/wp-content\/uploads\/2023\/07\/camping-m-lillo-150x84.jpg 150w, https:\/\/primicias2262.com\/noticias\/wp-content\/uploads\/2023\/07\/camping-m-lillo-696x392.jpg 696w\" sizes=\"auto, (max-width: 1024px) 100vw, 1024px\" \/><\/a>En \u201cVoces de la Ciudad\u201d, durante una nota telef\u00f3nica realizada por el periodista Jorge G\u00f3mez, el empresario describi\u00f3 con tono mesurado, pero feliz, que \u201cel pasado 4 de julio nos notificaron del sobreseimiento, pero por nuestra parte ten\u00edamos la mente muy tranquila y siempre seguimos reinvirtiendo y apostando a la ciudad\u201d.<\/p>\n<p>Es m\u00e1s, Mujica L\u00e1zaro asegur\u00f3 haber utilizado aquella acusaci\u00f3n como un aliciente para hacerse m\u00e1s fuerte en sus convicciones y su arraigo local. \u201cEn parte, fue gracias a esa gente que hace a la Necochea del no, y que hace todo lo posible para que la ciudad no crezca, que nosotros lo revertimos con hechos\u2026 nos dio fuerzas para seguir y apostar cada vez m\u00e1s, y a esa gente que nos dec\u00eda que \u00e9ramos for\u00e1neos u offshore, o que \u00e9ramos el mal para la ciudad, le demostramos todo lo contrario ya al primer a\u00f1o de nuestra apertura del complejo, a los pocos d\u00edas\u201d.<\/p>\n<p><a href=\"https:\/\/primicias2262.com\/noticias\/wp-content\/uploads\/2023\/07\/camping-m-lillo2.jpg\"><img loading=\"lazy\" decoding=\"async\" class=\"aligncenter size-full wp-image-102302\" src=\"https:\/\/primicias2262.com\/noticias\/wp-content\/uploads\/2023\/07\/camping-m-lillo2.jpg\" alt=\"\" width=\"1024\" height=\"576\" srcset=\"https:\/\/primicias2262.com\/noticias\/wp-content\/uploads\/2023\/07\/camping-m-lillo2.jpg 1024w, https:\/\/primicias2262.com\/noticias\/wp-content\/uploads\/2023\/07\/camping-m-lillo2-300x169.jpg 300w, https:\/\/primicias2262.com\/noticias\/wp-content\/uploads\/2023\/07\/camping-m-lillo2-768x432.jpg 768w, https:\/\/primicias2262.com\/noticias\/wp-content\/uploads\/2023\/07\/camping-m-lillo2-150x84.jpg 150w, https:\/\/primicias2262.com\/noticias\/wp-content\/uploads\/2023\/07\/camping-m-lillo2-696x392.jpg 696w\" sizes=\"auto, (max-width: 1024px) 100vw, 1024px\" \/><\/a>En todo caso, ironiz\u00f3 que \u201ccuando se refer\u00edan a los offshore esta gente al final ten\u00eda raz\u00f3n, porque en realidad \u00edbamos a traer todos los d\u00f3lares que gener\u00e1bamos en Estados Unidos para invertirlos en Necochea, no es que \u00edbamos a llevar los pesos de Necochea a Estados Unidos\u201d, para se\u00f1alar con orgullo que \u201cseguir\u00e9 trayendo d\u00f3lares de Estados Unidos para invertir en Necochea\u201d.<\/p>\n<p>En su relato, Rafael continu\u00f3 que \u201cme arraigu\u00e9 tanto a la ciudad por esa gente del \u2018no\u2019, hoy se los agradezco, porque si no me hubieran puesto tantas trabas creo que me hubiera ido de la ciudad hace much\u00edsimo tiempo, as\u00ed que por supuesto me pone muy contento el sobreseimiento porque uno lo \u00fanico que sabe hacer es ir a ciudades a invertir y hacer lo que sabe, y lo hicimos en un mont\u00f3n de ciudades, pero nunca nos hab\u00edan pasado las cosas que nos pasaron en Necochea, de hecho en alg\u00fan momento me llev\u00f3 a escribir algo sobre el tema, pero ahora la quiero tanto a la ciudad que lo archiv\u00e9\u2026 me di cuenta que es solo un grupo de personas que lo \u00fanico que les interesaba era ese da\u00f1o\u201d.<\/p>\n<p>Asimismo, revel\u00f3 que \u201ctambi\u00e9n entend\u00ed despu\u00e9s que eran un poco las reglas de juego de la ciudad, cuando me enter\u00e9 de que en su momento un mont\u00f3n de empresas grandes hab\u00edan querido invertir en la ciudad y las corrieron\u2026 pero nosotros en vez de corrernos nos regeneramos y seguimos invirtiendo\u2026 pero bueno, en nuestro caso fue un uso pol\u00edtico y les sali\u00f3 el tiro por la culata, porque pudimos transformar una tapera en uno de los tres mejores complejos de la costa atl\u00e1ntica, y esto tiene que servir para aquellos que les pueda llegar\u00a0 a pasar lo que nos pas\u00f3 a nosotros, que quisieron que nos fu\u00e9ramos porque no \u00e9ramos de Necochea\u201d.<\/p>\n<p>Seguidamente, afirm\u00f3 que \u201ctoda esa gente se tiene que dar cuenta que Necochea tiene que tener una transformaci\u00f3n en positivo, la cual la est\u00e1 teniendo, que deje de ser la ciudad del no y sea la ciudad del s\u00ed, porque tiene condiciones \u00fanicas, con un parque \u00fanico y la mejor playa argentina, una ciudad y un puerto, y esas cualidades tienen que hacer que sea la mejor ciudad de la costa atl\u00e1ntica\u201d.<\/p>\n<p><a href=\"https:\/\/primicias2262.com\/noticias\/wp-content\/uploads\/2023\/07\/camping-m-lillo3.jpeg\"><img loading=\"lazy\" decoding=\"async\" class=\"aligncenter size-full wp-image-102303\" src=\"https:\/\/primicias2262.com\/noticias\/wp-content\/uploads\/2023\/07\/camping-m-lillo3.jpeg\" alt=\"\" width=\"1000\" height=\"659\" srcset=\"https:\/\/primicias2262.com\/noticias\/wp-content\/uploads\/2023\/07\/camping-m-lillo3.jpeg 1000w, https:\/\/primicias2262.com\/noticias\/wp-content\/uploads\/2023\/07\/camping-m-lillo3-300x198.jpeg 300w, https:\/\/primicias2262.com\/noticias\/wp-content\/uploads\/2023\/07\/camping-m-lillo3-768x506.jpeg 768w, https:\/\/primicias2262.com\/noticias\/wp-content\/uploads\/2023\/07\/camping-m-lillo3-150x99.jpeg 150w, https:\/\/primicias2262.com\/noticias\/wp-content\/uploads\/2023\/07\/camping-m-lillo3-696x459.jpeg 696w\" sizes=\"auto, (max-width: 1000px) 100vw, 1000px\" \/><\/a>Finalmente, concluy\u00f3 a t\u00edtulo personal que \u201chace m\u00e1s de 16 a\u00f1os ten\u00eda una mancha por el hecho de querer invertir en una ciudad, eso es impresionante&#8230; en todos los lugares donde hemos ido a invertir nos abren las puertas y en Necochea nos hab\u00eda pasado todo lo contrario\u2026 pero demostramos con hechos y no esper\u00e1bamos a la Justicia, de hecho se dilat\u00f3 tanto en el tiempo porque no hab\u00eda un solo indicio de que lo que hab\u00edan inventado en una charla de caf\u00e9 era verdad\u201d.<\/p>\n<p>Vale destacar que en la notificaci\u00f3n electr\u00f3nica enviada por el Juzgado Correccional platense n\u00ba 2, firmado por el juez Diego Tatarsky y el letrado Ignacio Pallero, se da cuenta de \u201cextinci\u00f3n de la acci\u00f3n penal\u201d de la causa 1666-16, considerando que en la misma \u201chan transcurrido con exceso los t\u00e9rminos legales, por lo que corresponde declarar extinguida por prescripci\u00f3n la acci\u00f3n penal\u201d.<\/p>\n<p><strong>Sigue diciendo la notificaci\u00f3n<\/strong> que \u201cEllo por cuanto, desde la radicaci\u00f3n de la presente causa en este Juzgado de fecha 20\/09\/2016 hasta el presente, ha transcurrido con exceso el t\u00e9rmino previsto por el art. 62 inc. 2\u00ba del C.P. sin que en ese lapso se produjeran actos a los que pudiera atribu\u00edrseles car\u00e1cter interruptivo de la prescripci\u00f3n, en los t\u00e9rminos del art. 67 del mismo C\u00f3digo, tal como surge de los informes del Registro Nacional de Reincidencia de los d\u00eda 29\/12\/22, 03\/01\/23 y 04\/01\/23, y de las planillas de antecedentes de fechas 05\/01\/23 y 26\/01\/23\u201d.<\/p>\n<p>En consecuencia, corresponde declarar extinguida por prescripci\u00f3n la acci\u00f3n penal en la presente causa (arts. 59 inc. 3\u00ba, 62 inc. 2\u00ba y arts. 173 inc. 7\u00b0, 249 y 293 del C.P.).<\/p>\n<p><strong>POR ELLO, de conformidad con la normativa legal citada.<\/strong><\/p>\n<p><strong>RESUELVO:<\/strong><\/p>\n<ol>\n<li>DECLARAR EXTINGUIDA POR PRESCRIPCION LA ACCION PENAL en la presente causa n\u00b0 1666-16 (arts. 59 inc. 3\u00ba, 62 inc. 2\u00ba y arts. 173 inc. 7\u00b0, 249 y 293 del C.P.).<\/li>\n<li>SOBRESEER a FERNANDEZ CESAR HUMBERTO, a MUGICA LAZARO RAFAEL, a MOLINA DANIEL ANSELMO, a LUGONES ALEJANDRO DANIEL y a JURADO RICARDO RUBEN en los delitos de DEFRAUDACION POR ADMINISTRACION INFIEL, FALSEDAD IDEOLOGICA DE INSTRUMENTO PUBLICO E INCUMPLIMIENTO DE DEBERES DE FUNCIONARIO PUBLICO, que dieran motivo a la formaci\u00f3n de estas actuaciones, por haberse superado los t\u00e9rminos legales (arts. 59 inc.3\u00ba, 62 inc.2\u00ba y arts. 173 inc. 7\u00b0, 249 y 293 del C.P.; 323 inc. 1\u00ba del C.P.P.).<\/li>\n<\/ol>\n<p>III. COMUNICAR al Registro Nacional de Reincidencia, al Ministerio de Seguridad y a la S.G.A. de la C\u00e1mara de Apelaci\u00f3n y Garant\u00edas Departamental (art. 22 de la Acordada 2840 y Ac. 3511).<\/p>\n<p>Reg\u00edstrese. Notif\u00edquese. Una vez firme ARCHIVESE.<\/p>\n<p><a href=\"https:\/\/primicias2262.com\/noticias\/wp-content\/uploads\/2023\/07\/Extincion-Accion-Penal.pdf\" target=\"_blank\" rel=\"noopener\"><strong>Notificaci\u00f3n<\/strong><\/a><\/p>\n","protected":false},"excerpt":{"rendered":"<p>As\u00ed lo afirm\u00f3 con orgullo el titular del Camping Miguel Lillo, Rafael Mujica L\u00e1zaro, recientemente sobrese\u00eddo de la causa caratulada como \u201cDefraudaci\u00f3n por administraci\u00f3n infiel, falsedad ideol\u00f3gica de instrumento p\u00fablico e incumplimiento de deberes de funcionario\u201d, la cual en su momento fue utilizada pol\u00edticamente en la ciudad y prescribi\u00f3 recientemente sin m\u00e1s. \u201cLes sali\u00f3 el [&hellip;]<\/p>\n","protected":false},"author":3,"featured_media":102300,"comment_status":"open","ping_status":"open","sticky":false,"template":"","format":"standard","meta":{"footnotes":""},"categories":[3],"tags":[],"class_list":["post-102298","post","type-post","status-publish","format-standard","has-post-thumbnail","category-masnoticias"],"_links":{"self":[{"href":"https:\/\/primicias2262.com\/noticias\/wp-json\/wp\/v2\/posts\/102298","targetHints":{"allow":["GET"]}}],"collection":[{"href":"https:\/\/primicias2262.com\/noticias\/wp-json\/wp\/v2\/posts"}],"about":[{"href":"https:\/\/primicias2262.com\/noticias\/wp-json\/wp\/v2\/types\/post"}],"author":[{"embeddable":true,"href":"https:\/\/primicias2262.com\/noticias\/wp-json\/wp\/v2\/users\/3"}],"replies":[{"embeddable":true,"href":"https:\/\/primicias2262.com\/noticias\/wp-json\/wp\/v2\/comments?post=102298"}],"version-history":[{"count":3,"href":"https:\/\/primicias2262.com\/noticias\/wp-json\/wp\/v2\/posts\/102298\/revisions"}],"predecessor-version":[{"id":102333,"href":"https:\/\/primicias2262.com\/noticias\/wp-json\/wp\/v2\/posts\/102298\/revisions\/102333"}],"wp:featuredmedia":[{"embeddable":true,"href":"https:\/\/primicias2262.com\/noticias\/wp-json\/wp\/v2\/media\/102300"}],"wp:attachment":[{"href":"https:\/\/primicias2262.com\/noticias\/wp-json\/wp\/v2\/media?parent=102298"}],"wp:term":[{"taxonomy":"category","embeddable":true,"href":"https:\/\/primicias2262.com\/noticias\/wp-json\/wp\/v2\/categories?post=102298"},{"taxonomy":"post_tag","embeddable":true,"href":"https:\/\/primicias2262.com\/noticias\/wp-json\/wp\/v2\/tags?post=102298"}],"curies":[{"name":"wp","href":"https:\/\/api.w.org\/{rel}","templated":true}]}}