{"id":102306,"date":"2023-07-27T15:37:07","date_gmt":"2023-07-27T15:37:07","guid":{"rendered":"https:\/\/primicias2262.com\/noticias\/?p=102306"},"modified":"2023-07-27T15:37:07","modified_gmt":"2023-07-27T15:37:07","slug":"aerolineas-argentinas-y-otras-3-companias-aereas-se-suman-a-precios-justos-que-destinos-estan-incluidos","status":"publish","type":"post","link":"https:\/\/primicias2262.com\/noticias\/aerolineas-argentinas-y-otras-3-companias-aereas-se-suman-a-precios-justos-que-destinos-estan-incluidos\/","title":{"rendered":"Aerol\u00edneas Argentinas y otras 3 compa\u00f1\u00edas a\u00e9reas se suman a Precios Justos: qu\u00e9 destinos est\u00e1n incluidos"},"content":{"rendered":"<p>El Gobierno anunci\u00f3 la incorporaci\u00f3n de <b>cuatro compa\u00f1\u00edas a\u00e9reas<\/b> al programa de\u00a0<b><a href=\"https:\/\/www.pagina12.com.ar\/563821-precios-justos-y-congelados-hasta-agosto\">Precios Justos<\/a><\/b>. As\u00ed, las tarifas de <b>vuelos a destinos nacionales<\/b> de <b>Aerol\u00edneas Argentinas<\/b>, <b><a href=\"https:\/\/www.pagina12.com.ar\/150718-la-argentina-que-no-levanta-vuelo\">Andes<\/a><\/b>, <b><a href=\"https:\/\/www.pagina12.com.ar\/556203-polemica-con-flybondi-por-el-acceso-a-los-dolares\">FlyBondi <\/a><\/b>y <b><a href=\"https:\/\/www.pagina12.com.ar\/523712-denuncian-que-una-aerolinea-discrimino-a-un-joven-con-discap\">JetSmart <\/a><\/b>tendr\u00e1n un <b>tope de aumento del 4% mensual<\/b> durante 120 d\u00edas, entre el 1\u00b0 de agosto y el 30 de noviembre. Adem\u00e1s, habr\u00e1 un <b>descuento del 15% para jubilados.<\/b><\/p>\n<p>Lo anunci\u00f3 este mi\u00e9rcoles por la tarde el ministro de Econom\u00eda y precandidato presidencial de Uni\u00f3n por la Patria (UxP), <b><a href=\"https:\/\/www.pagina12.com.ar\/568869-seamos-serios-y-rigurosos-con-los-numeros\">Sergio Massa<\/a><\/b>, en un hilo de Twitter, tras una reuni\u00f3n con las los representantes de las c\u00e1maras de empresas de transporte a\u00e9reo, y en donde tambi\u00e9n particip\u00f3 el secretario de Comercio, <b>Mat\u00edas Tombolini<\/b>.<\/p>\n<p>\u00abAerol\u00edneas Argentinas, Jet Smart, Flybondi y Andes se incorporan al programa con un sendero de precios del 4% mensual, para que m\u00e1s argentinos y argentinas puedan viajar por el pa\u00eds desde el 1 de agosto hasta el 30 de noviembre\u00bb, inform\u00f3 Massa en sus redes sociales.<\/p>\n<div align=\"center\">\n<div class=\"embedded-entity\" data-embed-button=\"media_image_button\" data-entity-embed-display=\"view_mode:media.single_media_image_460\" data-entity-type=\"media\" data-entity-uuid=\"97d81201-9817-44b8-b7c4-c31f427d9315\" data-langcode=\"es\">\n<article class=\"media media--type-image media--view-mode-single-media-image-460\">\n<div class=\"field field--name-field-media-image field--type-image field--label-hidden field__item\"><img loading=\"lazy\" decoding=\"async\" class=\"image-style-width960\" src=\"https:\/\/images.pagina12.com.ar\/styles\/width960\/public\/2023-07\/751521-whatsapp-20image-202023-07-27-20at-2008-05-12-20-281-29.jpeg?itok=-wpvhNlE\" width=\"583\" height=\"640\" \/><\/div>\n<\/article>\n<\/div>\n<\/div>\n<p>\u201cBuscamos seguir potenciando a un sector con r\u00e9cord de crecimiento desde 2019, que espera registrar 16 millones de pasajeros entre viajes dom\u00e9sticos e internacionales este a\u00f1o y que increment\u00f3 la cantidad de aeronaves en todas las aerol\u00edneas\u201d, coment\u00f3 el ministro, quien adem\u00e1s cont\u00f3 que en el encuentro <b>se cre\u00f3 adem\u00e1s una Mesa de Di\u00e1logo para alcanzar en 4 a\u00f1os los 30 millones de pasajeros<\/b>.<\/p>\n<h2>El detalle del acuerdo de Precios Justos para vuelos nacionales<\/h2>\n<p>El acuerdo <b>entrar\u00e1 en vigencia a partir del 1 de agosto<\/b> y tomar\u00e1 como <b>base la estructura tarifaria de cada empresa al 31 de julio de 2023<\/b>, explicaron las aerol\u00edneas en un comunicado conjunto. En tanto, se considerar\u00e1n para ello las tarifas efectivamente cobradas a los consumidores a esa fecha incluyendo, de corresponder, toda clase de descuento o beneficio que se les haya facilitado.<\/p>\n<p>Las compa\u00f1\u00edas <b>deber\u00e1n exhibir en sus sucursales o p\u00e1ginas web la adhesi\u00f3n a Precios Justos<\/b>, as\u00ed como informaci\u00f3n sobre el programa. Tambi\u00e9n <b>tendr\u00e1n que informar los precios mensualmente<\/b> a la Secretar\u00eda de Comercio, que fiscalizar\u00e1 el cumplimiento del acuerdo.<\/p>\n<div align=\"center\">\n<figure class=\"caption caption-div embedded-entity\" role=\"group\">\n<div data-embed-button=\"media_image_button\" data-entity-embed-display=\"view_mode:media.single_media_image_460\" data-entity-type=\"media\" data-entity-uuid=\"c3e0f798-89fd-405e-928d-dc456f180789\" data-langcode=\"es\">\n<article class=\"media media--type-image media--view-mode-single-media-image-460\">\n<div class=\"field field--name-field-media-image field--type-image field--label-hidden field__item\"><img loading=\"lazy\" decoding=\"async\" class=\"image-style-width960\" src=\"https:\/\/images.pagina12.com.ar\/styles\/width960\/public\/2023-07\/751521-precios-20justos-20aerol-c3-adneas.jpg?itok=rfD6QfOq\" width=\"960\" height=\"559\" \/><\/div>\n<\/article>\n<\/div><figcaption>Foto: @sergiomassa<\/figcaption><\/figure>\n<\/div>\n<p>Por otra parte, se acord\u00f3 un <b>descuento del 15% en las tarifas de los vuelos para jubilados<\/b>. Los t\u00e9rminos y condiciones de aplicaci\u00f3n\u00a0 de esta \u00faltima medida los determinar\u00e1 m\u00e1s tarde cada aerol\u00ednea.<\/p>\n<p>Adem\u00e1s de las funcionarios nacionales, en el encuentro participaron tambi\u00e9n el presidente de Aerol\u00edneas Argentinas, <a href=\"https:\/\/www.pagina12.com.ar\/569660-una-palanca-para-el-desarrollo-federal\">Pablo Ceriani<\/a>; el director comercial de esa empresa, Fabi\u00e1n Lombardo; el CEO de Flybondi, Mauricio Sana; el gerente general de JetsMart Argentina, Gonzalo P\u00e9rez Corral; el CEO de Andes, Miguel Ziadi; y el gerente general de esa firma, Horacio Preneste.<\/p>\n","protected":false},"excerpt":{"rendered":"<p>El Gobierno anunci\u00f3 la incorporaci\u00f3n de cuatro compa\u00f1\u00edas a\u00e9reas al programa de\u00a0Precios Justos. As\u00ed, las tarifas de vuelos a destinos nacionales de Aerol\u00edneas Argentinas, Andes, FlyBondi y JetSmart tendr\u00e1n un tope de aumento del 4% mensual durante 120 d\u00edas, entre el 1\u00b0 de agosto y el 30 de noviembre. Adem\u00e1s, habr\u00e1 un descuento del 15% [&hellip;]<\/p>\n","protected":false},"author":3,"featured_media":102307,"comment_status":"open","ping_status":"open","sticky":false,"template":"","format":"standard","meta":{"footnotes":""},"categories":[7],"tags":[],"class_list":{"0":"post-102306","1":"post","2":"type-post","3":"status-publish","4":"format-standard","5":"has-post-thumbnail","7":"category-nac"},"_links":{"self":[{"href":"https:\/\/primicias2262.com\/noticias\/wp-json\/wp\/v2\/posts\/102306","targetHints":{"allow":["GET"]}}],"collection":[{"href":"https:\/\/primicias2262.com\/noticias\/wp-json\/wp\/v2\/posts"}],"about":[{"href":"https:\/\/primicias2262.com\/noticias\/wp-json\/wp\/v2\/types\/post"}],"author":[{"embeddable":true,"href":"https:\/\/primicias2262.com\/noticias\/wp-json\/wp\/v2\/users\/3"}],"replies":[{"embeddable":true,"href":"https:\/\/primicias2262.com\/noticias\/wp-json\/wp\/v2\/comments?post=102306"}],"version-history":[{"count":2,"href":"https:\/\/primicias2262.com\/noticias\/wp-json\/wp\/v2\/posts\/102306\/revisions"}],"predecessor-version":[{"id":102309,"href":"https:\/\/primicias2262.com\/noticias\/wp-json\/wp\/v2\/posts\/102306\/revisions\/102309"}],"wp:featuredmedia":[{"embeddable":true,"href":"https:\/\/primicias2262.com\/noticias\/wp-json\/wp\/v2\/media\/102307"}],"wp:attachment":[{"href":"https:\/\/primicias2262.com\/noticias\/wp-json\/wp\/v2\/media?parent=102306"}],"wp:term":[{"taxonomy":"category","embeddable":true,"href":"https:\/\/primicias2262.com\/noticias\/wp-json\/wp\/v2\/categories?post=102306"},{"taxonomy":"post_tag","embeddable":true,"href":"https:\/\/primicias2262.com\/noticias\/wp-json\/wp\/v2\/tags?post=102306"}],"curies":[{"name":"wp","href":"https:\/\/api.w.org\/{rel}","templated":true}]}}