{"id":102329,"date":"2023-07-28T17:00:42","date_gmt":"2023-07-28T17:00:42","guid":{"rendered":"https:\/\/primicias2262.com\/noticias\/?p=102329"},"modified":"2023-07-30T15:34:18","modified_gmt":"2023-07-30T15:34:18","slug":"el-modus-operandi-de-rivero-en-politica-siempre-fue-ocupar-cargos-sin-poner-encima-el-interes-colectivo","status":"publish","type":"post","link":"https:\/\/primicias2262.com\/noticias\/el-modus-operandi-de-rivero-en-politica-siempre-fue-ocupar-cargos-sin-poner-encima-el-interes-colectivo\/","title":{"rendered":"\u201cEl modus operandi de Rivero en pol\u00edtica siempre fue ocupar cargos, sin poner encima el inter\u00e9s colectivo\u201d"},"content":{"rendered":"<p><strong>As\u00ed se manifest\u00f3 el dirigente del Movimiento Evita local, Luciano Lescano, en referencia al presidente del Partido Justicialista y precandidato a intendente de la lista n\u00ba2 de Uni\u00f3n por la Patria, Marcelo Rivero, quien a su criterio \u201cencarna parte del problema actual de Necochea\u201d.<\/strong><\/p>\n<p>En \u201cVoces de la Ciudad\u201d, Lescano no se guard\u00f3 nada al establecer, a su criterio, las principales diferencias entre Mauro Vel\u00e1zquez (precandidato del Frente Renovador al que acompa\u00f1a el ME) y el \u201cChelo\u201d Rivero. Lo hizo durante una nota realizada por el periodista Jorge G\u00f3mez.<\/p>\n<p>Al ser consultado por las diferentes miradas respecto a las listas del presidente del PJ y Daniel \u201cYanqui\u201d L\u00f3pez (en este caso postulando la presidencia de uan Grabois), Lescano pr\u00e1cticamente que obvi\u00f3 al \u201cYanqui\u201d y apunt\u00f3 todos sus ca\u00f1ones hacia Rivero. \u201cLa principal diferencia con Rivero es quien encabeza\u2026 Mauro Vel\u00e1zquez es un joven dirigente de Necochea que viene de una larga militancia, y Marcelo Rivero tiene una larga trayectoria dentro del peronismo, ha ocupado cargos a lo largo de la historia de Necochea y tiene una larga experiencia, pero es la experiencia que nosotros vemos en el sentido de que es parte del problema de la dirigencia de Necochea\u201d, comenz\u00f3 esgrimiendo.<\/p>\n<p>Seguidamente, aport\u00f3 que \u201cnosotros aspiramos a una renovaci\u00f3n de la dirigencia local y Marcelo Rivero no la encarna, m\u00e1s bien encarna parte del problema\u2026 y nosotros aspiramos a una renovaci\u00f3n de las pr\u00e1cticas pol\u00edticas, entendemos que hay que desterrar ciertas pr\u00e1cticas clientelares que se tienen sobre la ciudadan\u00eda y algunas pr\u00e1cticas que tienden a hacer solo pol\u00edtica en los a\u00f1os electorales y despu\u00e9s pr\u00e1cticamente se tenga el partido (Justicialista) para reuniones y no se tome un compromiso verdadero con la ciudadan\u00eda\u201d.<\/p>\n<p><a href=\"https:\/\/primicias2262.com\/noticias\/wp-content\/uploads\/2023\/07\/luciano-lescano-2.jpeg\"><img loading=\"lazy\" decoding=\"async\" class=\"aligncenter size-full wp-image-102340\" src=\"https:\/\/primicias2262.com\/noticias\/wp-content\/uploads\/2023\/07\/luciano-lescano-2.jpeg\" alt=\"\" width=\"1024\" height=\"768\" srcset=\"https:\/\/primicias2262.com\/noticias\/wp-content\/uploads\/2023\/07\/luciano-lescano-2.jpeg 1024w, https:\/\/primicias2262.com\/noticias\/wp-content\/uploads\/2023\/07\/luciano-lescano-2-300x225.jpeg 300w, https:\/\/primicias2262.com\/noticias\/wp-content\/uploads\/2023\/07\/luciano-lescano-2-768x576.jpeg 768w, https:\/\/primicias2262.com\/noticias\/wp-content\/uploads\/2023\/07\/luciano-lescano-2-150x113.jpeg 150w, https:\/\/primicias2262.com\/noticias\/wp-content\/uploads\/2023\/07\/luciano-lescano-2-696x522.jpeg 696w\" sizes=\"auto, (max-width: 1024px) 100vw, 1024px\" \/><\/a>Lejos de frenar, Lescano sigui\u00f3 argumentando que \u201cel Movimiento Evita y el Frente Renovador hemos logrado ser una opci\u00f3n de gobierno al actual gobierno municipal de Arturo Rojas, lo que no compartimos con la lista N\u00ba 2 de Marcelo Rivero, la cual muchos de sus integrantes han acompa\u00f1ado al actual intendente y no han construido una alternativa de oposici\u00f3n. Por ejemplo, Rivero fue uno de los gestores de la obra en Barrio Malvones, que hoy est\u00e1 inconclusa y los vecinos est\u00e1n esperando cu\u00e1ndo se va a inaugurar la obra\u201d.<\/p>\n<p>Otro \u00edtem que subray\u00f3 Lescano es \u201cla finalidad\u201d. \u201cNosotros aspiramos a tener una candidatura para ser gobierno, ocupar un lugar de poder y transformar la realidad de esta Necochea, mientras que el sentido \u00faltimo de la lista n\u00ba 2 siempre son los intereses personales de Marcelo Rivero, puesto que siempre su modus operandi en la pol\u00edtica ha sido ocupar cargos y funciones sin poner por encima el inter\u00e9s colectivo\u201d.<\/p>\n<p>En ese sentido, Luciano opin\u00f3 que \u201cMarcelo (Rivero) aspira a un cargo en Puerto Quequ\u00e9n\u2026 fue parte del Puerto en la gesti\u00f3n Costanzo (Ernesto) y yo creo que aspira a volver a ocupar un lugar ah\u00ed, ya que hay un puesto vacante, y es parte de esa estrategia\u201d.<\/p>\n<p>Incluso, se\u00f1al\u00f3 que \u201cel Partido Justicialista que encabeza Rivero tuvo la oportunidad de tener una banca en el Frente de Todos, como es el caso de Norma Al\u00ed, quien a los seis meses peg\u00f3 el salto para armar una banca unipersonal y hoy pr\u00e1cticamente es una aliada de Nueva Necochea. No queremos que vuelva a pasar eso, y por eso les decimos a los peronistas que voten a la lista N\u00ba 4 de Mauro Vel\u00e1zquez, Julio Zapata, Violeta P\u00e9rez Rosso, Mateo Boncore, Jesica Arce y dem\u00e1s, porque podr\u00e1n estar de acuerdo o no en el modo de accionar, pero siempre nos hemos mantenido en el espacio pol\u00edtico que representamos, nunca pegamos un salto ni traicionamos la voluntad de la gente\u201d.<\/p>\n<p>Para rematar en referencia al \u201cChelo\u201d, Lescano revel\u00f3 que \u201ctengo muchos compa\u00f1eros de la lista de Rivero que reconozco que trabajan todo el a\u00f1o, pero se los dije en su momento cuando se me ofreci\u00f3 ser parte de la lista, que si encabezaba Marcelo nosotros no ten\u00edamos nada que hacer ah\u00ed, porque entendemos que si queremos\u00a0 renovar la pol\u00edtica hay personas que no pueden encabezar una lista como intendente\u201d.<\/p>\n","protected":false},"excerpt":{"rendered":"<p>As\u00ed se manifest\u00f3 el dirigente del Movimiento Evita local, Luciano Lescano, en referencia al presidente del Partido Justicialista y precandidato a intendente de la lista n\u00ba2 de Uni\u00f3n por la Patria, Marcelo Rivero, quien a su criterio \u201cencarna parte del problema actual de Necochea\u201d. En \u201cVoces de la Ciudad\u201d, Lescano no se guard\u00f3 nada al [&hellip;]<\/p>\n","protected":false},"author":3,"featured_media":102331,"comment_status":"open","ping_status":"open","sticky":false,"template":"","format":"standard","meta":{"footnotes":""},"categories":[3],"tags":[],"class_list":["post-102329","post","type-post","status-publish","format-standard","has-post-thumbnail","category-masnoticias"],"_links":{"self":[{"href":"https:\/\/primicias2262.com\/noticias\/wp-json\/wp\/v2\/posts\/102329","targetHints":{"allow":["GET"]}}],"collection":[{"href":"https:\/\/primicias2262.com\/noticias\/wp-json\/wp\/v2\/posts"}],"about":[{"href":"https:\/\/primicias2262.com\/noticias\/wp-json\/wp\/v2\/types\/post"}],"author":[{"embeddable":true,"href":"https:\/\/primicias2262.com\/noticias\/wp-json\/wp\/v2\/users\/3"}],"replies":[{"embeddable":true,"href":"https:\/\/primicias2262.com\/noticias\/wp-json\/wp\/v2\/comments?post=102329"}],"version-history":[{"count":2,"href":"https:\/\/primicias2262.com\/noticias\/wp-json\/wp\/v2\/posts\/102329\/revisions"}],"predecessor-version":[{"id":102341,"href":"https:\/\/primicias2262.com\/noticias\/wp-json\/wp\/v2\/posts\/102329\/revisions\/102341"}],"wp:featuredmedia":[{"embeddable":true,"href":"https:\/\/primicias2262.com\/noticias\/wp-json\/wp\/v2\/media\/102331"}],"wp:attachment":[{"href":"https:\/\/primicias2262.com\/noticias\/wp-json\/wp\/v2\/media?parent=102329"}],"wp:term":[{"taxonomy":"category","embeddable":true,"href":"https:\/\/primicias2262.com\/noticias\/wp-json\/wp\/v2\/categories?post=102329"},{"taxonomy":"post_tag","embeddable":true,"href":"https:\/\/primicias2262.com\/noticias\/wp-json\/wp\/v2\/tags?post=102329"}],"curies":[{"name":"wp","href":"https:\/\/api.w.org\/{rel}","templated":true}]}}