{"id":102330,"date":"2023-07-28T17:07:48","date_gmt":"2023-07-28T17:07:48","guid":{"rendered":"https:\/\/primicias2262.com\/noticias\/?p=102330"},"modified":"2023-07-28T17:10:46","modified_gmt":"2023-07-28T17:10:46","slug":"el-lunes-31-abre-la-inscripcion-para-variados-cursos-acelerados-en-el-cpl-no-403","status":"publish","type":"post","link":"https:\/\/primicias2262.com\/noticias\/el-lunes-31-abre-la-inscripcion-para-variados-cursos-acelerados-en-el-cpl-no-403\/","title":{"rendered":"El lunes 31 abre la inscripci\u00f3n para variados cursos acelerados en el CPL N\u00ba 403"},"content":{"rendered":"<p><strong>El director del establecimiento que est\u00e1 en el Complejo Jesuita Cardiel, Gustavo Rodr\u00edguez, visit\u00f3 los estudios de \u201cVoces de la Ciudad\u201d y no solo subray\u00f3 que hay 46 cursos gratuitos en el Centro de Formaci\u00f3n Laboral a lo largo del a\u00f1o, sino que algunos son de r\u00e1pida salida laboral.<\/strong><\/p>\n<p>Durante una nota realizada por el periodista Jorge G\u00f3mez, quien en mayo \u00faltimo cumpli\u00f3 20 a\u00f1os como director del CFL N\u00ba 403 se refiri\u00f3 al \u00a0listado de cursos a dictarse tras el receso de invierno, para lo cual los interesados pueden anotarse en la instituci\u00f3n de lunes a viernes de 12 a 21.30, bajo los \u00fanicos requisitos de asistir con fotocopias de DNI y certificado de estudio.<\/p>\n<p>El programa de cursos del CFL est\u00e1 dentro del marco del Instituto provincial de Formaci\u00f3n Laboral, el certificado que se otorga es oficial de la Direcci\u00f3n General de Cultura y Educaci\u00f3n de la Provincia de Buenos Aires y todos son totalmente gratuitos. En su trayectoria, cuenta con unos 14 mil egresados y actualmente con alrededor de 600 alumnos, 23 instructores, tres preceptores, un regente, un secretario, una maestra de apoyo y tres auxiliares.<\/p>\n<p>Respecto a la inscripci\u00f3n a cursos que se abre este lunes 31 de julio, Rodr\u00edguez aclar\u00f3 que \u201cesto es la continuidad del trabajo que tenemos durante el ciclo lectivo con una oferta de 46 cursos, hay muchos que tienen una duraci\u00f3n de nueve meses y otros que son modulados, que comienzan despu\u00e9s de las vacaciones de invierno\u201d, como por ejemplo, forestador, inseminador artificial, productor de plantas de interior, operador de software para administrativo contable, control de manufactura de pescado, cocinero de medio oriente, mec\u00e1nica de transmisiones, organizaci\u00f3n y administraci\u00f3n de taller mec\u00e1nico, ingl\u00e9s para el \u00e1mbito agropecuario o elaboraci\u00f3n de productos de soja (en La Dulce).<\/p>\n<p><a href=\"https:\/\/primicias2262.com\/noticias\/wp-content\/uploads\/2023\/07\/CFL-403-3.jpg\"><img loading=\"lazy\" decoding=\"async\" class=\"alignleft size-medium wp-image-102335\" src=\"https:\/\/primicias2262.com\/noticias\/wp-content\/uploads\/2023\/07\/CFL-403-3-228x300.jpg\" alt=\"\" width=\"228\" height=\"300\" srcset=\"https:\/\/primicias2262.com\/noticias\/wp-content\/uploads\/2023\/07\/CFL-403-3-228x300.jpg 228w, https:\/\/primicias2262.com\/noticias\/wp-content\/uploads\/2023\/07\/CFL-403-3-150x197.jpg 150w, https:\/\/primicias2262.com\/noticias\/wp-content\/uploads\/2023\/07\/CFL-403-3-300x395.jpg 300w, https:\/\/primicias2262.com\/noticias\/wp-content\/uploads\/2023\/07\/CFL-403-3.jpg 526w\" sizes=\"auto, (max-width: 228px) 100vw, 228px\" \/><\/a>\u201cTienen una duraci\u00f3n m\u00e1xima de cuatro meses, y algunas son especialidades de dos o tres meses, generalmente son turnos vespertinos o de noche\u201d, acot\u00f3. En cuanto a esas especialidades intensivas, puntualiz\u00f3 por ejemplo que \u201cinseminador artificial es de una duraci\u00f3n de dos meses y medio y tiene salida laboral porque hay muchos productores agropecuarios, y la producci\u00f3n vacuna, tanto para carne como para leche es muy demandada\u201d.<\/p>\n<p>&nbsp;<\/p>\n<p>Resalt\u00f3 a continuaci\u00f3n que \u201ceste a\u00f1o tenemos alrededor de 600 alumnos, y tenemos tres \u00e1reas muy fuertes, la agropecuaria por supuesto por la UATRE que es la entidad conveniante; un \u00e1rea de mec\u00e1nica puesta en valor y fortalecida; y el \u00e1rea de inform\u00e1tica con cursos importantes como programador, dise\u00f1o de p\u00e1gina web u operador de software para administrativo contable\u201d.<\/p>\n<p>Con toda una trayectoria de fondo que avala a la instituci\u00f3n y por lo anteriormente expuesto, es que Rodr\u00edguez se\u00f1al\u00f3 finalmente que \u201cinvitamos a las personas desocupadas a que se acerquen para tener la posibilidad a trav\u00e9s de este certificado de acceder a la empleabilidad o a trav\u00e9s de la autogesti\u00f3n y emprendedurismo a poder vincularlos a diferentes programas; y a aquel que tiene trabajo le decimos que las capacitaciones le permiten jerarquizarse y acceder tal vez a un mejor puesto de trabajo, vinculado a una mayor remuneraci\u00f3n\u201d.<\/p>\n<div id='gallery-1' class='gallery galleryid-102330 gallery-columns-2 gallery-size-medium'><figure class='gallery-item'>\n\t\t\t<div class='gallery-icon landscape'>\n\t\t\t\t<a href='https:\/\/primicias2262.com\/noticias\/el-modus-operandi-de-rivero-en-politica-siempre-fue-ocupar-cargos-sin-poner-encima-el-interes-colectivo\/gustavo-rodrgiguez-cfl\/'><img loading=\"lazy\" decoding=\"async\" width=\"300\" height=\"225\" src=\"https:\/\/primicias2262.com\/noticias\/wp-content\/uploads\/2023\/07\/gustavo-rodrgiguez-cfl-300x225.jpeg\" class=\"attachment-medium size-medium\" alt=\"\" srcset=\"https:\/\/primicias2262.com\/noticias\/wp-content\/uploads\/2023\/07\/gustavo-rodrgiguez-cfl-300x225.jpeg 300w, https:\/\/primicias2262.com\/noticias\/wp-content\/uploads\/2023\/07\/gustavo-rodrgiguez-cfl-768x576.jpeg 768w, https:\/\/primicias2262.com\/noticias\/wp-content\/uploads\/2023\/07\/gustavo-rodrgiguez-cfl-150x113.jpeg 150w, https:\/\/primicias2262.com\/noticias\/wp-content\/uploads\/2023\/07\/gustavo-rodrgiguez-cfl-696x522.jpeg 696w, https:\/\/primicias2262.com\/noticias\/wp-content\/uploads\/2023\/07\/gustavo-rodrgiguez-cfl.jpeg 1024w\" sizes=\"auto, (max-width: 300px) 100vw, 300px\" \/><\/a>\n\t\t\t<\/div><\/figure><figure class='gallery-item'>\n\t\t\t<div class='gallery-icon landscape'>\n\t\t\t\t<a href='https:\/\/primicias2262.com\/noticias\/el-lunes-31-abre-la-inscripcion-para-variados-cursos-acelerados-en-el-cpl-no-403\/cfl-403\/'><img loading=\"lazy\" decoding=\"async\" width=\"300\" height=\"135\" src=\"https:\/\/primicias2262.com\/noticias\/wp-content\/uploads\/2023\/07\/cfl-403-300x135.jpg\" class=\"attachment-medium size-medium\" alt=\"\" srcset=\"https:\/\/primicias2262.com\/noticias\/wp-content\/uploads\/2023\/07\/cfl-403-300x135.jpg 300w, https:\/\/primicias2262.com\/noticias\/wp-content\/uploads\/2023\/07\/cfl-403-1024x462.jpg 1024w, https:\/\/primicias2262.com\/noticias\/wp-content\/uploads\/2023\/07\/cfl-403-768x346.jpg 768w, https:\/\/primicias2262.com\/noticias\/wp-content\/uploads\/2023\/07\/cfl-403-150x68.jpg 150w, https:\/\/primicias2262.com\/noticias\/wp-content\/uploads\/2023\/07\/cfl-403-696x314.jpg 696w, https:\/\/primicias2262.com\/noticias\/wp-content\/uploads\/2023\/07\/cfl-403-1068x481.jpg 1068w, https:\/\/primicias2262.com\/noticias\/wp-content\/uploads\/2023\/07\/cfl-403.jpg 1156w\" sizes=\"auto, (max-width: 300px) 100vw, 300px\" \/><\/a>\n\t\t\t<\/div><\/figure>\n\t\t<\/div>\n\n","protected":false},"excerpt":{"rendered":"<p>El director del establecimiento que est\u00e1 en el Complejo Jesuita Cardiel, Gustavo Rodr\u00edguez, visit\u00f3 los estudios de \u201cVoces de la Ciudad\u201d y no solo subray\u00f3 que hay 46 cursos gratuitos en el Centro de Formaci\u00f3n Laboral a lo largo del a\u00f1o, sino que algunos son de r\u00e1pida salida laboral. Durante una nota realizada por el [&hellip;]<\/p>\n","protected":false},"author":3,"featured_media":102336,"comment_status":"open","ping_status":"open","sticky":false,"template":"","format":"standard","meta":{"footnotes":""},"categories":[5],"tags":[],"class_list":{"0":"post-102330","1":"post","2":"type-post","3":"status-publish","4":"format-standard","5":"has-post-thumbnail","7":"category-neco"},"_links":{"self":[{"href":"https:\/\/primicias2262.com\/noticias\/wp-json\/wp\/v2\/posts\/102330","targetHints":{"allow":["GET"]}}],"collection":[{"href":"https:\/\/primicias2262.com\/noticias\/wp-json\/wp\/v2\/posts"}],"about":[{"href":"https:\/\/primicias2262.com\/noticias\/wp-json\/wp\/v2\/types\/post"}],"author":[{"embeddable":true,"href":"https:\/\/primicias2262.com\/noticias\/wp-json\/wp\/v2\/users\/3"}],"replies":[{"embeddable":true,"href":"https:\/\/primicias2262.com\/noticias\/wp-json\/wp\/v2\/comments?post=102330"}],"version-history":[{"count":3,"href":"https:\/\/primicias2262.com\/noticias\/wp-json\/wp\/v2\/posts\/102330\/revisions"}],"predecessor-version":[{"id":102343,"href":"https:\/\/primicias2262.com\/noticias\/wp-json\/wp\/v2\/posts\/102330\/revisions\/102343"}],"wp:featuredmedia":[{"embeddable":true,"href":"https:\/\/primicias2262.com\/noticias\/wp-json\/wp\/v2\/media\/102336"}],"wp:attachment":[{"href":"https:\/\/primicias2262.com\/noticias\/wp-json\/wp\/v2\/media?parent=102330"}],"wp:term":[{"taxonomy":"category","embeddable":true,"href":"https:\/\/primicias2262.com\/noticias\/wp-json\/wp\/v2\/categories?post=102330"},{"taxonomy":"post_tag","embeddable":true,"href":"https:\/\/primicias2262.com\/noticias\/wp-json\/wp\/v2\/tags?post=102330"}],"curies":[{"name":"wp","href":"https:\/\/api.w.org\/{rel}","templated":true}]}}