{"id":102347,"date":"2023-07-28T17:24:47","date_gmt":"2023-07-28T17:24:47","guid":{"rendered":"https:\/\/primicias2262.com\/noticias\/?p=102347"},"modified":"2023-07-28T17:24:47","modified_gmt":"2023-07-28T17:24:47","slug":"en-2019-dijimos-que-ibamos-hacia-una-nueva-necochea-y-hoy-lo-estamos-concretando-con-hechos","status":"publish","type":"post","link":"https:\/\/primicias2262.com\/noticias\/en-2019-dijimos-que-ibamos-hacia-una-nueva-necochea-y-hoy-lo-estamos-concretando-con-hechos\/","title":{"rendered":"\u201cEn 2019 dijimos que \u00edbamos hacia una Nueva Necochea y hoy lo estamos concretando con hechos\u201d"},"content":{"rendered":"<p><strong>As\u00ed lo afirm\u00f3 la consejera escolar Paula Arg\u00fcello, quien durante su visita a \u201cVoces de la Ciudad\u201d, explic\u00f3 por qu\u00e9 deber\u00eda seguir el oficialismo al frente de los destinos de la comuna, durante una nota realizada por el periodista Jorge G\u00f3mez.<\/strong><\/p>\n<p>Primeramente, la precandidata a consejera asegur\u00f3 que \u201cestamos todos los d\u00edas recorriendo todos los barrios como lo hemos hecho siempre, llevando la carta del intendente y la forma de votar, y la recepci\u00f3n es excelente. Charlamos mucho con los vecinos de las cosas que hay por hacer y concretar en la segunda gesti\u00f3n, y de lo que el vecino considere importante concretar\u2026 por supuesto que tambi\u00e9n hay gente enojada con su postura, a quienes intentamos convencer con nuestro trabajo, pero en l\u00edneas generales hay muy buena recepci\u00f3n\u201d.<\/p>\n<p>Desde Nueva Necochea \u201cno miramos ideolog\u00edas\u201d, aclar\u00f3, y afirm\u00f3 que \u201csomos un equipo de gente comprometida con el pago chico, tomamos el proyecto del intendente Arturo Rojas, que es una persona que se prepar\u00f3 durante a\u00f1os para ocupar el lugar que est\u00e1 ocupando, que tiene una forma de trabajo que construye y avanza\u201d, y fue all\u00ed cuando enfatiz\u00f3 que \u201cen 2019 dijimos que \u00edbamos hacia una Nueva Necochea, hoy lo estamos concretando con hechos y cambios en la ciudad, y no lo decimos solo nosotros, sino los vecinos, que ven a la ciudad en camino pujante y ven que son necesarios cuatros a\u00f1os m\u00e1s de gesti\u00f3n\u201d.<\/p>\n<p>En ese marco, Arg\u00fcello se\u00f1al\u00f3 su p\u00e1lpito de cara a las PASO y las generales de este a\u00f1o: \u201cLos vecinos en las elecciones hacemos cambios cuando las cosas est\u00e1n mal hechas, nos enojamos y cambiamos\u2026 pero cuando venimos en un camino de crecimiento, empuje y avance como ahora, no hacemos cambios\u201d. Por eso destac\u00f3 que el del vecino a Nueva Necochea \u201ces un voto positivo de confianza para seguir acompa\u00f1ando a la gesti\u00f3n, que ha demostrado que las cosas pueden cambiar, que llevan tiempo por supuesto, y de hecho hay much\u00edsimo por hacer, pero hemos hecho mucho\u201d.<\/p>\n<p>\u201cEs imposible estar al lado de Arturo y no levantarte cada d\u00eda pensando en qu\u00e9 vas a mejorar hoy o cu\u00e1l va a ser tu compromiso diario, porque es lo que nos ense\u00f1a\u201d, ponder\u00f3, y a la hora de mirar espec\u00edficamente hacia el Consejo Escolar, defini\u00f3 que \u201chemos trabajado mucho en el interior del distrito y hay un trabajo en equipo: es educaci\u00f3n y tenemos que trabajar para que las cosas sucedan, y si bien hay diferentes posturas siempre las ponemos sobre la mesa y llegamos a un acuerdo\u201d.<\/p>\n<p>Finalmente, como como precandidata a consejera Paula remarc\u00f3 que \u201cofrecemos seguir trabajando con el mismo compromiso como lo hacemos todos los d\u00edas desde que asumimos en 2019, por las escuelas, fijando prioridades sobre la mesa, ya que falta mucho, hemos recorrido y hay que seguir gestionando para la infraestructura de las escuelas, los accesos, las luminarias, el servicio alimenticio, el transporte, y ah\u00ed es donde intervenimos nosotros todos los d\u00edas\u201d.<\/p>\n","protected":false},"excerpt":{"rendered":"<p>As\u00ed lo afirm\u00f3 la consejera escolar Paula Arg\u00fcello, quien durante su visita a \u201cVoces de la Ciudad\u201d, explic\u00f3 por qu\u00e9 deber\u00eda seguir el oficialismo al frente de los destinos de la comuna, durante una nota realizada por el periodista Jorge G\u00f3mez. Primeramente, la precandidata a consejera asegur\u00f3 que \u201cestamos todos los d\u00edas recorriendo todos los [&hellip;]<\/p>\n","protected":false},"author":3,"featured_media":102348,"comment_status":"open","ping_status":"open","sticky":false,"template":"","format":"standard","meta":{"footnotes":""},"categories":[5],"tags":[],"class_list":{"0":"post-102347","1":"post","2":"type-post","3":"status-publish","4":"format-standard","5":"has-post-thumbnail","7":"category-neco"},"_links":{"self":[{"href":"https:\/\/primicias2262.com\/noticias\/wp-json\/wp\/v2\/posts\/102347","targetHints":{"allow":["GET"]}}],"collection":[{"href":"https:\/\/primicias2262.com\/noticias\/wp-json\/wp\/v2\/posts"}],"about":[{"href":"https:\/\/primicias2262.com\/noticias\/wp-json\/wp\/v2\/types\/post"}],"author":[{"embeddable":true,"href":"https:\/\/primicias2262.com\/noticias\/wp-json\/wp\/v2\/users\/3"}],"replies":[{"embeddable":true,"href":"https:\/\/primicias2262.com\/noticias\/wp-json\/wp\/v2\/comments?post=102347"}],"version-history":[{"count":1,"href":"https:\/\/primicias2262.com\/noticias\/wp-json\/wp\/v2\/posts\/102347\/revisions"}],"predecessor-version":[{"id":102353,"href":"https:\/\/primicias2262.com\/noticias\/wp-json\/wp\/v2\/posts\/102347\/revisions\/102353"}],"wp:featuredmedia":[{"embeddable":true,"href":"https:\/\/primicias2262.com\/noticias\/wp-json\/wp\/v2\/media\/102348"}],"wp:attachment":[{"href":"https:\/\/primicias2262.com\/noticias\/wp-json\/wp\/v2\/media?parent=102347"}],"wp:term":[{"taxonomy":"category","embeddable":true,"href":"https:\/\/primicias2262.com\/noticias\/wp-json\/wp\/v2\/categories?post=102347"},{"taxonomy":"post_tag","embeddable":true,"href":"https:\/\/primicias2262.com\/noticias\/wp-json\/wp\/v2\/tags?post=102347"}],"curies":[{"name":"wp","href":"https:\/\/api.w.org\/{rel}","templated":true}]}}