{"id":102355,"date":"2023-07-29T17:25:26","date_gmt":"2023-07-29T17:25:26","guid":{"rendered":"https:\/\/primicias2262.com\/noticias\/?p=102355"},"modified":"2023-07-31T16:27:06","modified_gmt":"2023-07-31T16:27:06","slug":"variada-agenda-de-shows-y-artistas-se-anuncia-por-el-169o-aniversario-de-quequen","status":"publish","type":"post","link":"https:\/\/primicias2262.com\/noticias\/variada-agenda-de-shows-y-artistas-se-anuncia-por-el-169o-aniversario-de-quequen\/","title":{"rendered":"Variada agenda de shows y artistas se anuncia por el 169\u00ba Aniversario de Quequ\u00e9n"},"content":{"rendered":"<p><strong>La Delegaci\u00f3n Municipal encabezada por Mario Wilgenhoff inform\u00f3 la agenda de variados espect\u00e1culos y shows art\u00edsticos que se desarrollar\u00e1n del viernes 4 al domingo 6 de agosto en la Plaza \u201cHip\u00f3lito Yrigoyen\u201d.<\/strong><\/p>\n<p>El pr\u00f3ximo jueves 3 de agosto, Quequ\u00e9n estar\u00e1 cumpliendo 169 a\u00f1os y los festejos de un nuevo aniversario se realizar\u00e1n del viernes 4 al domingo 6 en la Plaza \u201cHip\u00f3lito Yrigoyen\u201d, con tres jornadas repletas de actividades y shows art\u00edsticos. Los n\u00fameros musicales que se destacan son \u201cLa Nueva Luna\u201d y Nicol\u00e1s Mattioli.<\/p>\n<p>A una semana de las celebraciones, la Delegaci\u00f3n Municipal de Quequ\u00e9n, encabezada por Mario Wilgenhoff, dio a conocer el cronograma de espect\u00e1culos y artistas para cada uno de los d\u00edas de festejos que seguir\u00e1n al cumplimiento del 169\u00ba Aniversario de la fundaci\u00f3n de la ciudad.<\/p>\n<p><strong>Viernes 4 de agosto<\/strong><\/p>\n<ul>\n<li>15 hs. Suena Lun\u00e1tico<\/li>\n<li>15. 20 Alberto Dur\u00e9 y Oscar Zagame<\/li>\n<li>15.40 Lun\u00e1ticos<\/li>\n<li>16 hs. H\u00e9ctor Ariel<\/li>\n<li>16.20 Luisa Daniels<\/li>\n<li>17 hs. Ariel Lage<\/li>\n<li>17.20 Oscar Bravo<\/li>\n<li>17.40 Skoter<\/li>\n<li>18 hs. Gustavo Montoya<\/li>\n<li>18.30 Julio Lacasagne \u2013 Florencia Pinzone<\/li>\n<li>19 hs. Walter G\u00f3mez<\/li>\n<\/ul>\n<p><strong>S\u00e1bado 5 de agosto<\/strong><\/p>\n<ul>\n<li>15 hs. Marielenos<\/li>\n<li>15.40 \u201cOrkos de la nieve\u201d<\/li>\n<li>16 hs. Zumba kids \u2013Melina Casar\u00edn<\/li>\n<li>16.20 Atta Larluz<\/li>\n<li>16.40 Dancing Up \u2013 Roc\u00edo Llanos<\/li>\n<li>17 hs. Miguel S\u00e1nchez<\/li>\n<li>17.20 \u201cLitio\u201d<\/li>\n<li>17.40 \u201cRed Jagger\u201d<\/li>\n<li>18 hs. Guadalupe Peralta<\/li>\n<li>18.20 La Yunta Sabrosa<\/li>\n<li>18.40 Trasnochados<\/li>\n<li>19 hs. La Nueva Luna<\/li>\n<\/ul>\n<p><strong>Domingo 6 de agosto<\/strong><\/p>\n<ul>\n<li>14.30 Grupo Renacer<\/li>\n<li>15.40 Amigos del Quen \u2013 Quen<\/li>\n<li>16 hs. Grupo A\u00f1oranzas<\/li>\n<li>16.20 Fito Pinzone con la Agrupaci\u00f3n \u201cUnidos por la danza\u201d<\/li>\n<li>16.40 Canap\u00e9 de Polenta<\/li>\n<li>17.30 Banda Munich<\/li>\n<li>18 hs. Adabela<\/li>\n<li>18.30 Reyes de la Cumbia<\/li>\n<li>19 hs. Nicol\u00e1s Mattioli<\/li>\n<\/ul>\n<div id='gallery-1' class='gallery galleryid-102355 gallery-columns-3 gallery-size-medium'><figure class='gallery-item'>\n\t\t\t<div class='gallery-icon portrait'>\n\t\t\t\t<a href='https:\/\/primicias2262.com\/noticias\/en-2019-dijimos-que-ibamos-hacia-una-nueva-necochea-y-hoy-lo-estamos-concretando-con-hechos\/placa-aniversario-quequen-viernes\/'><img loading=\"lazy\" decoding=\"async\" width=\"240\" height=\"300\" src=\"https:\/\/primicias2262.com\/noticias\/wp-content\/uploads\/2023\/07\/PLACA-Aniversario-Quequen-viernes-240x300.jpeg\" class=\"attachment-medium size-medium\" alt=\"\" srcset=\"https:\/\/primicias2262.com\/noticias\/wp-content\/uploads\/2023\/07\/PLACA-Aniversario-Quequen-viernes-240x300.jpeg 240w, https:\/\/primicias2262.com\/noticias\/wp-content\/uploads\/2023\/07\/PLACA-Aniversario-Quequen-viernes-819x1024.jpeg 819w, https:\/\/primicias2262.com\/noticias\/wp-content\/uploads\/2023\/07\/PLACA-Aniversario-Quequen-viernes-768x960.jpeg 768w, https:\/\/primicias2262.com\/noticias\/wp-content\/uploads\/2023\/07\/PLACA-Aniversario-Quequen-viernes-1229x1536.jpeg 1229w, https:\/\/primicias2262.com\/noticias\/wp-content\/uploads\/2023\/07\/PLACA-Aniversario-Quequen-viernes-150x188.jpeg 150w, https:\/\/primicias2262.com\/noticias\/wp-content\/uploads\/2023\/07\/PLACA-Aniversario-Quequen-viernes-300x375.jpeg 300w, https:\/\/primicias2262.com\/noticias\/wp-content\/uploads\/2023\/07\/PLACA-Aniversario-Quequen-viernes-696x870.jpeg 696w, https:\/\/primicias2262.com\/noticias\/wp-content\/uploads\/2023\/07\/PLACA-Aniversario-Quequen-viernes-1068x1335.jpeg 1068w, https:\/\/primicias2262.com\/noticias\/wp-content\/uploads\/2023\/07\/PLACA-Aniversario-Quequen-viernes.jpeg 1280w\" sizes=\"auto, (max-width: 240px) 100vw, 240px\" \/><\/a>\n\t\t\t<\/div><\/figure><figure class='gallery-item'>\n\t\t\t<div class='gallery-icon portrait'>\n\t\t\t\t<a href='https:\/\/primicias2262.com\/noticias\/en-2019-dijimos-que-ibamos-hacia-una-nueva-necochea-y-hoy-lo-estamos-concretando-con-hechos\/placa-aniversario-quequen-sabado\/'><img loading=\"lazy\" decoding=\"async\" width=\"240\" height=\"300\" src=\"https:\/\/primicias2262.com\/noticias\/wp-content\/uploads\/2023\/07\/PLACA-Aniversario-Quequen-sabado-240x300.jpeg\" class=\"attachment-medium size-medium\" alt=\"\" srcset=\"https:\/\/primicias2262.com\/noticias\/wp-content\/uploads\/2023\/07\/PLACA-Aniversario-Quequen-sabado-240x300.jpeg 240w, https:\/\/primicias2262.com\/noticias\/wp-content\/uploads\/2023\/07\/PLACA-Aniversario-Quequen-sabado-819x1024.jpeg 819w, https:\/\/primicias2262.com\/noticias\/wp-content\/uploads\/2023\/07\/PLACA-Aniversario-Quequen-sabado-768x960.jpeg 768w, https:\/\/primicias2262.com\/noticias\/wp-content\/uploads\/2023\/07\/PLACA-Aniversario-Quequen-sabado-1229x1536.jpeg 1229w, https:\/\/primicias2262.com\/noticias\/wp-content\/uploads\/2023\/07\/PLACA-Aniversario-Quequen-sabado-150x188.jpeg 150w, https:\/\/primicias2262.com\/noticias\/wp-content\/uploads\/2023\/07\/PLACA-Aniversario-Quequen-sabado-300x375.jpeg 300w, https:\/\/primicias2262.com\/noticias\/wp-content\/uploads\/2023\/07\/PLACA-Aniversario-Quequen-sabado-696x870.jpeg 696w, https:\/\/primicias2262.com\/noticias\/wp-content\/uploads\/2023\/07\/PLACA-Aniversario-Quequen-sabado-1068x1335.jpeg 1068w, https:\/\/primicias2262.com\/noticias\/wp-content\/uploads\/2023\/07\/PLACA-Aniversario-Quequen-sabado.jpeg 1280w\" sizes=\"auto, (max-width: 240px) 100vw, 240px\" \/><\/a>\n\t\t\t<\/div><\/figure><figure class='gallery-item'>\n\t\t\t<div class='gallery-icon portrait'>\n\t\t\t\t<a href='https:\/\/primicias2262.com\/noticias\/en-2019-dijimos-que-ibamos-hacia-una-nueva-necochea-y-hoy-lo-estamos-concretando-con-hechos\/placa-aniversario-quequen-domingo\/'><img loading=\"lazy\" decoding=\"async\" width=\"240\" height=\"300\" src=\"https:\/\/primicias2262.com\/noticias\/wp-content\/uploads\/2023\/07\/PLACA-Aniversario-Quequen-domingo-240x300.jpeg\" class=\"attachment-medium size-medium\" alt=\"\" srcset=\"https:\/\/primicias2262.com\/noticias\/wp-content\/uploads\/2023\/07\/PLACA-Aniversario-Quequen-domingo-240x300.jpeg 240w, https:\/\/primicias2262.com\/noticias\/wp-content\/uploads\/2023\/07\/PLACA-Aniversario-Quequen-domingo-819x1024.jpeg 819w, https:\/\/primicias2262.com\/noticias\/wp-content\/uploads\/2023\/07\/PLACA-Aniversario-Quequen-domingo-768x960.jpeg 768w, https:\/\/primicias2262.com\/noticias\/wp-content\/uploads\/2023\/07\/PLACA-Aniversario-Quequen-domingo-1229x1536.jpeg 1229w, https:\/\/primicias2262.com\/noticias\/wp-content\/uploads\/2023\/07\/PLACA-Aniversario-Quequen-domingo-150x188.jpeg 150w, https:\/\/primicias2262.com\/noticias\/wp-content\/uploads\/2023\/07\/PLACA-Aniversario-Quequen-domingo-300x375.jpeg 300w, https:\/\/primicias2262.com\/noticias\/wp-content\/uploads\/2023\/07\/PLACA-Aniversario-Quequen-domingo-696x870.jpeg 696w, https:\/\/primicias2262.com\/noticias\/wp-content\/uploads\/2023\/07\/PLACA-Aniversario-Quequen-domingo-1068x1335.jpeg 1068w, https:\/\/primicias2262.com\/noticias\/wp-content\/uploads\/2023\/07\/PLACA-Aniversario-Quequen-domingo.jpeg 1280w\" sizes=\"auto, (max-width: 240px) 100vw, 240px\" \/><\/a>\n\t\t\t<\/div><\/figure>\n\t\t<\/div>\n\n<p><strong>Para la jornada del domingo, la Delegaci\u00f3n confirm\u00f3 adem\u00e1s la realizaci\u00f3n del desfile c\u00edvico militar a partir de las 12 en direcci\u00f3n a la plaza, cuya convocatoria a las banderas de ceremonia es a las 11.15 en 519 y 554, como as\u00ed el tradicional corte de la torta desde las 15.<\/strong><\/p>\n<p>En tanto, vale recordarse que el d\u00eda del aniversario, el jueves 3, se realizar\u00e1 el tedeum a las 10 de la ma\u00f1ana en la capilla Nuestra Se\u00f1ora de la Merced, en calle 509 N\u00ba 1465, seguido del acto protocolar que encabezar\u00e1 el intendente Arturo Rojas a las 11.45 frente a la iglesia, en la Plaza de los Ni\u00f1os. Para este caso, desde Protocolo se convoca \u00a0a las banderas a partir de las 10.30.<\/p>\n<div id='gallery-2' class='gallery galleryid-102355 gallery-columns-2 gallery-size-medium'><figure class='gallery-item'>\n\t\t\t<div class='gallery-icon landscape'>\n\t\t\t\t<a href='https:\/\/primicias2262.com\/noticias\/variada-agenda-de-shows-y-artistas-se-anuncia-por-el-169o-aniversario-de-quequen\/placa-invitacion-tedeum-acto-quequen\/'><img loading=\"lazy\" decoding=\"async\" width=\"300\" height=\"300\" src=\"https:\/\/primicias2262.com\/noticias\/wp-content\/uploads\/2023\/07\/PLACA-invitacion-tedeum-acto-Quequen-300x300.jpeg\" class=\"attachment-medium size-medium\" alt=\"\" srcset=\"https:\/\/primicias2262.com\/noticias\/wp-content\/uploads\/2023\/07\/PLACA-invitacion-tedeum-acto-Quequen-300x300.jpeg 300w, https:\/\/primicias2262.com\/noticias\/wp-content\/uploads\/2023\/07\/PLACA-invitacion-tedeum-acto-Quequen-1024x1024.jpeg 1024w, https:\/\/primicias2262.com\/noticias\/wp-content\/uploads\/2023\/07\/PLACA-invitacion-tedeum-acto-Quequen-150x150.jpeg 150w, https:\/\/primicias2262.com\/noticias\/wp-content\/uploads\/2023\/07\/PLACA-invitacion-tedeum-acto-Quequen-768x768.jpeg 768w, https:\/\/primicias2262.com\/noticias\/wp-content\/uploads\/2023\/07\/PLACA-invitacion-tedeum-acto-Quequen-1536x1536.jpeg 1536w, https:\/\/primicias2262.com\/noticias\/wp-content\/uploads\/2023\/07\/PLACA-invitacion-tedeum-acto-Quequen-696x696.jpeg 696w, https:\/\/primicias2262.com\/noticias\/wp-content\/uploads\/2023\/07\/PLACA-invitacion-tedeum-acto-Quequen-1068x1068.jpeg 1068w, https:\/\/primicias2262.com\/noticias\/wp-content\/uploads\/2023\/07\/PLACA-invitacion-tedeum-acto-Quequen.jpeg 1600w\" sizes=\"auto, (max-width: 300px) 100vw, 300px\" \/><\/a>\n\t\t\t<\/div><\/figure><figure class='gallery-item'>\n\t\t\t<div class='gallery-icon landscape'>\n\t\t\t\t<a href='https:\/\/primicias2262.com\/noticias\/variada-agenda-de-shows-y-artistas-se-anuncia-por-el-169o-aniversario-de-quequen\/placa-desfile-aniversario-quequen\/'><img loading=\"lazy\" decoding=\"async\" width=\"300\" height=\"300\" src=\"https:\/\/primicias2262.com\/noticias\/wp-content\/uploads\/2023\/07\/PLACA-Desfile-Aniversario-Quequen-300x300.jpeg\" class=\"attachment-medium size-medium\" alt=\"\" srcset=\"https:\/\/primicias2262.com\/noticias\/wp-content\/uploads\/2023\/07\/PLACA-Desfile-Aniversario-Quequen-300x300.jpeg 300w, https:\/\/primicias2262.com\/noticias\/wp-content\/uploads\/2023\/07\/PLACA-Desfile-Aniversario-Quequen-1024x1024.jpeg 1024w, https:\/\/primicias2262.com\/noticias\/wp-content\/uploads\/2023\/07\/PLACA-Desfile-Aniversario-Quequen-150x150.jpeg 150w, https:\/\/primicias2262.com\/noticias\/wp-content\/uploads\/2023\/07\/PLACA-Desfile-Aniversario-Quequen-768x768.jpeg 768w, https:\/\/primicias2262.com\/noticias\/wp-content\/uploads\/2023\/07\/PLACA-Desfile-Aniversario-Quequen-1536x1536.jpeg 1536w, https:\/\/primicias2262.com\/noticias\/wp-content\/uploads\/2023\/07\/PLACA-Desfile-Aniversario-Quequen-696x696.jpeg 696w, https:\/\/primicias2262.com\/noticias\/wp-content\/uploads\/2023\/07\/PLACA-Desfile-Aniversario-Quequen-1068x1068.jpeg 1068w, https:\/\/primicias2262.com\/noticias\/wp-content\/uploads\/2023\/07\/PLACA-Desfile-Aniversario-Quequen.jpeg 1600w\" sizes=\"auto, (max-width: 300px) 100vw, 300px\" \/><\/a>\n\t\t\t<\/div><\/figure>\n\t\t<\/div>\n\n","protected":false},"excerpt":{"rendered":"<p>La Delegaci\u00f3n Municipal encabezada por Mario Wilgenhoff inform\u00f3 la agenda de variados espect\u00e1culos y shows art\u00edsticos que se desarrollar\u00e1n del viernes 4 al domingo 6 de agosto en la Plaza \u201cHip\u00f3lito Yrigoyen\u201d. El pr\u00f3ximo jueves 3 de agosto, Quequ\u00e9n estar\u00e1 cumpliendo 169 a\u00f1os y los festejos de un nuevo aniversario se realizar\u00e1n del viernes 4 [&hellip;]<\/p>\n","protected":false},"author":3,"featured_media":102039,"comment_status":"open","ping_status":"open","sticky":false,"template":"","format":"standard","meta":{"footnotes":""},"categories":[3],"tags":[],"class_list":["post-102355","post","type-post","status-publish","format-standard","has-post-thumbnail","category-masnoticias"],"_links":{"self":[{"href":"https:\/\/primicias2262.com\/noticias\/wp-json\/wp\/v2\/posts\/102355","targetHints":{"allow":["GET"]}}],"collection":[{"href":"https:\/\/primicias2262.com\/noticias\/wp-json\/wp\/v2\/posts"}],"about":[{"href":"https:\/\/primicias2262.com\/noticias\/wp-json\/wp\/v2\/types\/post"}],"author":[{"embeddable":true,"href":"https:\/\/primicias2262.com\/noticias\/wp-json\/wp\/v2\/users\/3"}],"replies":[{"embeddable":true,"href":"https:\/\/primicias2262.com\/noticias\/wp-json\/wp\/v2\/comments?post=102355"}],"version-history":[{"count":2,"href":"https:\/\/primicias2262.com\/noticias\/wp-json\/wp\/v2\/posts\/102355\/revisions"}],"predecessor-version":[{"id":102372,"href":"https:\/\/primicias2262.com\/noticias\/wp-json\/wp\/v2\/posts\/102355\/revisions\/102372"}],"wp:featuredmedia":[{"embeddable":true,"href":"https:\/\/primicias2262.com\/noticias\/wp-json\/wp\/v2\/media\/102039"}],"wp:attachment":[{"href":"https:\/\/primicias2262.com\/noticias\/wp-json\/wp\/v2\/media?parent=102355"}],"wp:term":[{"taxonomy":"category","embeddable":true,"href":"https:\/\/primicias2262.com\/noticias\/wp-json\/wp\/v2\/categories?post=102355"},{"taxonomy":"post_tag","embeddable":true,"href":"https:\/\/primicias2262.com\/noticias\/wp-json\/wp\/v2\/tags?post=102355"}],"curies":[{"name":"wp","href":"https:\/\/api.w.org\/{rel}","templated":true}]}}