{"id":102363,"date":"2023-07-28T17:37:27","date_gmt":"2023-07-28T17:37:27","guid":{"rendered":"https:\/\/primicias2262.com\/noticias\/?p=102363"},"modified":"2023-07-28T17:37:27","modified_gmt":"2023-07-28T17:37:27","slug":"jubilados-cobran-nuevo-extra-en-agosto-en-anses-quienes-acceden","status":"publish","type":"post","link":"https:\/\/primicias2262.com\/noticias\/jubilados-cobran-nuevo-extra-en-agosto-en-anses-quienes-acceden\/","title":{"rendered":"Jubilados cobran nuevo extra en agosto en Anses: qui\u00e9nes acceden"},"content":{"rendered":"<div class=\"col 2-col\">\n<div class=\"article-main-content article-text \">\n<p>La <a href=\"https:\/\/www.pagina12.com.ar\/567158-nuevo-beneficio-de-anses-para-jubilados-2023-paso-a-paso-com\"><b>Anses<\/b><\/a><b> <\/b>confirm\u00f3 que por el aumento del Salario M\u00ednimo, Vital y M\u00f3vil, oficializado a mediados de julio, cerca de <b>1 mill\u00f3n y medio de jubilados <\/b>y pensionados cobrar\u00e1n del 7 al 11 de agosto <b>dos montos extra.<\/b><\/p>\n<p>En concreto, a trav\u00e9s de la publicaci\u00f3n en el Bolet\u00edn Oficial de la resoluci\u00f3n 10\/23 el <a href=\"https:\/\/www.pagina12.com.ar\/568743-el-gobierno-oficializo-el-aumento-del-salario-minimo#:~:text=En%20tanto%2C%20desde%20el%201,se%20establece%20en%20590%20pesos.\">Gobierno <b>oficializ\u00f3 la suba del salario m\u00ednimo<\/b><\/a><b> a 105.500 pesos<\/b> a partir del 1 de julio, lo que tiene un efecto inmediato en todas las prestaciones sociales.<\/p>\n<div id=\"talkFireEvent\"><\/div>\n<p>En este caso en particular, los <b>jubilados <\/b>cobrar\u00e1n dos adicionales: el primero de <b>15 mil pesos<\/b> correspondiente a julio y el segundo de <b>21 mil pesos por agosto<\/b>.<\/p>\n<p>A esto se le sumar\u00e1 un <b>refuerzo de 20 mil pesos a los jubilados de la m\u00ednima<\/b> con el calendario de pago habitual.<\/p>\n<p>Con este calendario, un jubilado o pensionado que cobra la m\u00ednima <a href=\"https:\/\/www.pagina12.com.ar\/564635-moratoria-previsional-trabajadores-activos-podran-saldar-cuo\">con 30 a\u00f1os o m\u00e1s de aportes<\/a> efectivos recibir\u00e1 en agosto <b>127.822 pesos.<\/b><\/p>\n<h2>Qui\u00e9nes cobra el bono extra<\/h2>\n<p>Para acceder al refuerzo es necesario cobrar hasta un haber m\u00ednimo jubilatorio, que en julio equivale a <b>$70.938.<\/b><\/p>\n<p>Aquellos jubilados y pensionados que perciban un haber m\u00e1s alto, <b>cobrar\u00e1n un bono variable<\/b> cuyo valor ir\u00e1 decreciendo hasta los $5.000.<\/p>\n<h2>Calendario de pagos de los bonos extra para jubilados<\/h2>\n<p>La fecha del pago de los bonos extra para jubilados quedan suscritos a la terminaci\u00f3n del DNI de cada beneficiario, <b>por lo que la grilla queda de la siguiente manera<\/b>:<\/p>\n<ul>\n<li>DNI terminados en <b>0<\/b> y <b>1<\/b>: 7 de agosto<\/li>\n<li>DNI terminados en <b>2<\/b> y <b>3<\/b>: 8 de agosto<\/li>\n<li>DNI terminados en <b>4<\/b> y <b>5<\/b>: 9 de agosto<\/li>\n<li>DNI terminados en <b>6<\/b> y <b>7<\/b>: 10 de agosto<\/li>\n<li>DNI terminados en <b>8<\/b> y <b>9<\/b>: 11 de agosto<\/li>\n<\/ul>\n<\/div>\n<\/div>\n","protected":false},"excerpt":{"rendered":"<p>La Anses confirm\u00f3 que por el aumento del Salario M\u00ednimo, Vital y M\u00f3vil, oficializado a mediados de julio, cerca de 1 mill\u00f3n y medio de jubilados y pensionados cobrar\u00e1n del 7 al 11 de agosto dos montos extra. En concreto, a trav\u00e9s de la publicaci\u00f3n en el Bolet\u00edn Oficial de la resoluci\u00f3n 10\/23 el Gobierno [&hellip;]<\/p>\n","protected":false},"author":3,"featured_media":102364,"comment_status":"open","ping_status":"open","sticky":false,"template":"","format":"standard","meta":{"footnotes":""},"categories":[7],"tags":[],"class_list":{"0":"post-102363","1":"post","2":"type-post","3":"status-publish","4":"format-standard","5":"has-post-thumbnail","7":"category-nac"},"_links":{"self":[{"href":"https:\/\/primicias2262.com\/noticias\/wp-json\/wp\/v2\/posts\/102363","targetHints":{"allow":["GET"]}}],"collection":[{"href":"https:\/\/primicias2262.com\/noticias\/wp-json\/wp\/v2\/posts"}],"about":[{"href":"https:\/\/primicias2262.com\/noticias\/wp-json\/wp\/v2\/types\/post"}],"author":[{"embeddable":true,"href":"https:\/\/primicias2262.com\/noticias\/wp-json\/wp\/v2\/users\/3"}],"replies":[{"embeddable":true,"href":"https:\/\/primicias2262.com\/noticias\/wp-json\/wp\/v2\/comments?post=102363"}],"version-history":[{"count":1,"href":"https:\/\/primicias2262.com\/noticias\/wp-json\/wp\/v2\/posts\/102363\/revisions"}],"predecessor-version":[{"id":102365,"href":"https:\/\/primicias2262.com\/noticias\/wp-json\/wp\/v2\/posts\/102363\/revisions\/102365"}],"wp:featuredmedia":[{"embeddable":true,"href":"https:\/\/primicias2262.com\/noticias\/wp-json\/wp\/v2\/media\/102364"}],"wp:attachment":[{"href":"https:\/\/primicias2262.com\/noticias\/wp-json\/wp\/v2\/media?parent=102363"}],"wp:term":[{"taxonomy":"category","embeddable":true,"href":"https:\/\/primicias2262.com\/noticias\/wp-json\/wp\/v2\/categories?post=102363"},{"taxonomy":"post_tag","embeddable":true,"href":"https:\/\/primicias2262.com\/noticias\/wp-json\/wp\/v2\/tags?post=102363"}],"curies":[{"name":"wp","href":"https:\/\/api.w.org\/{rel}","templated":true}]}}