{"id":102369,"date":"2023-07-28T17:39:41","date_gmt":"2023-07-28T17:39:41","guid":{"rendered":"https:\/\/primicias2262.com\/noticias\/?p=102369"},"modified":"2023-07-28T17:39:41","modified_gmt":"2023-07-28T17:39:41","slug":"kicillof-lidera-los-sondeos-y-santilli-duplica-comodamente-a-grindetti","status":"publish","type":"post","link":"https:\/\/primicias2262.com\/noticias\/kicillof-lidera-los-sondeos-y-santilli-duplica-comodamente-a-grindetti\/","title":{"rendered":"Kicillof lidera los sondeos y Santilli duplica c\u00f3modamente a Grindetti"},"content":{"rendered":"<div class=\"col 2-col\">\n<div class=\"article-main-content article-text \">\n<p>Cuando falta un poco m\u00e1s de dos semanas para el turno electoral de agosto, en la interna de Juntos a gobernador y vice, <b>Diego Santilli<\/b> y <b>Gustavo Posse <\/b>duplican al binomio bullrichista, compuesto por <b>N\u00e9stor Grindetti<\/b> y <b>Miguel Fern\u00e1ndez<\/b>. Estos, a su vez, son superados por la f\u00f3rmula de <b>La Libertad Avanza<\/b>, compuesta por <b>Carolina P\u00edparo<\/b> y <b>Francisco Oneto<\/b>. Por su parte, <b>Axel Kicillof<\/b> y <b>Ver\u00f3nica Magario<\/b> superan a la sumatoria de ambas f\u00f3rmulas de <b>Juntos por el Cambio<\/b>.<\/p>\n<p>Los datos surgen de un informe de la consultora <b>Isonom\u00eda<\/b>, realizado entre el 29 de junio y el 12 de julio, con una muestra de 2007 casos y que contempla un margen de error de 2 puntos. <b>Se trat\u00f3 de una encuesta presencial, metodolog\u00eda que le agrega valor por encima de las que se realizan de modo digital o telef\u00f3nico.<\/b> Es la modalidad de recolecci\u00f3n de datos que los expertos consideran m\u00e1s confiable, pero la que menos se utiliza porque, frente a otras alternativas, tiene costos muy elevados.<\/p>\n<div id=\"talkFireEvent\"><\/div>\n<p>La encuesta muestra, por orden decreciente, a <b>Kicillof primero con 33,5 puntos<\/b>, seguido por <b>Diego Santilli con 21,5<\/b>. Luego la f\u00f3rmula que lidera <b>Carolina P\u00edparo con 9,8 <\/b>y <b>N\u00e9stor Grindetti con 9,6<\/b> por ciento. Si se los midiera por marca, bajo el supuesto de que el ganador de la interna opositora pudiera retener todos los votos de su oponente, <b>Kicillof seguir\u00eda arriba con tres 33,5 puntos frente a los 30,5 del espacio amarillo.<\/b><\/p>\n<p>Seg\u00fan este sondeo, los indecisos muestran un n\u00famero elevado: 16,5 puntos. Si se los proyecta, Kicillof supera los 39 y Santilli ara\u00f1a los 35, de manera que la diferencia se estira a m\u00e1s de 4 puntos, claramente por arriba del margen del error contemplado.<\/p>\n<p>La encuesta tambi\u00e9n mide los pisos y techos de los principales candidatos. Ese punto muestra que, llamativamente y a pesar de tener un nivel de desconocimiento muy superior al de su rival interno (22 puntos contra 9), N\u00e9stor Grindetti tiene tambi\u00e9n un rechazo superior al de Diego Santilli. Mientras que al primero \u201cno lo votar\u00eda nunca\u201d el 42 por ciento de los consultados, en el caso del de Lan\u00fas, la medici\u00f3n alcanza a 52 de cada cien consultados.<\/p>\n<p>La mayor instalaci\u00f3n de Santilli respecto de Grindetti se debe a que \u00e9sta es su segunda campa\u00f1a bonaerense. La primera fue en la elecci\u00f3n de medio t\u00e9rmino de 2021, cuando derrot\u00f3 a Manes y luego igual\u00f3 con Victoria Tolosa Paz. Antes, hab\u00eda sido vicejefe de gobierno de la Ciudad de Buenos Aires.<\/p>\n<p>Desde 2015 hasta hace poco, Grindetti fue intendente de Lan\u00fas, uno de los distritos m\u00e1s populosos del conurbano sur, que integra la tercera secci\u00f3n electoral, y \u00e9sta es su primera recorrida completa por la provincia en calidad de candidato.<\/p>\n<p>En paralelo a su actividad pol\u00edtica, durante el \u00faltimo a\u00f1o, Grindetti tuvo visibilidad nacional por su actividad en el Club Atl\u00e9tico Independiente, primero como opositor a Hugo Moyano y armador de la candidatura de Fabi\u00e1n Doman. Desde hace tres meses, cuando Doman renunci\u00f3 de manera intempestiva, como quien completar\u00e1 el mandato.<\/p>\n<p>Independiente atraviesa una de sus horas m\u00e1s cr\u00edticas: navega por los puestos m\u00e1s bajos de la tabla, su permanencia en primera est\u00e1 amenazada y depende de la recaudaci\u00f3n que tenga la colecta del influencer Santiago Maratea para achicar su pesado pasivo.<\/p>\n<p>De todas maneras, queda por verse la performance de los candidatos a gobernador atada a la de sus respectivos aspirantes presidenciales, es decir, los binomios Massa-Kicillof, Rodr\u00edguez Larreta-Santilli, Bullrich-Grindetti y Milei-P\u00edparo respectivamente. Las boletas a gobernador no estar\u00e1n sueltas en el cuarto oscuro, sino que tendr\u00e1n a su izquierda la boleta presidencial y la legislativa nacional.<\/p>\n<p>Aunque este estudio s\u00f3lo aborda la categor\u00eda gobernador, la mayor\u00eda de las encuestas que sondean a los candidatos a la presidencia coinciden en se\u00f1alar a Sergio Massa como el candidato individual m\u00e1s votado, a Bullrich por encima de Larreta y a la sumatoria de ambos superando a UxP por un margen menor al error muestral.<\/p>\n<p>Isonom\u00eda es la consultora que dirige el polit\u00f3logo Juan Germano. Su trabajo le arranc\u00f3 una sonrisa esperanzada al larretismo que conf\u00eda en que los recientes derrapes de Patricia Bullrich, que van del \u00abblindaje\u00bb al cantito de \u00abArgentina sin Cristina\u00bb, se multiplicar\u00e1n en la recta final y le dar\u00e1n los puntos necesarios para imponerse y competir en octubre.<\/p>\n<\/div>\n<\/div>\n","protected":false},"excerpt":{"rendered":"<p>Cuando falta un poco m\u00e1s de dos semanas para el turno electoral de agosto, en la interna de Juntos a gobernador y vice, Diego Santilli y Gustavo Posse duplican al binomio bullrichista, compuesto por N\u00e9stor Grindetti y Miguel Fern\u00e1ndez. Estos, a su vez, son superados por la f\u00f3rmula de La Libertad Avanza, compuesta por Carolina [&hellip;]<\/p>\n","protected":false},"author":3,"featured_media":102370,"comment_status":"open","ping_status":"open","sticky":false,"template":"","format":"standard","meta":{"footnotes":""},"categories":[7],"tags":[],"class_list":{"0":"post-102369","1":"post","2":"type-post","3":"status-publish","4":"format-standard","5":"has-post-thumbnail","7":"category-nac"},"_links":{"self":[{"href":"https:\/\/primicias2262.com\/noticias\/wp-json\/wp\/v2\/posts\/102369","targetHints":{"allow":["GET"]}}],"collection":[{"href":"https:\/\/primicias2262.com\/noticias\/wp-json\/wp\/v2\/posts"}],"about":[{"href":"https:\/\/primicias2262.com\/noticias\/wp-json\/wp\/v2\/types\/post"}],"author":[{"embeddable":true,"href":"https:\/\/primicias2262.com\/noticias\/wp-json\/wp\/v2\/users\/3"}],"replies":[{"embeddable":true,"href":"https:\/\/primicias2262.com\/noticias\/wp-json\/wp\/v2\/comments?post=102369"}],"version-history":[{"count":1,"href":"https:\/\/primicias2262.com\/noticias\/wp-json\/wp\/v2\/posts\/102369\/revisions"}],"predecessor-version":[{"id":102371,"href":"https:\/\/primicias2262.com\/noticias\/wp-json\/wp\/v2\/posts\/102369\/revisions\/102371"}],"wp:featuredmedia":[{"embeddable":true,"href":"https:\/\/primicias2262.com\/noticias\/wp-json\/wp\/v2\/media\/102370"}],"wp:attachment":[{"href":"https:\/\/primicias2262.com\/noticias\/wp-json\/wp\/v2\/media?parent=102369"}],"wp:term":[{"taxonomy":"category","embeddable":true,"href":"https:\/\/primicias2262.com\/noticias\/wp-json\/wp\/v2\/categories?post=102369"},{"taxonomy":"post_tag","embeddable":true,"href":"https:\/\/primicias2262.com\/noticias\/wp-json\/wp\/v2\/tags?post=102369"}],"curies":[{"name":"wp","href":"https:\/\/api.w.org\/{rel}","templated":true}]}}