{"id":102373,"date":"2023-07-30T15:33:33","date_gmt":"2023-07-30T15:33:33","guid":{"rendered":"https:\/\/primicias2262.com\/noticias\/?p=102373"},"modified":"2023-07-31T17:26:22","modified_gmt":"2023-07-31T17:26:22","slug":"brutal-paliza-en-necochea-los-tres-patovicas-quedaron-en-libertad","status":"publish","type":"post","link":"https:\/\/primicias2262.com\/noticias\/brutal-paliza-en-necochea-los-tres-patovicas-quedaron-en-libertad\/","title":{"rendered":"Brutal paliza en Necochea: los tres patovicas quedaron en libertad"},"content":{"rendered":"<p>Los tres patovicas involucrados en la brutal golpiza ocurrida en el\u00a0<a href=\"https:\/\/tn.com.ar\/policiales\/2023\/07\/24\/necochea-viralizaron-videos-de-una-brutal-golpiza-que-ocurrio-a-la-salida-de-un-boliche\/\" target=\"_blank\" rel=\"noopener\">bar Tom Jones <\/a>\u00a0recuperaron su libertad luego de que la car\u00e1tula de la causa pasara de ser \u201clesiones leves\u201d.<b>\u00a0C\u00e9sar Jorge Mart\u00ednez, Alan Nahuel Pirrota y Gonzalo Jos\u00e9 Rold\u00e1n\u00a0<\/b>hab\u00edan sido detenidos el lunes pasado y el martes se negaron a declarar.<\/p>\n<p>Los familiares de las\u00a0<b>Hugo Aguilar y su hijo Jos\u00e9<\/b>, las v\u00edctimas de la paliza, se concentraban este domingo para reclamar que los patovicas no quedaran libres. Y ped\u00edan para que el hecho no quede impune.<\/p>\n<p class=\"paragraph\">\u201cGracias a Dios se puede contar. Esta gente sali\u00f3 a cualquier cosa\u201d, expres\u00f3 Hugo Aguilar este domingo en di\u00e1logo con\u00a0<i><b>TN<\/b><\/i>, minutos antes de que los patovicas fueran liberados. Y asegur\u00f3 que si los patovicas siguen libres\u00a0<b>\u201cvamos a seguir para que esto no siga impune\u201d<\/b>. Y lament\u00f3 que nadie del bar \u201cnadie se acerc\u00f3 para brindar ninguna ayuda\u201d.<\/p>\n<p class=\"paragraph\">Los tres acusados, dos de ellos con reconocida experiencia en deportes de combate, est\u00e1n comprometidos por las c\u00e1maras de seguridad del local nocturno y por diferentes videos realizados de distintos celulares de testigos ocasionales que se encontraban en el momento del hecho, los que fueron sumados a la causa.<\/p>\n<div id=\"fusion-app\" class=\"fusion-app\">\n<div class=\"common-layout wrapper-layout center-content center_story max-width story\">\n<div class=\"col-content\">\n<p>&nbsp;<\/p>\n<div class=\"default-article-color article__body article__article\">\n<p class=\"paragraph\">En las im\u00e1genes se ve claramente la agresi\u00f3n violenta que propinan los tres detenidos sobre dos personas, que son padre e hijo, indic\u00f3 una fuente de la investigaci\u00f3n.<\/p>\n<p class=\"paragraph\">Los hechos ocurrieron durante la madrugada de este domingo, cerca de las 4, y la acci\u00f3n judicial comenz\u00f3 de oficio, a partir de videos registrados por testigos que permitieron ver que el personal de seguridad golpea a dos de varias personas que esperaban en la puerta con intenciones de ingresar al local nocturno.<\/p>\n<p class=\"paragraph\">Entre los disturbios,\u00a0<b>se ve claramente en los videos que la peor parte se la llevaron Hugo Aguilar y su hijo Jos\u00e9<\/b>, quienes sufrieron traumatismos varios producto de golpes de pu\u00f1o y patadas que recibieron por parte de los detenidos.<\/p>\n<p class=\"paragraph\">El domingo pasado, ambas v\u00edctimas radicaron la denuncia en la comisaria tercera de Necochea y ante la fiscal\u00eda, cuyo responsable luego de analizar las c\u00e1maras de seguridad y la declaraci\u00f3n de testigos solicit\u00f3 ayer al juez de Garant\u00edas N\u00ba1, Guillermo Ludgar, la detenci\u00f3n de los hombres.<\/p>\n<p class=\"paragraph\">Tras el pedido, el juez dispuso la detenci\u00f3n de los mismos que se hizo efectiva en la tarde de ayer. Adem\u00e1s, los due\u00f1os del local nocturno resolvieron echar a los involucrados en tanto que el municipio resolvi\u00f3 clausurar ese espacio de esparcimiento por algunos incumplimientos de normas comunales.<\/p>\n<\/div>\n<p>&nbsp;<\/p>\n<\/div>\n<aside class=\"col-right-rail right-rail\">\n<div id=\"parent-ad-slot-caja\" class=\"ad-container caja_ad \">\n<div class=\"ad-content\">\n<div id=\"ad-slot-caja\" class=\"ad-slot-caja ad-slot\" data-adtype=\"caja\" data-google-query-id=\"CKbQ7ZzftoADFbKjlQIdD8IBZg\"><\/div>\n<\/div>\n<\/div>\n<\/aside>\n<\/div>\n<div class=\"wrapper-layout center-content max-width\"><\/div>\n<footer class=\"footer\">\n<div class=\"footer__body\">\n<div class=\"footer__row row\">\n<div class=\"col desktop-3 tablet-0 mobile-0 latest-news\">\n<p>&nbsp;<\/p>\n<\/div>\n<\/div>\n<\/div>\n<\/footer>\n<\/div>\n<div id=\"ad-slot-itt\" class=\"\"><\/div>\n","protected":false},"excerpt":{"rendered":"<p>Los tres patovicas involucrados en la brutal golpiza ocurrida en el\u00a0bar Tom Jones \u00a0recuperaron su libertad luego de que la car\u00e1tula de la causa pasara de ser \u201clesiones leves\u201d.\u00a0C\u00e9sar Jorge Mart\u00ednez, Alan Nahuel Pirrota y Gonzalo Jos\u00e9 Rold\u00e1n\u00a0hab\u00edan sido detenidos el lunes pasado y el martes se negaron a declarar. Los familiares de las\u00a0Hugo Aguilar [&hellip;]<\/p>\n","protected":false},"author":3,"featured_media":102257,"comment_status":"open","ping_status":"open","sticky":false,"template":"","format":"standard","meta":{"footnotes":""},"categories":[3],"tags":[],"class_list":["post-102373","post","type-post","status-publish","format-standard","has-post-thumbnail","category-masnoticias"],"_links":{"self":[{"href":"https:\/\/primicias2262.com\/noticias\/wp-json\/wp\/v2\/posts\/102373","targetHints":{"allow":["GET"]}}],"collection":[{"href":"https:\/\/primicias2262.com\/noticias\/wp-json\/wp\/v2\/posts"}],"about":[{"href":"https:\/\/primicias2262.com\/noticias\/wp-json\/wp\/v2\/types\/post"}],"author":[{"embeddable":true,"href":"https:\/\/primicias2262.com\/noticias\/wp-json\/wp\/v2\/users\/3"}],"replies":[{"embeddable":true,"href":"https:\/\/primicias2262.com\/noticias\/wp-json\/wp\/v2\/comments?post=102373"}],"version-history":[{"count":2,"href":"https:\/\/primicias2262.com\/noticias\/wp-json\/wp\/v2\/posts\/102373\/revisions"}],"predecessor-version":[{"id":102407,"href":"https:\/\/primicias2262.com\/noticias\/wp-json\/wp\/v2\/posts\/102373\/revisions\/102407"}],"wp:featuredmedia":[{"embeddable":true,"href":"https:\/\/primicias2262.com\/noticias\/wp-json\/wp\/v2\/media\/102257"}],"wp:attachment":[{"href":"https:\/\/primicias2262.com\/noticias\/wp-json\/wp\/v2\/media?parent=102373"}],"wp:term":[{"taxonomy":"category","embeddable":true,"href":"https:\/\/primicias2262.com\/noticias\/wp-json\/wp\/v2\/categories?post=102373"},{"taxonomy":"post_tag","embeddable":true,"href":"https:\/\/primicias2262.com\/noticias\/wp-json\/wp\/v2\/tags?post=102373"}],"curies":[{"name":"wp","href":"https:\/\/api.w.org\/{rel}","templated":true}]}}