{"id":102375,"date":"2023-07-30T16:10:35","date_gmt":"2023-07-30T16:10:35","guid":{"rendered":"https:\/\/primicias2262.com\/noticias\/?p=102375"},"modified":"2023-07-31T16:46:24","modified_gmt":"2023-07-31T16:46:24","slug":"con-arturo-la-gente-esta-acostumbrada-a-que-llegue-el-intendente-y-los-escuche","status":"publish","type":"post","link":"https:\/\/primicias2262.com\/noticias\/con-arturo-la-gente-esta-acostumbrada-a-que-llegue-el-intendente-y-los-escuche\/","title":{"rendered":"\u201cCon Arturo, la gente est\u00e1 acostumbrada a que llegue el intendente y los escuche\u201d"},"content":{"rendered":"<p>Paula Farami\u00f1an, precandidata a concejala por Nueva Necochea, asegur\u00f3 que el recibimiento de la gente es muy bueno y pidi\u00f3 la oportunidad de una segunda gesti\u00f3n para \u201chacer las cosas importantes\u201d. Adem\u00e1s, fue dura contra la oposici\u00f3n y las promesas de campa\u00f1a que no corresponden a la \u00f3rbita municipal.<\/p>\n<p>La d\u00e9cima precandidata a concejala por la agrupaci\u00f3n vecinal que impulsa la reelecci\u00f3n del intendente Arturo Rojas hizo un llamamiento a la comunidad y les pidi\u00f3 apoyo para esta gesti\u00f3n, pero no solo desde el cuarto oscuro: \u201cA mi vecino, al vecino de Necochea, de Quequ\u00e9n, del interior del distrito, primero quiero hacerles saber que hace cuatro a\u00f1os que estamos escuchando y que hace cuatro a\u00f1os encontramos una Municipalidad que estaba devastada\u201d, desde todo aspecto, asegur\u00f3 Paula Farami\u00f1an.<\/p>\n<p>En esa l\u00ednea, \u201clo que aprendimos nos dio una planificaci\u00f3n donde pudimos terminar con las cuestiones que eran de necesidad y de urgencia. Ahora, necesitamos esta segunda gesti\u00f3n para hacer las cosas importantes, y solo lo podemos hacer con el apoyo del vecino, pero no solo con su voto, sino tambi\u00e9n con su acercamiento, con sus ideas, con creatividad, con respeto social. De verdad, lo que les pido es una nueva Necochea\u201d.<\/p>\n<p>En una jugosa entrevista para el programa radial Vine por el aviso, la abogada que cumple funciones en la Secretar\u00eda de Legal y T\u00e9cnica desde 2019 tambi\u00e9n habl\u00f3 de la campa\u00f1a y de c\u00f3mo se simplifica cuando los que caminan ya conocen por d\u00f3nde lo hacen.<\/p>\n<p>\u201cLa gente que est\u00e1 en el equipo conmigo a laburado much\u00edsimo, ha recorrido los barrios, pero la verdad es que est\u00e1n todos contentos porque el recibimiento de la gente es bueno\u201d, afirm\u00f3, y lo atribuy\u00f3 a que esta din\u00e1mica \u201cno es extra\u00f1a\u201d para el vecino.<\/p>\n<p>\u201cCuando un funcionario o un pol\u00edtico aparece tres meses antes de las elecciones es m\u00e1s dif\u00edcil acercarse o comunicar\u201d, pero \u201ccomo esto se viene haciendo desde siempre con Arturo, la gente est\u00e1 acostumbrada a que llegue el intendente y le pregunte qu\u00e9 le pasa, la gente ya lo tom\u00f3 como una gimnasia, como una cuesti\u00f3n habitual\u201d.<\/p>\n<p>La precandidata a ocupar una banca en el Concejo Deliberante admiti\u00f3 que tambi\u00e9n hay reclamos y que piensa que \u201cnos exigen porque podemos\u201d. Aunque \u201clo importante es que de todos los temas siempre hay una respuesta, hay un antecedente y hay un plan. Entonces, cuando vos le explic\u00e1s a la gente el por qu\u00e9, el c\u00f3mo y los tiempos, la gente entiende\u201d.<\/p>\n<p>Y en este sentido apunt\u00f3 contra la oposici\u00f3n: \u201cTengo gente querida y que aprecio dentro de los precandidatos de otros partidos, y con el mayor de los amores les digo que esto no es Naci\u00f3n ni Provincia. No me hablen de pol\u00edticas educacionales, de pol\u00edticas de seguridad o de pol\u00edticas econ\u00f3micas, porque cuando vos est\u00e1n en el municipio lo que ten\u00e9s que hacer es gestionar, solucionar problemas: verificarlos, corroborar c\u00f3mo se hace, ver de d\u00f3nde sac\u00e1s la plata, con qui\u00e9n lo hac\u00e9s y en qu\u00e9 tiempo, no hay mucho m\u00e1s\u201d.<\/p>\n<p>\u201cYo podr\u00eda decir que puedo tener un programa educacional buen\u00edsimo, y me pongo a inventarlo, pero no me corresponde. O podr\u00eda decir que lo que se necesitan son m\u00e1s patrulleros y m\u00e1s capacitaci\u00f3n en Polic\u00eda, pero eso tampoco lo voy a poder hacer\u201d, sigui\u00f3 con el hilo del concepto.<\/p>\n<p>\u201cEntonces, les pido a los precandidatos, no que no nos mientan, porque ni siquiera creo que nos est\u00e1n mintiendo, creo que piensan que eso se pude hacer desde el municipio y la realidad es que en el municipio vos ten\u00e9s que remangarte, ponerte el l\u00e1piz en la oreja, como los almaceneros, y el broche en el pantal\u00f3n, como hac\u00edan los diarieros, y ten\u00e9s que salir a laburar en las cosas que son la diaria del vecino, el acceso a las calles, que los chicos vayan al colegio y que tambi\u00e9n tengan un comedor\u201d, finaliz\u00f3 la postulante de Nueva Necochea.<\/p>\n","protected":false},"excerpt":{"rendered":"<p>Paula Farami\u00f1an, precandidata a concejala por Nueva Necochea, asegur\u00f3 que el recibimiento de la gente es muy bueno y pidi\u00f3 la oportunidad de una segunda gesti\u00f3n para \u201chacer las cosas importantes\u201d. Adem\u00e1s, fue dura contra la oposici\u00f3n y las promesas de campa\u00f1a que no corresponden a la \u00f3rbita municipal. La d\u00e9cima precandidata a concejala por [&hellip;]<\/p>\n","protected":false},"author":3,"featured_media":102376,"comment_status":"open","ping_status":"open","sticky":false,"template":"","format":"standard","meta":{"footnotes":""},"categories":[3],"tags":[],"class_list":["post-102375","post","type-post","status-publish","format-standard","has-post-thumbnail","category-masnoticias"],"_links":{"self":[{"href":"https:\/\/primicias2262.com\/noticias\/wp-json\/wp\/v2\/posts\/102375","targetHints":{"allow":["GET"]}}],"collection":[{"href":"https:\/\/primicias2262.com\/noticias\/wp-json\/wp\/v2\/posts"}],"about":[{"href":"https:\/\/primicias2262.com\/noticias\/wp-json\/wp\/v2\/types\/post"}],"author":[{"embeddable":true,"href":"https:\/\/primicias2262.com\/noticias\/wp-json\/wp\/v2\/users\/3"}],"replies":[{"embeddable":true,"href":"https:\/\/primicias2262.com\/noticias\/wp-json\/wp\/v2\/comments?post=102375"}],"version-history":[{"count":1,"href":"https:\/\/primicias2262.com\/noticias\/wp-json\/wp\/v2\/posts\/102375\/revisions"}],"predecessor-version":[{"id":102377,"href":"https:\/\/primicias2262.com\/noticias\/wp-json\/wp\/v2\/posts\/102375\/revisions\/102377"}],"wp:featuredmedia":[{"embeddable":true,"href":"https:\/\/primicias2262.com\/noticias\/wp-json\/wp\/v2\/media\/102376"}],"wp:attachment":[{"href":"https:\/\/primicias2262.com\/noticias\/wp-json\/wp\/v2\/media?parent=102375"}],"wp:term":[{"taxonomy":"category","embeddable":true,"href":"https:\/\/primicias2262.com\/noticias\/wp-json\/wp\/v2\/categories?post=102375"},{"taxonomy":"post_tag","embeddable":true,"href":"https:\/\/primicias2262.com\/noticias\/wp-json\/wp\/v2\/tags?post=102375"}],"curies":[{"name":"wp","href":"https:\/\/api.w.org\/{rel}","templated":true}]}}