{"id":102380,"date":"2023-07-31T16:23:04","date_gmt":"2023-07-31T16:23:04","guid":{"rendered":"https:\/\/primicias2262.com\/noticias\/?p=102380"},"modified":"2023-08-01T12:03:11","modified_gmt":"2023-08-01T12:03:11","slug":"este-martes-reabre-la-feria-a-beneficio-del-hospital-en-su-nueva-sede-de-56-entre-57-y-59","status":"publish","type":"post","link":"https:\/\/primicias2262.com\/noticias\/este-martes-reabre-la-feria-a-beneficio-del-hospital-en-su-nueva-sede-de-56-entre-57-y-59\/","title":{"rendered":"Este martes reabre la feria a beneficio del Hospital en su nueva sede de 56 entre 57 y 59"},"content":{"rendered":"<p><strong>As\u00ed lo anunci\u00f3 la Asociaci\u00f3n Cooperadora del Hospital Municipal, que a partir de esta semana tendr\u00e1 la tradicional Feria Americana en la amplia casona de calle 56 N\u00b0 2877, entre 57 y 59.<\/strong><\/p>\n<p>Sobre esta nueva etapa, la presidenta de la cooperadora, Marta Rold\u00e1n de Iriberri, habl\u00f3 con el periodista Jorge G\u00f3mez en \u201cVoces de la Ciudad\u201d, donde expres\u00f3 que \u201cvamos a hacer una gran liquidaci\u00f3n a beneficio del hospital y los esperamos a todos\u201d. A partir de ahora, la feria funcionar\u00e1 los martes de 10 a 12, los mi\u00e9rcoles de 15 a 17 y los jueves de 10 a 12, reabriendo sus puertas este martes 31.<\/p>\n<p>\u201cQueremos agradecer a quienes nos ofrecieron la galer\u00eda anterior durante nueve a\u00f1os (en 57 y 62), y a quienes actualmente nos ofrecen la casa en 56 entre 59 y 57\u2026 vamos a reabrir porque la gente va a mucho, tenemos mucha ropa de invierno y queremos que la gente aproveche las prendas, vamos a hacer una gran liquidaci\u00f3n, as\u00ed que si Dios quiere los esperamos a todos\u201d.<\/p>\n<p>La presidenta de la cooperadora a\u00f1adi\u00f3 que \u201ccon ese dinero colaboramos con el hospital y seguimos haciendo obras: ahora vamos a arreglar seis habitaciones en el sector intermedio de terapia y siempre estamos dispuestos a lo que los directores, la secretaria de Salud y el Intendente nos soliciten\u201d.<\/p>\n<p><strong>FOTO: Ecos Diarios<\/strong><\/p>\n<p><a href=\"https:\/\/primicias2262.com\/noticias\/wp-content\/uploads\/2023\/07\/cooper.-hospital.jpg\"><img loading=\"lazy\" decoding=\"async\" class=\"aligncenter size-full wp-image-102382\" src=\"https:\/\/primicias2262.com\/noticias\/wp-content\/uploads\/2023\/07\/cooper.-hospital.jpg\" alt=\"\" width=\"796\" height=\"1280\" srcset=\"https:\/\/primicias2262.com\/noticias\/wp-content\/uploads\/2023\/07\/cooper.-hospital.jpg 796w, https:\/\/primicias2262.com\/noticias\/wp-content\/uploads\/2023\/07\/cooper.-hospital-187x300.jpg 187w, https:\/\/primicias2262.com\/noticias\/wp-content\/uploads\/2023\/07\/cooper.-hospital-637x1024.jpg 637w, https:\/\/primicias2262.com\/noticias\/wp-content\/uploads\/2023\/07\/cooper.-hospital-768x1235.jpg 768w, https:\/\/primicias2262.com\/noticias\/wp-content\/uploads\/2023\/07\/cooper.-hospital-150x241.jpg 150w, https:\/\/primicias2262.com\/noticias\/wp-content\/uploads\/2023\/07\/cooper.-hospital-300x482.jpg 300w, https:\/\/primicias2262.com\/noticias\/wp-content\/uploads\/2023\/07\/cooper.-hospital-696x1119.jpg 696w\" sizes=\"auto, (max-width: 796px) 100vw, 796px\" \/><\/a><\/p>\n","protected":false},"excerpt":{"rendered":"<p>As\u00ed lo anunci\u00f3 la Asociaci\u00f3n Cooperadora del Hospital Municipal, que a partir de esta semana tendr\u00e1 la tradicional Feria Americana en la amplia casona de calle 56 N\u00b0 2877, entre 57 y 59. Sobre esta nueva etapa, la presidenta de la cooperadora, Marta Rold\u00e1n de Iriberri, habl\u00f3 con el periodista Jorge G\u00f3mez en \u201cVoces de [&hellip;]<\/p>\n","protected":false},"author":3,"featured_media":102381,"comment_status":"open","ping_status":"open","sticky":false,"template":"","format":"standard","meta":{"footnotes":""},"categories":[3],"tags":[],"class_list":["post-102380","post","type-post","status-publish","format-standard","has-post-thumbnail","category-masnoticias"],"_links":{"self":[{"href":"https:\/\/primicias2262.com\/noticias\/wp-json\/wp\/v2\/posts\/102380","targetHints":{"allow":["GET"]}}],"collection":[{"href":"https:\/\/primicias2262.com\/noticias\/wp-json\/wp\/v2\/posts"}],"about":[{"href":"https:\/\/primicias2262.com\/noticias\/wp-json\/wp\/v2\/types\/post"}],"author":[{"embeddable":true,"href":"https:\/\/primicias2262.com\/noticias\/wp-json\/wp\/v2\/users\/3"}],"replies":[{"embeddable":true,"href":"https:\/\/primicias2262.com\/noticias\/wp-json\/wp\/v2\/comments?post=102380"}],"version-history":[{"count":2,"href":"https:\/\/primicias2262.com\/noticias\/wp-json\/wp\/v2\/posts\/102380\/revisions"}],"predecessor-version":[{"id":102422,"href":"https:\/\/primicias2262.com\/noticias\/wp-json\/wp\/v2\/posts\/102380\/revisions\/102422"}],"wp:featuredmedia":[{"embeddable":true,"href":"https:\/\/primicias2262.com\/noticias\/wp-json\/wp\/v2\/media\/102381"}],"wp:attachment":[{"href":"https:\/\/primicias2262.com\/noticias\/wp-json\/wp\/v2\/media?parent=102380"}],"wp:term":[{"taxonomy":"category","embeddable":true,"href":"https:\/\/primicias2262.com\/noticias\/wp-json\/wp\/v2\/categories?post=102380"},{"taxonomy":"post_tag","embeddable":true,"href":"https:\/\/primicias2262.com\/noticias\/wp-json\/wp\/v2\/tags?post=102380"}],"curies":[{"name":"wp","href":"https:\/\/api.w.org\/{rel}","templated":true}]}}