{"id":102388,"date":"2023-07-31T16:46:13","date_gmt":"2023-07-31T16:46:13","guid":{"rendered":"https:\/\/primicias2262.com\/noticias\/?p=102388"},"modified":"2023-08-01T11:59:59","modified_gmt":"2023-08-01T11:59:59","slug":"el-club-de-leones-local-se-prepara-para-festejar-esta-semana-su-60o-aniversario","status":"publish","type":"post","link":"https:\/\/primicias2262.com\/noticias\/el-club-de-leones-local-se-prepara-para-festejar-esta-semana-su-60o-aniversario\/","title":{"rendered":"El Club de Leones local se prepara para festejar esta semana su 60\u00ba Aniversario"},"content":{"rendered":"<p><strong>Yanina Berri, integrante del club y a su vez flamante gobernadora del Distrito O3 del Club de Leones, inform\u00f3 en \u201cVoces de la Ciudad\u201d las actividades que se desarrollar\u00e1n entre el jueves 3 y el fin de semana en Necochea.<\/strong><\/p>\n<p>Ante la consulta del periodista Jorge G\u00f3mez, Berri adelant\u00f3 camino a los festejos de los 60 a\u00f1os del club que \u201cel jueves 3 es la fecha justa del aniversario y tenemos la llegada de varios leones desde C\u00f3rdoba y del sur del pa\u00eds, que vienen a compartir con nosotros este aniversario\u201d.<\/p>\n<p>\u201cEl viernes 4 tendremos capacitaci\u00f3n a los Leones y una cena de camarader\u00eda en nuestro club, donde seremos alrededor de 60, y el fin de semana estaremos en alrededor de los 130 leones y comunidad que nos van a acompa\u00f1ar en la cena baile aniversario\u201d, la cual comienza a las 21 y ser\u00e1 en el 1\u00ba piso de la Sociedad Espa\u00f1ola en 59 entre 56 y 54, \u201cque gentilmente nos cedi\u00f3 las instalaciones gratis, ya que lo recaudado va todo destinado al equipo que previene la ceguera infantil\u201d, detall\u00f3.<\/p>\n<p>Antes que ello, el s\u00e1bado a la ma\u00f1ana en la C\u00e1mara de Comercio, a partir de las 9, Berri apunt\u00f3 que \u201ces la imposici\u00f3n de insignia y primera reuni\u00f3n de gabinete donde llegan los distintos leones que formar\u00e1n parte del gabinete y tengo que ponerlos en funciones, as\u00ed que ah\u00ed presentaremos todas las mesas de trabajo\u201d.<\/p>\n<p>Para concluir, Yanina se\u00f1al\u00f3 que recientemente estuvieron trabajando en la zona de Comodoro Rivadavia afectada por las inclemencias clim\u00e1ticas con el equipo de alerta de los leones. \u201cComo siempre decimos, estamos a disposici\u00f3n de las comunidades que nos necesitan\u201d, y en simult\u00e1neo manifest\u00f3 que se encuentra viajando asiduamente a ciudades cercanas en su car\u00e1cter de gobernadora del Distrito 03, el m\u00e1s extenso entre los distritos leones del pa\u00eds.<\/p>\n<p><a href=\"https:\/\/primicias2262.com\/noticias\/wp-content\/uploads\/2023\/07\/leones-necochea.jpg\"><img loading=\"lazy\" decoding=\"async\" class=\"aligncenter size-full wp-image-102390\" src=\"https:\/\/primicias2262.com\/noticias\/wp-content\/uploads\/2023\/07\/leones-necochea.jpg\" alt=\"\" width=\"843\" height=\"1054\" srcset=\"https:\/\/primicias2262.com\/noticias\/wp-content\/uploads\/2023\/07\/leones-necochea.jpg 843w, https:\/\/primicias2262.com\/noticias\/wp-content\/uploads\/2023\/07\/leones-necochea-240x300.jpg 240w, https:\/\/primicias2262.com\/noticias\/wp-content\/uploads\/2023\/07\/leones-necochea-819x1024.jpg 819w, https:\/\/primicias2262.com\/noticias\/wp-content\/uploads\/2023\/07\/leones-necochea-768x960.jpg 768w, https:\/\/primicias2262.com\/noticias\/wp-content\/uploads\/2023\/07\/leones-necochea-150x188.jpg 150w, https:\/\/primicias2262.com\/noticias\/wp-content\/uploads\/2023\/07\/leones-necochea-300x375.jpg 300w, https:\/\/primicias2262.com\/noticias\/wp-content\/uploads\/2023\/07\/leones-necochea-696x870.jpg 696w\" sizes=\"auto, (max-width: 843px) 100vw, 843px\" \/><\/a><\/p>\n","protected":false},"excerpt":{"rendered":"<p>Yanina Berri, integrante del club y a su vez flamante gobernadora del Distrito O3 del Club de Leones, inform\u00f3 en \u201cVoces de la Ciudad\u201d las actividades que se desarrollar\u00e1n entre el jueves 3 y el fin de semana en Necochea. Ante la consulta del periodista Jorge G\u00f3mez, Berri adelant\u00f3 camino a los festejos de los [&hellip;]<\/p>\n","protected":false},"author":3,"featured_media":102389,"comment_status":"open","ping_status":"open","sticky":false,"template":"","format":"standard","meta":{"footnotes":""},"categories":[3],"tags":[],"class_list":["post-102388","post","type-post","status-publish","format-standard","has-post-thumbnail","category-masnoticias"],"_links":{"self":[{"href":"https:\/\/primicias2262.com\/noticias\/wp-json\/wp\/v2\/posts\/102388","targetHints":{"allow":["GET"]}}],"collection":[{"href":"https:\/\/primicias2262.com\/noticias\/wp-json\/wp\/v2\/posts"}],"about":[{"href":"https:\/\/primicias2262.com\/noticias\/wp-json\/wp\/v2\/types\/post"}],"author":[{"embeddable":true,"href":"https:\/\/primicias2262.com\/noticias\/wp-json\/wp\/v2\/users\/3"}],"replies":[{"embeddable":true,"href":"https:\/\/primicias2262.com\/noticias\/wp-json\/wp\/v2\/comments?post=102388"}],"version-history":[{"count":1,"href":"https:\/\/primicias2262.com\/noticias\/wp-json\/wp\/v2\/posts\/102388\/revisions"}],"predecessor-version":[{"id":102391,"href":"https:\/\/primicias2262.com\/noticias\/wp-json\/wp\/v2\/posts\/102388\/revisions\/102391"}],"wp:featuredmedia":[{"embeddable":true,"href":"https:\/\/primicias2262.com\/noticias\/wp-json\/wp\/v2\/media\/102389"}],"wp:attachment":[{"href":"https:\/\/primicias2262.com\/noticias\/wp-json\/wp\/v2\/media?parent=102388"}],"wp:term":[{"taxonomy":"category","embeddable":true,"href":"https:\/\/primicias2262.com\/noticias\/wp-json\/wp\/v2\/categories?post=102388"},{"taxonomy":"post_tag","embeddable":true,"href":"https:\/\/primicias2262.com\/noticias\/wp-json\/wp\/v2\/tags?post=102388"}],"curies":[{"name":"wp","href":"https:\/\/api.w.org\/{rel}","templated":true}]}}