{"id":102401,"date":"2023-07-31T17:11:41","date_gmt":"2023-07-31T17:11:41","guid":{"rendered":"https:\/\/primicias2262.com\/noticias\/?p=102401"},"modified":"2023-07-31T17:11:41","modified_gmt":"2023-07-31T17:11:41","slug":"oficializan-el-aumento-del-programa-potenciar-trabajo-sera-la-mitad-del-salario-minimo-vital-y-movil","status":"publish","type":"post","link":"https:\/\/primicias2262.com\/noticias\/oficializan-el-aumento-del-programa-potenciar-trabajo-sera-la-mitad-del-salario-minimo-vital-y-movil\/","title":{"rendered":"Oficializan el aumento del programa Potenciar Trabajo: ser\u00e1 la mitad del Salario M\u00ednimo Vital y M\u00f3vil"},"content":{"rendered":"<div class=\"col-12 col-sm-9\">\n<div class=\"nota_content mt-30\">\n<p><strong>El Gobierno nacional oficializ\u00f3 este lunes un aumento en el ingreso para los beneficiarios del programa Potenciar Trabajo y dispuso que ese incremento pasar\u00e1 a ser la mitad del Salario M\u00ednimo, Vital y M\u00f3vil (SMVyM), por lo que la prestaci\u00f3n aumentar\u00e1 \u201cen lo sucesivo conforme los montos fijados en esa norma\u201d.<\/strong><\/p>\n<p>El Ministerio de Desarrollo Social, que conduce Victoria Tolosa Paz, formaliz\u00f3 la medida a trav\u00e9s de resoluci\u00f3n 1480 publicada en el Bolet\u00edn Oficial.<\/p>\n<p>En el texto de la norma se establece que \u201ca partir del 1\u00ba de julio de 2023, la prestaci\u00f3n del Salario Social Complementario (\u2026) corresponder\u00e1 al cincuenta por ciento (50%) del SMVyM fijado por el Consejo del Salario, la cual se incrementar\u00e1 en lo sucesivo conforme los montos fijados en dicha norma\u201d.<\/p>\n<p>El Consejo del Empleo, la Productividad y el Salario M\u00ednimo, Vital y M\u00f3vil hab\u00eda acordado el 13 de julio \u00faltimo un aumento del 34% en tres tramos, que lleg\u00f3 a 105.500 pesos este mes, alcanzar\u00e1 los 112.500 en agosto y los 118.000 en septiembre.<\/p>\n<p>De esta manera, para agosto, como el SMVyM ser\u00e1 de 112.500 pesos, los titulares del programa percibir\u00e1n $56.250 pesos.<\/p>\n<\/div>\n<\/div>\n","protected":false},"excerpt":{"rendered":"<p>El Gobierno nacional oficializ\u00f3 este lunes un aumento en el ingreso para los beneficiarios del programa Potenciar Trabajo y dispuso que ese incremento pasar\u00e1 a ser la mitad del Salario M\u00ednimo, Vital y M\u00f3vil (SMVyM), por lo que la prestaci\u00f3n aumentar\u00e1 \u201cen lo sucesivo conforme los montos fijados en esa norma\u201d. El Ministerio de Desarrollo [&hellip;]<\/p>\n","protected":false},"author":3,"featured_media":102402,"comment_status":"open","ping_status":"open","sticky":false,"template":"","format":"standard","meta":{"footnotes":""},"categories":[7],"tags":[],"class_list":{"0":"post-102401","1":"post","2":"type-post","3":"status-publish","4":"format-standard","5":"has-post-thumbnail","7":"category-nac"},"_links":{"self":[{"href":"https:\/\/primicias2262.com\/noticias\/wp-json\/wp\/v2\/posts\/102401","targetHints":{"allow":["GET"]}}],"collection":[{"href":"https:\/\/primicias2262.com\/noticias\/wp-json\/wp\/v2\/posts"}],"about":[{"href":"https:\/\/primicias2262.com\/noticias\/wp-json\/wp\/v2\/types\/post"}],"author":[{"embeddable":true,"href":"https:\/\/primicias2262.com\/noticias\/wp-json\/wp\/v2\/users\/3"}],"replies":[{"embeddable":true,"href":"https:\/\/primicias2262.com\/noticias\/wp-json\/wp\/v2\/comments?post=102401"}],"version-history":[{"count":1,"href":"https:\/\/primicias2262.com\/noticias\/wp-json\/wp\/v2\/posts\/102401\/revisions"}],"predecessor-version":[{"id":102403,"href":"https:\/\/primicias2262.com\/noticias\/wp-json\/wp\/v2\/posts\/102401\/revisions\/102403"}],"wp:featuredmedia":[{"embeddable":true,"href":"https:\/\/primicias2262.com\/noticias\/wp-json\/wp\/v2\/media\/102402"}],"wp:attachment":[{"href":"https:\/\/primicias2262.com\/noticias\/wp-json\/wp\/v2\/media?parent=102401"}],"wp:term":[{"taxonomy":"category","embeddable":true,"href":"https:\/\/primicias2262.com\/noticias\/wp-json\/wp\/v2\/categories?post=102401"},{"taxonomy":"post_tag","embeddable":true,"href":"https:\/\/primicias2262.com\/noticias\/wp-json\/wp\/v2\/tags?post=102401"}],"curies":[{"name":"wp","href":"https:\/\/api.w.org\/{rel}","templated":true}]}}