{"id":102404,"date":"2023-07-31T17:26:07","date_gmt":"2023-07-31T17:26:07","guid":{"rendered":"https:\/\/primicias2262.com\/noticias\/?p=102404"},"modified":"2023-08-01T12:24:52","modified_gmt":"2023-08-01T12:24:52","slug":"frente-a-los-agravios-nosotros-respondemos-con-propuestas-de-gobierno","status":"publish","type":"post","link":"https:\/\/primicias2262.com\/noticias\/frente-a-los-agravios-nosotros-respondemos-con-propuestas-de-gobierno\/","title":{"rendered":"\u201cFrente a los agravios nosotros respondemos con propuestas de gobierno\u201d"},"content":{"rendered":"<p><strong>As\u00ed lo asegur\u00f3 uno de los precandidatos a intendente por Uni\u00f3n por la Patria, Marcelo Rivero, en clara respuesta a las declaraciones vertidas la semana anterior en \u201cVoces de la Ciudad\u201d por el referente del Movimiento Evita, Luciano Lescano. <a href=\"https:\/\/primicias2262.com\/noticias\/el-modus-operandi-de-rivero-en-politica-siempre-fue-ocupar-cargos-sin-poner-encima-el-interes-colectivo\/\" target=\"_blank\" rel=\"noopener\">Ver nota Lescano<\/a><\/strong><\/p>\n<p>Al aire del mismo programa radial y televisivo conducido por el periodista Jorge G\u00f3mez, el \u201cChelo\u201d Rivero recogi\u00f3 el guante con tranquilidad y comenz\u00f3 expresando que de cara a las PASO \u201cestamos trabajando muy fuertemente, visitando a los vecinos y vecinas de Necochea, Quequ\u00e9n y todo el interior del distrito, llevando las propuestas\u2026 de hecho, de las tres listas somos la \u00fanica que ha presentado un proyecto de gobierno y un programa para el distrito de Necochea para luego de ganar las elecciones\u201d.<\/p>\n<p>\u201cEs un rasgo distintivo que nos diferencia de nuestros adversarios, y marca un poco como somos, frente a las cr\u00edticas y agravios personales que hacen integrantes de la lista N\u00ba 4 contra mi persona\u201d, se\u00f1al\u00f3, en clara referencia a Lescano, quien hoy forma parte de la lista encabezada por el referente del Frente Renovador, Mauro Vel\u00e1zquez.<\/p>\n<p>Ampli\u00f3 Rivero que \u201cdec\u00edan cosas hasta de car\u00e1cter personal y por ah\u00ed se olvidan que uno tiene familia e hijos, y eso afecta\u2026 para nosotros la pol\u00edtica no son los agravios, sino las propuestas, entonces frente a esos agravios respondemos con propuestas de gobierno, porque de eso se tratan las elecciones, competir entre dos proyectos para el que salga elegido apoyarlo y llevarlo adelante\u201d.<\/p>\n<p>Con respecto a la acusaci\u00f3n de que forma parte de la \u201cvieja pol\u00edtica\u201d, el \u201cChelo\u201d contraatac\u00f3 que \u201ces verdad que he formado parte de otros gobiernos, como el del querido \u201cCoco\u201d Taraborelli, que tuve el honor de que me nombrara director de Turismo cuando ten\u00eda 23 a\u00f1os, fui parte de ese gobierno y para m\u00ed es un orgullo porque fue el mejor intendente de la democracia\u2026 en cambio, quienes me critican eventualmente formaron parte del gobierno de Facundo y Jimena L\u00f3pez, de 2015 a 2019, y la gente sabe c\u00f3mo termin\u00f3 eso, por eso creo que es mejor que hablemos de propuestas, a ellos les conviene que mejor hablemos de propuestas y no de cuestiones personales\u201d.<\/p>\n<p>Y si de propuestas se trata, una de la lista N\u00ba 2 tiene que ver con la elecci\u00f3n directa de delegados municipales, d\u00e1ndole una mayor importancia a las localidades del interior: \u201cEs un mecanismo de democracia que muchos candidatos en el periodo previo de las elecciones lo han propuesto y luego cuando son gobierno lo olvidan y no lo llevan a la pr\u00e1ctica\u201d, se\u00f1al\u00f3, para explicar c\u00f3mo ser\u00eda el procedimiento. \u201cLuego de asumido el intendente se abrir\u00eda un registro en la Delegaci\u00f3n para que las personas que quieran participar se anoten, se establece una fecha tope de inscripci\u00f3n, se fija una fecha de elecci\u00f3n y la persona m\u00e1s votada es el candidato que la gente quiere para ocupar la Delegaci\u00f3n de ese pueblo, sea Quequ\u00e9n, La Dulce, Juan N. Fern\u00e1ndez, Claraz y Ram\u00f3n Santamarina\u201d.<\/p>\n<p>\u201cEso s\u00ed va\u00a0 a ser a un verdadero trabajo en conjunto, no como hoy que a veces hay un delegado de otro pueblo que la gente no lo quiere y se producen fricciones\u201d, argument\u00f3, para acotar que \u201cotra propuesta que ir\u00eda de la mano con esa es que cada una de las localidades reciban en forma proporcional de parte del gobierno municipal algo de lo que ellas aportan al presupuesto y la econom\u00eda de todo el municipio, ya que tienen mucha tasa de hect\u00e1rea porque son pueblos agr\u00edcolas y aportan mucho al erario municipal, y es justo que reciban en obras una parte proporcional de lo que le aportan al municipio\u201d.<\/p>\n<p><strong>Cr\u00edtica al oficialismo local<\/strong><\/p>\n<p>Asimismo, ya marcando diferencia con el gobierno actual de Arturo Rojas, Rivero asegur\u00f3 que \u201cpara nosotros, los justicialistas, todos los vecinos independientemente de su condici\u00f3n econ\u00f3mica o de donde vivan tienen el derecho esencial de los servicios p\u00fablicos municipales\u2026 no se puede concebir que en el siglo XXI tengamos hermanos y hermanas a diez minutos del centro que no tienen agua potable, cord\u00f3n cuneta, pavimento, alumbrado p\u00fablico o cloacas. Un gobierno de la Uni\u00f3n por la Patria tiene que ir eliminando esas desigualdades, y el c\u00f3mo no se trata de desarmar lo que se hizo, sino de utilizarlo bien\u201d.<\/p>\n<p>En ese aspecto, ejemplific\u00f3 que \u201cel cambio de las luminarias que se hizo en el centro de las luces Led por las viejas\u2026 qu\u00e9 se hizo con esas que andaban, y por qu\u00e9 no se las colocaron en los barrios\u2026 si recorr\u00e9s los barrios de Necochea y Quequ\u00e9n a la noche son una boca de lobo y eso es m\u00e1s inseguridad y peor calidad de vida para los vecinos\u201d.<\/p>\n","protected":false},"excerpt":{"rendered":"<p>As\u00ed lo asegur\u00f3 uno de los precandidatos a intendente por Uni\u00f3n por la Patria, Marcelo Rivero, en clara respuesta a las declaraciones vertidas la semana anterior en \u201cVoces de la Ciudad\u201d por el referente del Movimiento Evita, Luciano Lescano. Ver nota Lescano Al aire del mismo programa radial y televisivo conducido por el periodista Jorge [&hellip;]<\/p>\n","protected":false},"author":3,"featured_media":102405,"comment_status":"open","ping_status":"open","sticky":false,"template":"","format":"standard","meta":{"footnotes":""},"categories":[3],"tags":[],"class_list":["post-102404","post","type-post","status-publish","format-standard","has-post-thumbnail","category-masnoticias"],"_links":{"self":[{"href":"https:\/\/primicias2262.com\/noticias\/wp-json\/wp\/v2\/posts\/102404","targetHints":{"allow":["GET"]}}],"collection":[{"href":"https:\/\/primicias2262.com\/noticias\/wp-json\/wp\/v2\/posts"}],"about":[{"href":"https:\/\/primicias2262.com\/noticias\/wp-json\/wp\/v2\/types\/post"}],"author":[{"embeddable":true,"href":"https:\/\/primicias2262.com\/noticias\/wp-json\/wp\/v2\/users\/3"}],"replies":[{"embeddable":true,"href":"https:\/\/primicias2262.com\/noticias\/wp-json\/wp\/v2\/comments?post=102404"}],"version-history":[{"count":3,"href":"https:\/\/primicias2262.com\/noticias\/wp-json\/wp\/v2\/posts\/102404\/revisions"}],"predecessor-version":[{"id":102409,"href":"https:\/\/primicias2262.com\/noticias\/wp-json\/wp\/v2\/posts\/102404\/revisions\/102409"}],"wp:featuredmedia":[{"embeddable":true,"href":"https:\/\/primicias2262.com\/noticias\/wp-json\/wp\/v2\/media\/102405"}],"wp:attachment":[{"href":"https:\/\/primicias2262.com\/noticias\/wp-json\/wp\/v2\/media?parent=102404"}],"wp:term":[{"taxonomy":"category","embeddable":true,"href":"https:\/\/primicias2262.com\/noticias\/wp-json\/wp\/v2\/categories?post=102404"},{"taxonomy":"post_tag","embeddable":true,"href":"https:\/\/primicias2262.com\/noticias\/wp-json\/wp\/v2\/tags?post=102404"}],"curies":[{"name":"wp","href":"https:\/\/api.w.org\/{rel}","templated":true}]}}