{"id":102416,"date":"2023-08-01T11:59:44","date_gmt":"2023-08-01T11:59:44","guid":{"rendered":"https:\/\/primicias2262.com\/noticias\/?p=102416"},"modified":"2023-08-02T11:38:29","modified_gmt":"2023-08-02T11:38:29","slug":"las-manos-de-julio-zapata","status":"publish","type":"post","link":"https:\/\/primicias2262.com\/noticias\/las-manos-de-julio-zapata\/","title":{"rendered":"Las manos de Julio Zapata"},"content":{"rendered":"<p><strong>Por Jorge G\u00f3mez\u00a0<\/strong><\/p>\n<p>Las manos que da cuenta esta foto corresponde a las del abogado Julio Zapata, veterano de la Guerra de Malvinas, residente en Necochea desde hace varias d\u00e9cadas. Un lejano 2 de mayo de 1982, un mes despu\u00e9s de que la Argentina tomara posesi\u00f3n de las Islas Malvinas \u2013territorio usurpado por los ingleses en 1833- el crucero General Belgrano -que ten\u00eda entre su tripulaci\u00f3n a Julio Zapata, haciendo su aporte desde la sala de m\u00e1quinas- recibi\u00f3 un ataque con torpedos de un submarino brit\u00e1nico mientras navegaba fuera de la zona de exclusi\u00f3n que Gran Breta\u00f1a hab\u00eda fijado.<\/p>\n<p>No tardar\u00eda en hundirse, ocasionando la muerte de 368 tripulantes. Afectado por ese ataque, Julio termin\u00f3 en las aguas del Atl\u00e1ntico Sur -temperatura promedio por entonces de 3 grados- y casi se ahoga, tras lo cual pudo subirse a un bote de rescate donde permaneci\u00f3 36 horas para ser rescatado junto a otros tripulantes del hundido crucero argentino.<\/p>\n<p>Las manos de Julio Zapata, que hoy tiene 61 a\u00f1os de edad, naci\u00f3 en C\u00f3rdoba capital, y por entonces era un joven de 20 a\u00f1os, expresan muchas cosas, demasiadas para el dolor y el pensar que sentimos todav\u00eda quienes sabemos y amamos esas tierras que a\u00fan est\u00e1n en posesi\u00f3n de manos extranjeras.<\/p>\n<p>Hoy, en este invierno de 2023, Julio -abogado de profesi\u00f3n- es precandidato a primer concejal por la lista N\u00ba 4 de Uni\u00f3n por la Patria que postula a la Intendencia a Mauro Vel\u00e1zquez. La foto se la tom\u00e9 en la ma\u00f1ana del lunes 31 de julio en un momento de pausa del programa de radio y televisi\u00f3n Voces de la Ciudad, como una muestra de que hay cosas que nunca olvidaremos.<\/p>\n<p><a href=\"https:\/\/primicias2262.com\/noticias\/wp-content\/uploads\/2023\/08\/julio-zapata-manos-scaled.jpg\"><img loading=\"lazy\" decoding=\"async\" class=\"aligncenter size-full wp-image-102417\" src=\"https:\/\/primicias2262.com\/noticias\/wp-content\/uploads\/2023\/08\/julio-zapata-manos-scaled.jpg\" alt=\"\" width=\"1920\" height=\"2560\" srcset=\"https:\/\/primicias2262.com\/noticias\/wp-content\/uploads\/2023\/08\/julio-zapata-manos-scaled.jpg 1920w, https:\/\/primicias2262.com\/noticias\/wp-content\/uploads\/2023\/08\/julio-zapata-manos-225x300.jpg 225w, https:\/\/primicias2262.com\/noticias\/wp-content\/uploads\/2023\/08\/julio-zapata-manos-768x1024.jpg 768w, https:\/\/primicias2262.com\/noticias\/wp-content\/uploads\/2023\/08\/julio-zapata-manos-1152x1536.jpg 1152w, https:\/\/primicias2262.com\/noticias\/wp-content\/uploads\/2023\/08\/julio-zapata-manos-1536x2048.jpg 1536w, https:\/\/primicias2262.com\/noticias\/wp-content\/uploads\/2023\/08\/julio-zapata-manos-150x200.jpg 150w, https:\/\/primicias2262.com\/noticias\/wp-content\/uploads\/2023\/08\/julio-zapata-manos-300x400.jpg 300w, https:\/\/primicias2262.com\/noticias\/wp-content\/uploads\/2023\/08\/julio-zapata-manos-696x928.jpg 696w, https:\/\/primicias2262.com\/noticias\/wp-content\/uploads\/2023\/08\/julio-zapata-manos-1068x1424.jpg 1068w\" sizes=\"auto, (max-width: 1920px) 100vw, 1920px\" \/><\/a><\/p>\n","protected":false},"excerpt":{"rendered":"<p>Por Jorge G\u00f3mez\u00a0 Las manos que da cuenta esta foto corresponde a las del abogado Julio Zapata, veterano de la Guerra de Malvinas, residente en Necochea desde hace varias d\u00e9cadas. Un lejano 2 de mayo de 1982, un mes despu\u00e9s de que la Argentina tomara posesi\u00f3n de las Islas Malvinas \u2013territorio usurpado por los ingleses [&hellip;]<\/p>\n","protected":false},"author":3,"featured_media":102417,"comment_status":"open","ping_status":"open","sticky":false,"template":"","format":"standard","meta":{"footnotes":""},"categories":[3],"tags":[],"class_list":["post-102416","post","type-post","status-publish","format-standard","has-post-thumbnail","category-masnoticias"],"_links":{"self":[{"href":"https:\/\/primicias2262.com\/noticias\/wp-json\/wp\/v2\/posts\/102416","targetHints":{"allow":["GET"]}}],"collection":[{"href":"https:\/\/primicias2262.com\/noticias\/wp-json\/wp\/v2\/posts"}],"about":[{"href":"https:\/\/primicias2262.com\/noticias\/wp-json\/wp\/v2\/types\/post"}],"author":[{"embeddable":true,"href":"https:\/\/primicias2262.com\/noticias\/wp-json\/wp\/v2\/users\/3"}],"replies":[{"embeddable":true,"href":"https:\/\/primicias2262.com\/noticias\/wp-json\/wp\/v2\/comments?post=102416"}],"version-history":[{"count":3,"href":"https:\/\/primicias2262.com\/noticias\/wp-json\/wp\/v2\/posts\/102416\/revisions"}],"predecessor-version":[{"id":102466,"href":"https:\/\/primicias2262.com\/noticias\/wp-json\/wp\/v2\/posts\/102416\/revisions\/102466"}],"wp:featuredmedia":[{"embeddable":true,"href":"https:\/\/primicias2262.com\/noticias\/wp-json\/wp\/v2\/media\/102417"}],"wp:attachment":[{"href":"https:\/\/primicias2262.com\/noticias\/wp-json\/wp\/v2\/media?parent=102416"}],"wp:term":[{"taxonomy":"category","embeddable":true,"href":"https:\/\/primicias2262.com\/noticias\/wp-json\/wp\/v2\/categories?post=102416"},{"taxonomy":"post_tag","embeddable":true,"href":"https:\/\/primicias2262.com\/noticias\/wp-json\/wp\/v2\/tags?post=102416"}],"curies":[{"name":"wp","href":"https:\/\/api.w.org\/{rel}","templated":true}]}}