{"id":102420,"date":"2023-08-01T12:02:56","date_gmt":"2023-08-01T12:02:56","guid":{"rendered":"https:\/\/primicias2262.com\/noticias\/?p=102420"},"modified":"2023-08-01T13:38:36","modified_gmt":"2023-08-01T13:38:36","slug":"a-pocos-dias-de-las-paso-asi-seguira-el-cronograma-electoral","status":"publish","type":"post","link":"https:\/\/primicias2262.com\/noticias\/a-pocos-dias-de-las-paso-asi-seguira-el-cronograma-electoral\/","title":{"rendered":"A pocos d\u00edas de las PASO, as\u00ed seguir\u00e1 el cronograma electoral"},"content":{"rendered":"<p><strong>La campa\u00f1a prelectoral de cara a las primarias entr\u00f3 en la recta final y los pre candidatos aceleran sus actividades de difusi\u00f3n de propuestas \u00bfCu\u00e1les son los pasos que quedan hasta acudir a las urnas el 13 de agosto?<\/strong><\/p>\n<p><strong>Por Jorge G\u00f3mez<\/strong><\/p>\n<p>A menos de dos semanas de las PASO (primarias, abiertas, simult\u00e1neas y obligatorias), la campa\u00f1a electoral entra en la recta final.<\/p>\n<p>Los pre candidatos aceleran sus actividades y, como dice la jerga callera, est\u00e1n tirando toda la carne al asador.<\/p>\n<p>El domingo 13 de agosto es el d\u00eda D, en el que se comenzar\u00e1 a definir el escenario pol\u00edtico y qui\u00e9n tiene m\u00e1s chances de convertirse en candidatos para el domingo 22 de octubre y definir qu\u00e9 f\u00f3rmula gobernar\u00e1 la Argentina, la Provincia de Buenos Aires y el distrito de Necochea.<\/p>\n<ul>\n<li>Con este panorama, el cronograma sigue su marcha y quedan apenas unos pocos pasos hasta el d\u00eda de la votaci\u00f3n.<\/li>\n<li>El jueves 3 de agosto pr\u00f3ximo se proceder\u00e1 a la destrucci\u00f3n de los documentos c\u00edvicos de los ciudadanos fallecidos.<\/li>\n<li>El d\u00eda s\u00e1bado 5 de agosto, este s\u00e1bado, comienza la prohibici\u00f3n de publicar resultados de encuestas o sondeos de opini\u00f3n, pron\u00f3sticos electorales, o referirse a sus datos.<\/li>\n<li>En tanto, el d\u00eda 11 de agosto (viernes) se dar\u00e1 por finalizada la campa\u00f1a electoral y comienza de manera oficial la veda a partir de las 8 de la ma\u00f1ana.<\/li>\n<li>El domingo 13 de agosto, entre las 8 y las 18, se realizar\u00e1 la elecci\u00f3n y, luego de las 21, se dar\u00e1n a conocer los primeros resultados provisorios.<\/li>\n<li>El d\u00eda 15 de agosto, es decir 48 horas m\u00e1s tarde, se dar\u00e1 inicio al escrutinio definitivo.<\/li>\n<\/ul>\n","protected":false},"excerpt":{"rendered":"<p>La campa\u00f1a prelectoral de cara a las primarias entr\u00f3 en la recta final y los pre candidatos aceleran sus actividades de difusi\u00f3n de propuestas \u00bfCu\u00e1les son los pasos que quedan hasta acudir a las urnas el 13 de agosto? Por Jorge G\u00f3mez A menos de dos semanas de las PASO (primarias, abiertas, simult\u00e1neas y obligatorias), [&hellip;]<\/p>\n","protected":false},"author":3,"featured_media":102112,"comment_status":"open","ping_status":"open","sticky":false,"template":"","format":"standard","meta":{"footnotes":""},"categories":[7],"tags":[],"class_list":{"0":"post-102420","1":"post","2":"type-post","3":"status-publish","4":"format-standard","5":"has-post-thumbnail","7":"category-nac"},"_links":{"self":[{"href":"https:\/\/primicias2262.com\/noticias\/wp-json\/wp\/v2\/posts\/102420","targetHints":{"allow":["GET"]}}],"collection":[{"href":"https:\/\/primicias2262.com\/noticias\/wp-json\/wp\/v2\/posts"}],"about":[{"href":"https:\/\/primicias2262.com\/noticias\/wp-json\/wp\/v2\/types\/post"}],"author":[{"embeddable":true,"href":"https:\/\/primicias2262.com\/noticias\/wp-json\/wp\/v2\/users\/3"}],"replies":[{"embeddable":true,"href":"https:\/\/primicias2262.com\/noticias\/wp-json\/wp\/v2\/comments?post=102420"}],"version-history":[{"count":1,"href":"https:\/\/primicias2262.com\/noticias\/wp-json\/wp\/v2\/posts\/102420\/revisions"}],"predecessor-version":[{"id":102421,"href":"https:\/\/primicias2262.com\/noticias\/wp-json\/wp\/v2\/posts\/102420\/revisions\/102421"}],"wp:featuredmedia":[{"embeddable":true,"href":"https:\/\/primicias2262.com\/noticias\/wp-json\/wp\/v2\/media\/102112"}],"wp:attachment":[{"href":"https:\/\/primicias2262.com\/noticias\/wp-json\/wp\/v2\/media?parent=102420"}],"wp:term":[{"taxonomy":"category","embeddable":true,"href":"https:\/\/primicias2262.com\/noticias\/wp-json\/wp\/v2\/categories?post=102420"},{"taxonomy":"post_tag","embeddable":true,"href":"https:\/\/primicias2262.com\/noticias\/wp-json\/wp\/v2\/tags?post=102420"}],"curies":[{"name":"wp","href":"https:\/\/api.w.org\/{rel}","templated":true}]}}