{"id":102428,"date":"2023-08-01T12:59:45","date_gmt":"2023-08-01T12:59:45","guid":{"rendered":"https:\/\/primicias2262.com\/noticias\/?p=102428"},"modified":"2023-08-02T11:43:45","modified_gmt":"2023-08-02T11:43:45","slug":"guadalupe-angiolini-confirmada-por-la-seleccion-para-el-sudamericano-juvenil","status":"publish","type":"post","link":"https:\/\/primicias2262.com\/noticias\/guadalupe-angiolini-confirmada-por-la-seleccion-para-el-sudamericano-juvenil\/","title":{"rendered":"Guadalupe Angiolini, confirmada por la Selecci\u00f3n para el Sudamericano Juvenil"},"content":{"rendered":"<p><strong>La joven nadadora necochense representar\u00e1 al pa\u00eds en el evento de Buenos Aires en septiembre con el objetivo de buscar la marca para los Juegos Panamericanos de Santiago 2023.<\/strong><\/p>\n<p>La nadadora del Club Social y Deportivo Hurac\u00e1n, Guadalupe Angiolini, transita por un a\u00f1o exitoso y en las \u00faltimas horas se confirm\u00f3 oficialmente que es parte de la designaci\u00f3n para integrar la Selecci\u00f3n Nacional en el Campeonato Sudamericano.<\/p>\n<p><a href=\"https:\/\/primicias2262.com\/noticias\/wp-content\/uploads\/2023\/08\/guada-angiolini-convocatoria.png\"><img loading=\"lazy\" decoding=\"async\" class=\"aligncenter size-full wp-image-102429\" src=\"https:\/\/primicias2262.com\/noticias\/wp-content\/uploads\/2023\/08\/guada-angiolini-convocatoria.png\" alt=\"\" width=\"720\" height=\"712\" srcset=\"https:\/\/primicias2262.com\/noticias\/wp-content\/uploads\/2023\/08\/guada-angiolini-convocatoria.png 720w, https:\/\/primicias2262.com\/noticias\/wp-content\/uploads\/2023\/08\/guada-angiolini-convocatoria-300x297.png 300w, https:\/\/primicias2262.com\/noticias\/wp-content\/uploads\/2023\/08\/guada-angiolini-convocatoria-150x148.png 150w, https:\/\/primicias2262.com\/noticias\/wp-content\/uploads\/2023\/08\/guada-angiolini-convocatoria-696x688.png 696w\" sizes=\"auto, (max-width: 720px) 100vw, 720px\" \/><\/a>Es que la Confederaci\u00f3n Argentina de Deportes Acu\u00e1ticos (CADDA), dio a conocer a los convocados para representar a la Argentina en el pr\u00f3ximo Campeonato Sudamericano Juvenil, selectivo al Panamericano y que se llevar\u00e1 a cabo en Buenos Aires el venidero mes de septiembre, y entre el equipo de mujeres Juvenil A est\u00e1 la entrenada por Claudio Castagnari.<\/p>\n<p>De esa manera, Guadalupe Angiolini integra el listado Juvenil A de mujeres de la Selecci\u00f3n junto a Malena Santill\u00e1n, Cecilia Dieleke, Agostina Hein, Olivia Guillermo, Chiara Colaneri, Tania Ferreira, Eugenia Acosta, Sabina Montiel, Dana Garc\u00eda, Consuelo N\u00fa\u00f1ez y Sof\u00eda Garc\u00e9s.<\/p>\n<p>Con alegr\u00eda y mucha expectativa, Guadalupe expres\u00f3 en su cuenta de Intagram lo siguiente: \u201cSelectivo panamericano. Torneo corto con buenas sensaciones para lo que se viene. Cerca de la marca Panamericana. Pronto a representar a la Argentina\u201d.<\/p>\n<div id='gallery-1' class='gallery galleryid-102428 gallery-columns-2 gallery-size-medium'><figure class='gallery-item'>\n\t\t\t<div class='gallery-icon landscape'>\n\t\t\t\t<a href='https:\/\/primicias2262.com\/noticias\/rojas-brindo-apoyo-a-la-joven-figura-de-la-natacion-guadalupe-angiolini\/foto-guadaluoe-angiolini-claudio-castagnari\/'><img loading=\"lazy\" decoding=\"async\" width=\"300\" height=\"208\" src=\"https:\/\/primicias2262.com\/noticias\/wp-content\/uploads\/2023\/07\/FOTO-Guadaluoe-Angiolini-Claudio-Castagnari-300x208.jpg\" class=\"attachment-medium size-medium\" alt=\"\" srcset=\"https:\/\/primicias2262.com\/noticias\/wp-content\/uploads\/2023\/07\/FOTO-Guadaluoe-Angiolini-Claudio-Castagnari-300x208.jpg 300w, https:\/\/primicias2262.com\/noticias\/wp-content\/uploads\/2023\/07\/FOTO-Guadaluoe-Angiolini-Claudio-Castagnari-1024x710.jpg 1024w, https:\/\/primicias2262.com\/noticias\/wp-content\/uploads\/2023\/07\/FOTO-Guadaluoe-Angiolini-Claudio-Castagnari-768x532.jpg 768w, https:\/\/primicias2262.com\/noticias\/wp-content\/uploads\/2023\/07\/FOTO-Guadaluoe-Angiolini-Claudio-Castagnari-150x104.jpg 150w, https:\/\/primicias2262.com\/noticias\/wp-content\/uploads\/2023\/07\/FOTO-Guadaluoe-Angiolini-Claudio-Castagnari-218x150.jpg 218w, https:\/\/primicias2262.com\/noticias\/wp-content\/uploads\/2023\/07\/FOTO-Guadaluoe-Angiolini-Claudio-Castagnari-696x482.jpg 696w, https:\/\/primicias2262.com\/noticias\/wp-content\/uploads\/2023\/07\/FOTO-Guadaluoe-Angiolini-Claudio-Castagnari-1068x740.jpg 1068w, https:\/\/primicias2262.com\/noticias\/wp-content\/uploads\/2023\/07\/FOTO-Guadaluoe-Angiolini-Claudio-Castagnari.jpg 1440w\" sizes=\"auto, (max-width: 300px) 100vw, 300px\" \/><\/a>\n\t\t\t<\/div><\/figure><figure class='gallery-item'>\n\t\t\t<div class='gallery-icon landscape'>\n\t\t\t\t<a href='https:\/\/primicias2262.com\/noticias\/guadalupe-angiolini-confirmada-por-la-seleccion-para-el-sudamericano-juvenil\/guada-angiolini2\/'><img loading=\"lazy\" decoding=\"async\" width=\"300\" height=\"190\" src=\"https:\/\/primicias2262.com\/noticias\/wp-content\/uploads\/2023\/08\/guada-angiolini2-300x190.png\" class=\"attachment-medium size-medium\" alt=\"\" srcset=\"https:\/\/primicias2262.com\/noticias\/wp-content\/uploads\/2023\/08\/guada-angiolini2-300x190.png 300w, https:\/\/primicias2262.com\/noticias\/wp-content\/uploads\/2023\/08\/guada-angiolini2-150x95.png 150w, https:\/\/primicias2262.com\/noticias\/wp-content\/uploads\/2023\/08\/guada-angiolini2-696x440.png 696w, https:\/\/primicias2262.com\/noticias\/wp-content\/uploads\/2023\/08\/guada-angiolini2.png 720w\" sizes=\"auto, (max-width: 300px) 100vw, 300px\" \/><\/a>\n\t\t\t<\/div><\/figure>\n\t\t<\/div>\n\n<p>El mes pasado, tras su visita al intendente Arturo Rojas, Angiolini hab\u00eda anticipado que \u201cahora se viene un selectivo de mayores para el Panamericano, que estoy bastante cerca y espero poder entrar\u201d, pero adem\u00e1s, en agosto tambi\u00e9n tendr\u00e1 una olimpiada para edades de 15 y 16 a\u00f1os con la Selecci\u00f3n en Brasil; en septiembre el Sudamericano, posiblemente el Panamericano en octubre si es que clasifica, y adem\u00e1s el Absoluto de mayores en Buenos Aires.<\/p>\n<div id='gallery-2' class='gallery galleryid-102428 gallery-columns-2 gallery-size-medium'><figure class='gallery-item'>\n\t\t\t<div class='gallery-icon landscape'>\n\t\t\t\t<a href='https:\/\/primicias2262.com\/noticias\/guadalupe-angiolini-confirmada-por-la-seleccion-para-el-sudamericano-juvenil\/guada-angiolini3\/'><img loading=\"lazy\" decoding=\"async\" width=\"300\" height=\"260\" src=\"https:\/\/primicias2262.com\/noticias\/wp-content\/uploads\/2023\/08\/guada-angiolini3-300x260.png\" class=\"attachment-medium size-medium\" alt=\"\" srcset=\"https:\/\/primicias2262.com\/noticias\/wp-content\/uploads\/2023\/08\/guada-angiolini3-300x260.png 300w, https:\/\/primicias2262.com\/noticias\/wp-content\/uploads\/2023\/08\/guada-angiolini3-150x130.png 150w, https:\/\/primicias2262.com\/noticias\/wp-content\/uploads\/2023\/08\/guada-angiolini3-696x603.png 696w, https:\/\/primicias2262.com\/noticias\/wp-content\/uploads\/2023\/08\/guada-angiolini3.png 720w\" sizes=\"auto, (max-width: 300px) 100vw, 300px\" \/><\/a>\n\t\t\t<\/div><\/figure><figure class='gallery-item'>\n\t\t\t<div class='gallery-icon landscape'>\n\t\t\t\t<a href='https:\/\/primicias2262.com\/noticias\/rojas-brindo-apoyo-a-la-joven-figura-de-la-natacion-guadalupe-angiolini\/19-07-foto-rojas-angiolini\/'><img loading=\"lazy\" decoding=\"async\" width=\"300\" height=\"200\" src=\"https:\/\/primicias2262.com\/noticias\/wp-content\/uploads\/2023\/07\/19-07-FOTO-Rojas-Angiolini-300x200.jpeg\" class=\"attachment-medium size-medium\" alt=\"\" srcset=\"https:\/\/primicias2262.com\/noticias\/wp-content\/uploads\/2023\/07\/19-07-FOTO-Rojas-Angiolini-300x200.jpeg 300w, https:\/\/primicias2262.com\/noticias\/wp-content\/uploads\/2023\/07\/19-07-FOTO-Rojas-Angiolini-1024x682.jpeg 1024w, https:\/\/primicias2262.com\/noticias\/wp-content\/uploads\/2023\/07\/19-07-FOTO-Rojas-Angiolini-768x512.jpeg 768w, https:\/\/primicias2262.com\/noticias\/wp-content\/uploads\/2023\/07\/19-07-FOTO-Rojas-Angiolini-1536x1023.jpeg 1536w, https:\/\/primicias2262.com\/noticias\/wp-content\/uploads\/2023\/07\/19-07-FOTO-Rojas-Angiolini-150x100.jpeg 150w, https:\/\/primicias2262.com\/noticias\/wp-content\/uploads\/2023\/07\/19-07-FOTO-Rojas-Angiolini-696x464.jpeg 696w, https:\/\/primicias2262.com\/noticias\/wp-content\/uploads\/2023\/07\/19-07-FOTO-Rojas-Angiolini-1068x712.jpeg 1068w, https:\/\/primicias2262.com\/noticias\/wp-content\/uploads\/2023\/07\/19-07-FOTO-Rojas-Angiolini.jpeg 1600w\" sizes=\"auto, (max-width: 300px) 100vw, 300px\" \/><\/a>\n\t\t\t<\/div><\/figure>\n\t\t<\/div>\n\n<p>\u201cTengo que ir a todos esos torneos s\u00ed o s\u00ed, hay torneos espec\u00edficos para clasificar y si no vas no clasific\u00e1s, as\u00ed que tenemos que ir a la mayor\u00eda de los torneos para representar a Argentina\u201d, asegur\u00f3 la nadadora del Club Social y Deportivo Hurac\u00e1n, quien insisti\u00f3: \u201cEn lo que nos puedan ayudar, ya sea con dinero o con elementos de la nataci\u00f3n o indumentaria, ser\u00e1 muy bienvenido\u201d.<\/p>\n<p>Quien ganara el Puente Colgante de Oro a la mejor Deportista del a\u00f1o 2022, otorgado por el C\u00edrculo de Periodistas Deportivos local, este a\u00f1o estableci\u00f3 r\u00e9cords nacionales en 50 y 100 metros mariposa y a principio del mes pasado, en el Campeonato Nacional de Cadetes, logr\u00f3 tres marcas A, en 50 y 100 metros mariposa y 200 combinados, para el Campeonato Sudamericano a la que ha sido convocada por la CADDA (Confederaci\u00f3n Argentina de Deportes Acu\u00e1ticos), para integrar la Selecci\u00f3n Nacional que representar\u00e1 al pa\u00eds en Buenos Aires.<\/p>\n<p><a href=\"https:\/\/primicias2262.com\/noticias\/wp-content\/uploads\/2023\/08\/guada-angiolini4.png\"><img loading=\"lazy\" decoding=\"async\" class=\"aligncenter size-full wp-image-102433\" src=\"https:\/\/primicias2262.com\/noticias\/wp-content\/uploads\/2023\/08\/guada-angiolini4.png\" alt=\"\" width=\"720\" height=\"1043\" srcset=\"https:\/\/primicias2262.com\/noticias\/wp-content\/uploads\/2023\/08\/guada-angiolini4.png 720w, https:\/\/primicias2262.com\/noticias\/wp-content\/uploads\/2023\/08\/guada-angiolini4-207x300.png 207w, https:\/\/primicias2262.com\/noticias\/wp-content\/uploads\/2023\/08\/guada-angiolini4-707x1024.png 707w, https:\/\/primicias2262.com\/noticias\/wp-content\/uploads\/2023\/08\/guada-angiolini4-150x217.png 150w, https:\/\/primicias2262.com\/noticias\/wp-content\/uploads\/2023\/08\/guada-angiolini4-300x435.png 300w, https:\/\/primicias2262.com\/noticias\/wp-content\/uploads\/2023\/08\/guada-angiolini4-696x1008.png 696w\" sizes=\"auto, (max-width: 720px) 100vw, 720px\" \/><\/a><\/p>\n","protected":false},"excerpt":{"rendered":"<p>La joven nadadora necochense representar\u00e1 al pa\u00eds en el evento de Buenos Aires en septiembre con el objetivo de buscar la marca para los Juegos Panamericanos de Santiago 2023. La nadadora del Club Social y Deportivo Hurac\u00e1n, Guadalupe Angiolini, transita por un a\u00f1o exitoso y en las \u00faltimas horas se confirm\u00f3 oficialmente que es parte [&hellip;]<\/p>\n","protected":false},"author":3,"featured_media":102430,"comment_status":"open","ping_status":"open","sticky":false,"template":"","format":"standard","meta":{"footnotes":""},"categories":[3],"tags":[],"class_list":["post-102428","post","type-post","status-publish","format-standard","has-post-thumbnail","category-masnoticias"],"_links":{"self":[{"href":"https:\/\/primicias2262.com\/noticias\/wp-json\/wp\/v2\/posts\/102428","targetHints":{"allow":["GET"]}}],"collection":[{"href":"https:\/\/primicias2262.com\/noticias\/wp-json\/wp\/v2\/posts"}],"about":[{"href":"https:\/\/primicias2262.com\/noticias\/wp-json\/wp\/v2\/types\/post"}],"author":[{"embeddable":true,"href":"https:\/\/primicias2262.com\/noticias\/wp-json\/wp\/v2\/users\/3"}],"replies":[{"embeddable":true,"href":"https:\/\/primicias2262.com\/noticias\/wp-json\/wp\/v2\/comments?post=102428"}],"version-history":[{"count":5,"href":"https:\/\/primicias2262.com\/noticias\/wp-json\/wp\/v2\/posts\/102428\/revisions"}],"predecessor-version":[{"id":102474,"href":"https:\/\/primicias2262.com\/noticias\/wp-json\/wp\/v2\/posts\/102428\/revisions\/102474"}],"wp:featuredmedia":[{"embeddable":true,"href":"https:\/\/primicias2262.com\/noticias\/wp-json\/wp\/v2\/media\/102430"}],"wp:attachment":[{"href":"https:\/\/primicias2262.com\/noticias\/wp-json\/wp\/v2\/media?parent=102428"}],"wp:term":[{"taxonomy":"category","embeddable":true,"href":"https:\/\/primicias2262.com\/noticias\/wp-json\/wp\/v2\/categories?post=102428"},{"taxonomy":"post_tag","embeddable":true,"href":"https:\/\/primicias2262.com\/noticias\/wp-json\/wp\/v2\/tags?post=102428"}],"curies":[{"name":"wp","href":"https:\/\/api.w.org\/{rel}","templated":true}]}}