{"id":102440,"date":"2023-08-01T13:38:04","date_gmt":"2023-08-01T13:38:04","guid":{"rendered":"https:\/\/primicias2262.com\/noticias\/?p=102440"},"modified":"2023-08-02T11:35:26","modified_gmt":"2023-08-02T11:35:26","slug":"la-carne-no-se-queda-atras-y-desde-el-sabado-rige-un-aumento-de-entre-el-25-y-30","status":"publish","type":"post","link":"https:\/\/primicias2262.com\/noticias\/la-carne-no-se-queda-atras-y-desde-el-sabado-rige-un-aumento-de-entre-el-25-y-30\/","title":{"rendered":"La carne no se queda atr\u00e1s y desde el s\u00e1bado rige un aumento de entre el 25 y 30%"},"content":{"rendered":"<p><strong>As\u00ed lo confirm\u00f3 en \u201cVoces de la Ciudad\u201d Gabriel Vallejos, de Carnicer\u00eda Al Corte en 63 y 66, dando cuenta de que se trata de \u201cun monto grande\u201d de aumento, e inform\u00f3 los nuevos valores de los cortes tradicionales.<\/strong><\/p>\n<p>Ante la consulta del periodista Jorge G\u00f3mez, el empresario c\u00e1rnico confirm\u00f3 que \u201cel aumento de la carne incluye a Necochea y es de un 25 a 30%\u201d, aunque tambi\u00e9n adelant\u00f3 que \u201ca\u00fan se habla de que va a seguir subiendo y otros dicen que no, as\u00ed que la verdadera realidad va a ser este mi\u00e9rcoles 2, cuando entre carne otra vez y los mercados den el precio actual\u201d.<\/p>\n<p><a href=\"https:\/\/primicias2262.com\/noticias\/wp-content\/uploads\/2023\/08\/carne2.png\"><img loading=\"lazy\" decoding=\"async\" class=\"aligncenter size-full wp-image-102444\" src=\"https:\/\/primicias2262.com\/noticias\/wp-content\/uploads\/2023\/08\/carne2.png\" alt=\"\" width=\"720\" height=\"824\" srcset=\"https:\/\/primicias2262.com\/noticias\/wp-content\/uploads\/2023\/08\/carne2.png 720w, https:\/\/primicias2262.com\/noticias\/wp-content\/uploads\/2023\/08\/carne2-262x300.png 262w, https:\/\/primicias2262.com\/noticias\/wp-content\/uploads\/2023\/08\/carne2-150x172.png 150w, https:\/\/primicias2262.com\/noticias\/wp-content\/uploads\/2023\/08\/carne2-300x343.png 300w, https:\/\/primicias2262.com\/noticias\/wp-content\/uploads\/2023\/08\/carne2-696x797.png 696w\" sizes=\"auto, (max-width: 720px) 100vw, 720px\" \/><\/a>Por lo pronto, con el nuevo aumento Vallejos se\u00f1al\u00f3 que en su carnicer\u00eda, hoy por ejemplo el kilo de asado est\u00e1 a 2450 pesos; para milanesa est\u00e1 a 2350, 2500 o 2600, seg\u00fan el corte; el kilo de lomo a 3200 pesos; la carne picada especial a 1950. Son los valores que ya empezaron a regir desde el \u00faltimo s\u00e1bado.<\/p>\n<p>A la pasada, notific\u00f3 que \u201cuna media res entera est\u00e1 a un promedio de 130 mil pesos\u201d, y si bien se nota la merma de la clientela por la suba, destac\u00f3 que \u201cla gente aprovecha mucho los descuentos de Cuenta DNI con el 35% los s\u00e1bados y domingos\u201d.<\/p>\n<p>Finalmente, Vallejos analiz\u00f3 que \u201cla carne hac\u00eda unos cuantos meses que no aumentaba nada y para estar m\u00e1s o menos acorde a la inflaci\u00f3n aumenta dos o tres veces al a\u00f1o, y cuando lo hace se nota en los mostradores, porque las subas son del 20 o 30%\u201d.<\/p>\n<p><a href=\"https:\/\/primicias2262.com\/noticias\/wp-content\/uploads\/2023\/08\/carne-al-corte2.png\"><img loading=\"lazy\" decoding=\"async\" class=\"aligncenter size-full wp-image-102442\" src=\"https:\/\/primicias2262.com\/noticias\/wp-content\/uploads\/2023\/08\/carne-al-corte2.png\" alt=\"\" width=\"720\" height=\"658\" srcset=\"https:\/\/primicias2262.com\/noticias\/wp-content\/uploads\/2023\/08\/carne-al-corte2.png 720w, https:\/\/primicias2262.com\/noticias\/wp-content\/uploads\/2023\/08\/carne-al-corte2-300x274.png 300w, https:\/\/primicias2262.com\/noticias\/wp-content\/uploads\/2023\/08\/carne-al-corte2-150x137.png 150w, https:\/\/primicias2262.com\/noticias\/wp-content\/uploads\/2023\/08\/carne-al-corte2-696x636.png 696w\" sizes=\"auto, (max-width: 720px) 100vw, 720px\" \/><\/a><\/p>\n","protected":false},"excerpt":{"rendered":"<p>As\u00ed lo confirm\u00f3 en \u201cVoces de la Ciudad\u201d Gabriel Vallejos, de Carnicer\u00eda Al Corte en 63 y 66, dando cuenta de que se trata de \u201cun monto grande\u201d de aumento, e inform\u00f3 los nuevos valores de los cortes tradicionales. Ante la consulta del periodista Jorge G\u00f3mez, el empresario c\u00e1rnico confirm\u00f3 que \u201cel aumento de la [&hellip;]<\/p>\n","protected":false},"author":3,"featured_media":102441,"comment_status":"open","ping_status":"open","sticky":false,"template":"","format":"standard","meta":{"footnotes":""},"categories":[3],"tags":[],"class_list":["post-102440","post","type-post","status-publish","format-standard","has-post-thumbnail","category-masnoticias"],"_links":{"self":[{"href":"https:\/\/primicias2262.com\/noticias\/wp-json\/wp\/v2\/posts\/102440","targetHints":{"allow":["GET"]}}],"collection":[{"href":"https:\/\/primicias2262.com\/noticias\/wp-json\/wp\/v2\/posts"}],"about":[{"href":"https:\/\/primicias2262.com\/noticias\/wp-json\/wp\/v2\/types\/post"}],"author":[{"embeddable":true,"href":"https:\/\/primicias2262.com\/noticias\/wp-json\/wp\/v2\/users\/3"}],"replies":[{"embeddable":true,"href":"https:\/\/primicias2262.com\/noticias\/wp-json\/wp\/v2\/comments?post=102440"}],"version-history":[{"count":3,"href":"https:\/\/primicias2262.com\/noticias\/wp-json\/wp\/v2\/posts\/102440\/revisions"}],"predecessor-version":[{"id":102448,"href":"https:\/\/primicias2262.com\/noticias\/wp-json\/wp\/v2\/posts\/102440\/revisions\/102448"}],"wp:featuredmedia":[{"embeddable":true,"href":"https:\/\/primicias2262.com\/noticias\/wp-json\/wp\/v2\/media\/102441"}],"wp:attachment":[{"href":"https:\/\/primicias2262.com\/noticias\/wp-json\/wp\/v2\/media?parent=102440"}],"wp:term":[{"taxonomy":"category","embeddable":true,"href":"https:\/\/primicias2262.com\/noticias\/wp-json\/wp\/v2\/categories?post=102440"},{"taxonomy":"post_tag","embeddable":true,"href":"https:\/\/primicias2262.com\/noticias\/wp-json\/wp\/v2\/tags?post=102440"}],"curies":[{"name":"wp","href":"https:\/\/api.w.org\/{rel}","templated":true}]}}