{"id":102464,"date":"2023-08-02T11:38:16","date_gmt":"2023-08-02T11:38:16","guid":{"rendered":"https:\/\/primicias2262.com\/noticias\/?p=102464"},"modified":"2023-08-02T17:13:57","modified_gmt":"2023-08-02T17:13:57","slug":"dieron-de-baja-tres-listas-para-las-paso-de-necochea","status":"publish","type":"post","link":"https:\/\/primicias2262.com\/noticias\/dieron-de-baja-tres-listas-para-las-paso-de-necochea\/","title":{"rendered":"Dieron de baja tres listas para las PASO de Necochea"},"content":{"rendered":"<p><strong>Quedaron finalmente inscriptas 16 n\u00f3minas de precandidatos a intendente, concejales y consejeros escolares. En las \u00faltimas horas, y tras revisar al detalle la situaci\u00f3n de cada presentaci\u00f3n, la Junta Electoral de la Provincia de Buenos Aires retir\u00f3 de la inminente primaria a concretarse en Necochea el domingo 13 de agosto las listas a cargos municipales de Encuentro Republicano Federal, Esperanza de Pueblo y Justicia y Dignidad Patri\u00f3tica. Tambi\u00e9n se ratific\u00f3, tal cual estaba previsto y anunciado, la baja de la n\u00f3mina de Maximiliano Delfino.<\/strong><\/p>\n<p><strong>\u00a0Por Jorge G\u00f3mez<\/strong><\/p>\n<p>La Junta Electoral de la Provincia de Buenos Aires finalmente oficializ\u00f3 un total de 16 listas que competir\u00e1n en el distrito de Necochea en las pr\u00f3ximas elecciones primarias, abiertas, simult\u00e1neas y Obligatorias (PASO),<\/p>\n<p>La n\u00f3mina de nombres propios, en calidad de precandidatos a jefe comunal que, por \u00faltimo y en estas horas termin\u00f3 de oficializar la Junta Electoral de la Provincia de Buenos y que, por lo tanto, ser\u00e1n las opciones de tinte local que se observar\u00e1n en los cuartos oscuros que se habilitar\u00e1n dentro de dos domingos, ser\u00e1 la siguiente.<\/p>\n<ul>\n<li>Luciana Nogueira &#8211; Frente de Izquierda de los Trabajadores.<\/li>\n<li>Silvana Andrada &#8211; Frente de Izquierda de los Trabajadores Unidad \u00abUnidad de Luchadores\u00bb.<\/li>\n<li>Eugenia Vallota &#8211; Juntos por el Cambio \u00abLa fuerza del cambio\u00bb.<\/li>\n<li>Mart\u00edn Migueles &#8211; Juntos por el Cambio \u00abFalta menos para vivir sin miedo\u00bb.<\/li>\n<li>Dami\u00e1n Unibaso &#8211; Juntos por el Cambio \u00abPR\u00bb.<\/li>\n<li>Marcelo \u00abChelo\u00bb Rivero &#8211; Uni\u00f3n por la Patria \u00abCeleste y Blanca N\u00ba 2\u00bb.<\/li>\n<li>Mauro Vel\u00e1zquez &#8211; Uni\u00f3n por la Patria \u00abCeleste y Blanca N\u00ba 4\u00bb.<\/li>\n<li>Daniel \u00abYanqui\u00bb L\u00f3pez &#8211; Uni\u00f3n por la Patria \u00abCeleste y Blanca N\u00ba 6\u00bb.<\/li>\n<li>Juan Pedro Arabarco &#8211; Agrupaci\u00f3n Comunal Transformadora.<\/li>\n<li>Arturo Rojas &#8211; Nueva Necochea.<\/li>\n<li>Pablo Nosek &#8211; La Libertad Avanza.<\/li>\n<li>Mart\u00edn Salcedo &#8211; Partido Autonomista.<\/li>\n<li>Gisela Andrea Paggi &#8211; Partido Liberar.<\/li>\n<li>Gloria Noelia Ianni &#8211; Partido Principio y Valores.<\/li>\n<li>Mabel Elizabeth Salamone &#8211; Partido Frente Federal de Acci\u00f3n Solidaria de la Provincia de Buenos Aires.<\/li>\n<li>Gimena Graziano &#8211; Libres del Sur.<\/li>\n<\/ul>\n<p>Las listas que fueron retiradas de las primarias de cara al 13 de agosto en la competencia democr\u00e1tica en Necochea corresponden a la de Encuentro Republicano Federal que postulaba a la Intendencia a Luis roldan; la denominada Justicia y Dignidad Patri\u00f3tica con Ivanna D\u00edaz como precandidata a intendente; y la de Esperanza de Pueblo de Mar\u00eda Bel\u00e9n C\u00e9liz.<\/p>\n<p>En la oficializaci\u00f3n definitiva -se prev\u00e9 que no habr\u00e1 m\u00e1s cambios al respecto- qued\u00f3 tambi\u00e9n validado el retiro de la lista de Juntos que impulsaba la ex precandidatura a intendente del doctor Maximiliano Delfino.<\/p>\n<p>Se recuerda que tendr\u00e1n primarias -o sea que resolver\u00e1n su contienda interna- s\u00f3lo tres coaliciones: el frente Juntos que tiene tres aspirantes a la Intendencia, con listas encabezadas por Dami\u00e1n Unibaso, Mart\u00edn Migueles y Mar\u00eda Vallota.<\/p>\n<p>La otra interna que definir\u00e1 estas PASO ser\u00e1 de la de Uni\u00f3n por la Patria, tambi\u00e9n con tres precandidatos a jefes comunales. Ellos son Mauro Vel\u00e1zquez, Marcelo Rivero y Daniel L\u00f3pez.<\/p>\n<p>Y finalmente de la compulsa entre Luciana Nogueira y Silvana Andrada saldr\u00e1 la candidata a intendente de Necochea en nombre del Frente de Izquierda de los Trabajadores.<\/p>\n<p>Ser\u00e1n 8 las restantes listas que est\u00e1n asimismo inscriptas para las PASO del domingo 13 de agosto, las que tendr\u00e1n como requisito, para acceder a la elecci\u00f3n general de octubre venidero, tan s\u00f3lo alcanzar o superar el 1,5% de los votos positivos.<\/p>\n<p>Vale consignar que en el comicio general a darse el domingo 22 de octubre se elegir\u00e1, con el mismo padr\u00f3n a utilizarse este domingo 13 de agosto, un intendente, 10 concejales y tres consejeros escolares, quienes asumir\u00e1n y comenzar\u00e1n sus mandatos el 10 de diciembre pr\u00f3ximo.<\/p>\n","protected":false},"excerpt":{"rendered":"<p>Quedaron finalmente inscriptas 16 n\u00f3minas de precandidatos a intendente, concejales y consejeros escolares. En las \u00faltimas horas, y tras revisar al detalle la situaci\u00f3n de cada presentaci\u00f3n, la Junta Electoral de la Provincia de Buenos Aires retir\u00f3 de la inminente primaria a concretarse en Necochea el domingo 13 de agosto las listas a cargos municipales [&hellip;]<\/p>\n","protected":false},"author":3,"featured_media":101995,"comment_status":"open","ping_status":"open","sticky":false,"template":"","format":"standard","meta":{"footnotes":""},"categories":[3],"tags":[],"class_list":["post-102464","post","type-post","status-publish","format-standard","has-post-thumbnail","category-masnoticias"],"_links":{"self":[{"href":"https:\/\/primicias2262.com\/noticias\/wp-json\/wp\/v2\/posts\/102464","targetHints":{"allow":["GET"]}}],"collection":[{"href":"https:\/\/primicias2262.com\/noticias\/wp-json\/wp\/v2\/posts"}],"about":[{"href":"https:\/\/primicias2262.com\/noticias\/wp-json\/wp\/v2\/types\/post"}],"author":[{"embeddable":true,"href":"https:\/\/primicias2262.com\/noticias\/wp-json\/wp\/v2\/users\/3"}],"replies":[{"embeddable":true,"href":"https:\/\/primicias2262.com\/noticias\/wp-json\/wp\/v2\/comments?post=102464"}],"version-history":[{"count":1,"href":"https:\/\/primicias2262.com\/noticias\/wp-json\/wp\/v2\/posts\/102464\/revisions"}],"predecessor-version":[{"id":102465,"href":"https:\/\/primicias2262.com\/noticias\/wp-json\/wp\/v2\/posts\/102464\/revisions\/102465"}],"wp:featuredmedia":[{"embeddable":true,"href":"https:\/\/primicias2262.com\/noticias\/wp-json\/wp\/v2\/media\/101995"}],"wp:attachment":[{"href":"https:\/\/primicias2262.com\/noticias\/wp-json\/wp\/v2\/media?parent=102464"}],"wp:term":[{"taxonomy":"category","embeddable":true,"href":"https:\/\/primicias2262.com\/noticias\/wp-json\/wp\/v2\/categories?post=102464"},{"taxonomy":"post_tag","embeddable":true,"href":"https:\/\/primicias2262.com\/noticias\/wp-json\/wp\/v2\/tags?post=102464"}],"curies":[{"name":"wp","href":"https:\/\/api.w.org\/{rel}","templated":true}]}}