{"id":102467,"date":"2023-08-02T11:40:39","date_gmt":"2023-08-02T11:40:39","guid":{"rendered":"https:\/\/primicias2262.com\/noticias\/?p=102467"},"modified":"2023-08-03T12:13:27","modified_gmt":"2023-08-03T12:13:27","slug":"por-que-aumento-tanto-la-luz-en-necochea","status":"publish","type":"post","link":"https:\/\/primicias2262.com\/noticias\/por-que-aumento-tanto-la-luz-en-necochea\/","title":{"rendered":"\u00bfPor qu\u00e9 aument\u00f3 tanto la luz en Necochea?"},"content":{"rendered":"<p><strong>Los valores en las facturas de consumo de luz sorprendieron estos d\u00edas a m\u00e1s de un vecino que vio incrementado el costo al doble o triple del pago anterior en algunas facturas.<\/strong><\/p>\n<p>Vista esta circunstancia, y tras consultas realizadas al efecto, se ha obtenido estos primeros datos que ilustran el cuadro de situaci\u00f3n de los usuarios, en la reiteraci\u00f3n que ha hecho por estas horas la propia Usina Popular Cooperativa de Necochea dando cuenta que los cuadros tarifarios no se fijan localmente sino que son dispuestos por el Gobierno de la Provincia de Buenos Aires.<\/p>\n<p>La suba, en este caso, ya hab\u00eda sido anunciada por las cooperativas el\u00e9ctricas de la Provincia de Buenos Aires y obedece, fundamentalmente, a la quita de subsidios por parte del gobierno nacional, circunstancia que fue una de las condiciones impuestas por el FMI (Fondo Monetario Internacional), o sea la disminuci\u00f3n de los mencionados subsidios a la energ\u00eda.<\/p>\n<p>Vale destacar que las tarifas son fijadas exclusivamente por el gobierno nacional y son replicadas luego por las Provincias, entre ellas la Provincia de Buenos Aires, siendo totalmente ajena dicha facultad a los municipios. O sea que los incrementos que se han dado estos d\u00edas no pasan por las comunas bonaerenses, entre ellas las de Necochea.<\/p>\n<p>De esta forma, en mayo pasado se eliminaron los subsidios para los usuarios residenciales, vi\u00e9ndose esta situaci\u00f3n reflejada en el \u00faltimo recibo.<\/p>\n<p>Cabe recordar que el gobierno nacional autoriz\u00f3 un aumento del 108% a partir del 1\u00b0 de abril y otro de un 74% m\u00e1s desde el 1\u00b0 de junio pasado.<\/p>\n<p>El aumento de las facturas, por lo tanto, es de dos o tres o hasta cuatro veces m\u00e1s de lo que se ven\u00eda abonando, teniendo en cuenta el consumo invernal -que genera m\u00e1s utilizaci\u00f3n de la energ\u00eda en general- y el segmento en el cual se encuentre alcanzado el usuario.<\/p>\n<p>As\u00ed, y a modo de ejemplo, en algunos casos, en los cuales se pagaban 10.000 pesos mensuales aproximadamente, el aumento se vio reflejado en la factura con un importe de 25.000 pesos, debido al incremento en el cargo fijo y carga variable por kilowatt.<\/p>\n<p>En el caso del ejemplo de las anteriores facturas, el subsidio del Estado Nacional era de aproximadamente 9.000 pesos y con la quita de los mismos los subsidios no alcanzan a 1.000 pesos por cada mes de consumo.<\/p>\n","protected":false},"excerpt":{"rendered":"<p>Los valores en las facturas de consumo de luz sorprendieron estos d\u00edas a m\u00e1s de un vecino que vio incrementado el costo al doble o triple del pago anterior en algunas facturas. Vista esta circunstancia, y tras consultas realizadas al efecto, se ha obtenido estos primeros datos que ilustran el cuadro de situaci\u00f3n de los [&hellip;]<\/p>\n","protected":false},"author":3,"featured_media":102468,"comment_status":"open","ping_status":"open","sticky":false,"template":"","format":"standard","meta":{"footnotes":""},"categories":[3],"tags":[],"class_list":["post-102467","post","type-post","status-publish","format-standard","has-post-thumbnail","category-masnoticias"],"_links":{"self":[{"href":"https:\/\/primicias2262.com\/noticias\/wp-json\/wp\/v2\/posts\/102467","targetHints":{"allow":["GET"]}}],"collection":[{"href":"https:\/\/primicias2262.com\/noticias\/wp-json\/wp\/v2\/posts"}],"about":[{"href":"https:\/\/primicias2262.com\/noticias\/wp-json\/wp\/v2\/types\/post"}],"author":[{"embeddable":true,"href":"https:\/\/primicias2262.com\/noticias\/wp-json\/wp\/v2\/users\/3"}],"replies":[{"embeddable":true,"href":"https:\/\/primicias2262.com\/noticias\/wp-json\/wp\/v2\/comments?post=102467"}],"version-history":[{"count":1,"href":"https:\/\/primicias2262.com\/noticias\/wp-json\/wp\/v2\/posts\/102467\/revisions"}],"predecessor-version":[{"id":102469,"href":"https:\/\/primicias2262.com\/noticias\/wp-json\/wp\/v2\/posts\/102467\/revisions\/102469"}],"wp:featuredmedia":[{"embeddable":true,"href":"https:\/\/primicias2262.com\/noticias\/wp-json\/wp\/v2\/media\/102468"}],"wp:attachment":[{"href":"https:\/\/primicias2262.com\/noticias\/wp-json\/wp\/v2\/media?parent=102467"}],"wp:term":[{"taxonomy":"category","embeddable":true,"href":"https:\/\/primicias2262.com\/noticias\/wp-json\/wp\/v2\/categories?post=102467"},{"taxonomy":"post_tag","embeddable":true,"href":"https:\/\/primicias2262.com\/noticias\/wp-json\/wp\/v2\/tags?post=102467"}],"curies":[{"name":"wp","href":"https:\/\/api.w.org\/{rel}","templated":true}]}}