{"id":102471,"date":"2023-08-02T11:43:33","date_gmt":"2023-08-02T11:43:33","guid":{"rendered":"https:\/\/primicias2262.com\/noticias\/?p=102471"},"modified":"2023-08-03T12:17:56","modified_gmt":"2023-08-03T12:17:56","slug":"definen-lugares-donde-votara-el-padron-de-extranjeros","status":"publish","type":"post","link":"https:\/\/primicias2262.com\/noticias\/definen-lugares-donde-votara-el-padron-de-extranjeros\/","title":{"rendered":"Definen lugares donde votar\u00e1 el padr\u00f3n de extranjeros"},"content":{"rendered":"<p><strong>Por Jorge G\u00f3mez<\/strong><\/p>\n<p><strong>El padr\u00f3n de extranjeros residentes en el Partido de Necochea que podr\u00e1 votar en las elecciones primarias del domingo 13 de agosto pr\u00f3ximo suma 1.608.<\/strong><\/p>\n<p>En las \u00faltimas horas se conoci\u00f3 los lugares donde deber\u00e1n concretar este tr\u00e1mite c\u00edvico, habilit\u00e1ndose para ello cuatro mesas.<\/p>\n<p>Tres de ellas se ubicar\u00e1n en el Colegio Ikastola, en la villa balnearia, en calle 87 N\u00ba 1127. Ser\u00e1n las mesas N\u00ba 9001, 9002 y 9003.<\/p>\n<p>La restante mesa, la N\u00ba 9004, se ubicar\u00e1 en Quequ\u00e9n, en el Centro de Educaci\u00f3n F\u00edsica N\u00ba 76, situado en calle 513 N\u00ba 2610.<\/p>\n<p><a href=\"https:\/\/primicias2262.com\/noticias\/wp-content\/uploads\/2023\/08\/cef-quequen.jpg\"><img loading=\"lazy\" decoding=\"async\" class=\"aligncenter size-full wp-image-102475\" src=\"https:\/\/primicias2262.com\/noticias\/wp-content\/uploads\/2023\/08\/cef-quequen.jpg\" alt=\"\" width=\"750\" height=\"500\" srcset=\"https:\/\/primicias2262.com\/noticias\/wp-content\/uploads\/2023\/08\/cef-quequen.jpg 750w, https:\/\/primicias2262.com\/noticias\/wp-content\/uploads\/2023\/08\/cef-quequen-300x200.jpg 300w, https:\/\/primicias2262.com\/noticias\/wp-content\/uploads\/2023\/08\/cef-quequen-150x100.jpg 150w, https:\/\/primicias2262.com\/noticias\/wp-content\/uploads\/2023\/08\/cef-quequen-696x464.jpg 696w\" sizes=\"auto, (max-width: 750px) 100vw, 750px\" \/><\/a>Vale citar, adem\u00e1s, que un total de 88.264 ciudadanos estar\u00e1n habilitados para sufragar en las inminentes PASO en nuestro distrito.<\/p>\n<p>Discriminado ese n\u00famero por planta urbana, la ciudad de Necochea informa tener para sufragar un total de 65.097 ciudadanos, escoltada por Quequ\u00e9n con 15.868, tras lo cual se ubican la localidad de Juan N. Fern\u00e1ndez con 2.651 ciudadanos, La Dulce con 1.927, Claraz con 572, y Ram\u00f3n Santamarina con 541.<\/p>\n","protected":false},"excerpt":{"rendered":"<p>Por Jorge G\u00f3mez El padr\u00f3n de extranjeros residentes en el Partido de Necochea que podr\u00e1 votar en las elecciones primarias del domingo 13 de agosto pr\u00f3ximo suma 1.608. En las \u00faltimas horas se conoci\u00f3 los lugares donde deber\u00e1n concretar este tr\u00e1mite c\u00edvico, habilit\u00e1ndose para ello cuatro mesas. Tres de ellas se ubicar\u00e1n en el Colegio [&hellip;]<\/p>\n","protected":false},"author":3,"featured_media":102476,"comment_status":"open","ping_status":"open","sticky":false,"template":"","format":"standard","meta":{"footnotes":""},"categories":[3],"tags":[],"class_list":["post-102471","post","type-post","status-publish","format-standard","has-post-thumbnail","category-masnoticias"],"_links":{"self":[{"href":"https:\/\/primicias2262.com\/noticias\/wp-json\/wp\/v2\/posts\/102471","targetHints":{"allow":["GET"]}}],"collection":[{"href":"https:\/\/primicias2262.com\/noticias\/wp-json\/wp\/v2\/posts"}],"about":[{"href":"https:\/\/primicias2262.com\/noticias\/wp-json\/wp\/v2\/types\/post"}],"author":[{"embeddable":true,"href":"https:\/\/primicias2262.com\/noticias\/wp-json\/wp\/v2\/users\/3"}],"replies":[{"embeddable":true,"href":"https:\/\/primicias2262.com\/noticias\/wp-json\/wp\/v2\/comments?post=102471"}],"version-history":[{"count":2,"href":"https:\/\/primicias2262.com\/noticias\/wp-json\/wp\/v2\/posts\/102471\/revisions"}],"predecessor-version":[{"id":102478,"href":"https:\/\/primicias2262.com\/noticias\/wp-json\/wp\/v2\/posts\/102471\/revisions\/102478"}],"wp:featuredmedia":[{"embeddable":true,"href":"https:\/\/primicias2262.com\/noticias\/wp-json\/wp\/v2\/media\/102476"}],"wp:attachment":[{"href":"https:\/\/primicias2262.com\/noticias\/wp-json\/wp\/v2\/media?parent=102471"}],"wp:term":[{"taxonomy":"category","embeddable":true,"href":"https:\/\/primicias2262.com\/noticias\/wp-json\/wp\/v2\/categories?post=102471"},{"taxonomy":"post_tag","embeddable":true,"href":"https:\/\/primicias2262.com\/noticias\/wp-json\/wp\/v2\/tags?post=102471"}],"curies":[{"name":"wp","href":"https:\/\/api.w.org\/{rel}","templated":true}]}}