{"id":102482,"date":"2023-08-02T12:35:43","date_gmt":"2023-08-02T12:35:43","guid":{"rendered":"https:\/\/primicias2262.com\/noticias\/?p=102482"},"modified":"2023-08-02T12:35:59","modified_gmt":"2023-08-02T12:35:59","slug":"elecciones-paso-2023-quienes-son-los-candidatos-a-presidente-en-argentina","status":"publish","type":"post","link":"https:\/\/primicias2262.com\/noticias\/elecciones-paso-2023-quienes-son-los-candidatos-a-presidente-en-argentina\/","title":{"rendered":"Elecciones PASO 2023: qui\u00e9nes son los candidatos a presidente en Argentina"},"content":{"rendered":"<p>En las\u00a0<b><a href=\"https:\/\/www.pagina12.com.ar\/561334-cuando-son-las-paso-2023-y-que-se-vota#:~:text=Las%20Primarias%20Abiertas%20Simult%C3%A1neas%20y,del%20domingo%2022%20de%20octubre.\">PASO del 13 de agosto<\/a>\u00a0<\/b>compiten\u00a0<b>23 f\u00f3rmulas\u00a0presidenciales<\/b>. Las\u00a0coaliciones\u00a0ya definieron a los\u00a0<b>precandidatos a presidente y vicepresidente <\/b>que van a buscar un lugar en las <b>elecciones generales del 22 de octubre. <\/b>De haber una eventual segunda vuelta, est\u00e1 fijada para el 19 de noviembre.<\/p>\n<p>A diferencia de las elecciones generales, cada agrupaci\u00f3n pol\u00edtica puede presentar <strong>tantas listas para competir por el mismo cargo como desee<\/strong>. Por lo tanto, la cantidad de secciones que tendr\u00e1n las boletas difiere entre cada distrito en funci\u00f3n de lo que se elige en ellos.<\/p>\n<h2>Todos los candidatos,\u00a0uno por uno<\/h2>\n<h3><b>Uni\u00f3n por la Patria<\/b><\/h3>\n<ul>\n<li><b>Lista Celeste y Blanca<\/b>: Sergio Massa &#8211; Agust\u00edn Rossi<\/li>\n<\/ul>\n<div align=\"center\">\n<figure class=\"caption caption-div embedded-entity\" role=\"group\">\n<div data-embed-button=\"media_image_button\" data-entity-embed-display=\"view_mode:media.single_media_image_460\" data-entity-type=\"media\" data-entity-uuid=\"39c6a3b0-1ae8-42e2-8d73-111645cb9fa7\" data-langcode=\"es\">\n<article class=\"media media--type-image media--view-mode-single-media-image-460\">\n<div class=\"field field--name-field-media-image field--type-image field--label-hidden field__item\"><img loading=\"lazy\" decoding=\"async\" class=\"image-style-width960\" src=\"https:\/\/images.pagina12.com.ar\/styles\/width960\/public\/2023-07\/739926-candidatos-0.jpg?itok=0j487TsO\" width=\"960\" height=\"540\" \/><\/div>\n<\/article>\n<\/div><figcaption>Sergio Massa &#8211; Agust\u00edn Rossi<\/figcaption><\/figure>\n<\/div>\n<p>As\u00ed qued\u00f3 conformada la boleta completa de <b>Uni\u00f3n por la Patria lista Celeste y Blanca:<\/b><\/p>\n<div align=\"center\">\n<div class=\"embedded-entity\" data-embed-button=\"media_image_button\" data-entity-embed-display=\"view_mode:media.single_media_image_460\" data-entity-type=\"media\" data-entity-uuid=\"239018af-b113-490a-99be-6259e2ffb611\" data-langcode=\"es\">\n<article class=\"media media--type-image media--view-mode-single-media-image-460\">\n<div class=\"field field--name-field-media-image field--type-image field--label-hidden field__item\"><img loading=\"lazy\" decoding=\"async\" class=\"image-style-width960\" src=\"https:\/\/images.pagina12.com.ar\/styles\/width960\/public\/2023-07\/739926-boleta-20union-20por-20la-20patria.jpeg?itok=CVfIKlIC\" width=\"960\" height=\"380\" \/><\/div>\n<\/article>\n<\/div>\n<\/div>\n<ul>\n<li><b>Lista Justa y Soberana<\/b>: Juan Grabois\u00a0&#8211;\u00a0Paula Abal Medina<\/li>\n<\/ul>\n<div align=\"center\">\n<figure class=\"caption caption-div embedded-entity\" role=\"group\">\n<div data-embed-button=\"media_image_button\" data-entity-embed-display=\"view_mode:media.single_media_image_460\" data-entity-type=\"media\" data-entity-uuid=\"ea058435-a416-4e7f-b585-0c97191c9aba\" data-langcode=\"es\">\n<article class=\"media media--type-image media--view-mode-single-media-image-460\">\n<div class=\"field field--name-field-media-image field--type-image field--label-hidden field__item\"><img loading=\"lazy\" decoding=\"async\" class=\"image-style-width960\" src=\"https:\/\/images.pagina12.com.ar\/styles\/width960\/public\/2023-07\/739926-grabois_0.jpg?itok=kPjFSfEK\" width=\"960\" height=\"642\" \/><\/div>\n<\/article>\n<\/div><figcaption>Juan Grabois &#8211; Paula Abal Medina\u00a0<\/figcaption><\/figure>\n<\/div>\n<h3><b>Juntos por el Cambio<\/b><\/h3>\n<ul>\n<li><b>Lista El Cambio de Nuestras Vidas:<\/b> Horacio Rodr\u00edguez Larreta &#8211; Gerardo Morales<\/li>\n<\/ul>\n<div align=\"center\">\n<figure class=\"caption caption-div embedded-entity\" role=\"group\">\n<div data-embed-button=\"media_image_button\" data-entity-embed-display=\"view_mode:media.single_media_image_460\" data-entity-type=\"media\" data-entity-uuid=\"c274fcf3-bbaa-4a65-814a-940f14c492d6\" data-langcode=\"es\">\n<article class=\"media media--type-image media--view-mode-single-media-image-460\">\n<div class=\"field field--name-field-media-image field--type-image field--label-hidden field__item\"><img loading=\"lazy\" decoding=\"async\" class=\"image-style-width960\" src=\"https:\/\/images.pagina12.com.ar\/styles\/width960\/public\/2023-07\/739926-larreta-2.jpg?itok=RgblBEzH\" width=\"960\" height=\"640\" \/><\/div>\n<\/article>\n<\/div><figcaption>Horacio Rodriguez Larreta &#8211; Gerardo Morales<\/figcaption><\/figure>\n<\/div>\n<ul>\n<li><b>Lista La Fuerza del Cambio<\/b>: Patricia Bullrich &#8211; Luis Petri<\/li>\n<\/ul>\n<div align=\"center\">\n<figure class=\"caption caption-div embedded-entity\" role=\"group\">\n<div data-embed-button=\"media_image_button\" data-entity-embed-display=\"view_mode:media.single_media_image_460\" data-entity-type=\"media\" data-entity-uuid=\"17f331f5-220f-47f0-a428-093f247e7925\" data-langcode=\"es\">\n<article class=\"media media--type-image media--view-mode-single-media-image-460\">\n<div class=\"field field--name-field-media-image field--type-image field--label-hidden field__item\"><img loading=\"lazy\" decoding=\"async\" class=\"image-style-width960\" src=\"https:\/\/images.pagina12.com.ar\/styles\/width960\/public\/2023-07\/739926-patricia-0.jpg?itok=S8yFtV8x\" width=\"960\" height=\"640\" \/><\/div>\n<\/article>\n<\/div><figcaption>Patricia Bullrich &#8211; Luis Petri\u00a0<\/figcaption><\/figure>\n<\/div>\n<h3><b>La Libertad Avanza<\/b><\/h3>\n<ul>\n<li><b>Lista Libertad por Siempre<\/b>: Javier Milei\u00a0&#8211;\u00a0Victoria Villarruel<\/li>\n<\/ul>\n<div align=\"center\">\n<figure class=\"caption caption-div embedded-entity\" role=\"group\">\n<div data-embed-button=\"media_image_button\" data-entity-embed-display=\"view_mode:media.single_media_image_460\" data-entity-type=\"media\" data-entity-uuid=\"17e78b69-7e02-4a23-98cb-b96596608277\" data-langcode=\"es\">\n<article class=\"media media--type-image media--view-mode-single-media-image-460\">\n<div class=\"field field--name-field-media-image field--type-image field--label-hidden field__item\"><img loading=\"lazy\" decoding=\"async\" class=\"image-style-width960\" src=\"https:\/\/images.pagina12.com.ar\/styles\/width960\/public\/2023-07\/739926-milei-0.jpg?itok=9wEaBcgy\" width=\"960\" height=\"640\" \/><\/div>\n<\/article>\n<\/div><figcaption>Javier Milei &#8211; Victoria Villarruel<\/figcaption><\/figure>\n<\/div>\n<h3><strong>Hacemos por Nuestro Pa\u00eds<\/strong><\/h3>\n<ul>\n<li><b>Lista Hacemos<\/b>: Juan Schiaretti &#8211;\u00a0Florencio Randazzo<\/li>\n<\/ul>\n<div align=\"center\">\n<figure class=\"caption caption-div embedded-entity\" role=\"group\">\n<div data-embed-button=\"media_image_button\" data-entity-embed-display=\"view_mode:media.single_media_image_460\" data-entity-type=\"media\" data-entity-uuid=\"e8e1a751-7f3b-442c-901f-52403509cc52\" data-langcode=\"es\">\n<article class=\"media media--type-image media--view-mode-single-media-image-460\">\n<div class=\"field field--name-field-media-image field--type-image field--label-hidden field__item\"><img loading=\"lazy\" decoding=\"async\" class=\"image-style-width960\" src=\"https:\/\/images.pagina12.com.ar\/styles\/width960\/public\/2023-07\/739926-candidatos-20-282-29.jpg?itok=3xs4Gdp8\" width=\"960\" height=\"540\" \/><\/div>\n<\/article>\n<\/div><figcaption>Juan Schiaretti &#8211; Florencio Randazzo<\/figcaption><\/figure>\n<\/div>\n<h3><strong>Frente de Izquierda y los Trabajadores-Unidad (FIT-U)<\/strong><\/h3>\n<ul>\n<li><b>Lista Unir y Fortalecer la Izquierda<\/b>: Myriam Bregman &#8211; Nicol\u00e1s del Ca\u00f1o (PTS)<\/li>\n<\/ul>\n<div align=\"center\">\n<figure class=\"caption caption-div embedded-entity\" role=\"group\">\n<div data-embed-button=\"media_image_button\" data-entity-embed-display=\"view_mode:media.single_media_image_460\" data-entity-type=\"media\" data-entity-uuid=\"8520dfe7-e849-40af-a553-3bfe2e71614a\" data-langcode=\"es\">\n<article class=\"media media--type-image media--view-mode-single-media-image-460\">\n<div class=\"field field--name-field-media-image field--type-image field--label-hidden field__item\"><img loading=\"lazy\" decoding=\"async\" class=\"image-style-width960\" src=\"https:\/\/images.pagina12.com.ar\/styles\/width960\/public\/2023-07\/739926-del-20ca-c3-b1o.jpg?itok=Wpsvi1iK\" width=\"960\" height=\"639\" \/><\/div>\n<\/article>\n<\/div><figcaption>Myriam Bregman &#8211; Nicol\u00e1s del Ca\u00f1o<\/figcaption><\/figure>\n<\/div>\n<ul>\n<li><b>Lista Unidad de Luchadores y la izquierda<\/b>: Gabriel Solano (PO) &#8211;\u00a0Vilma Ripoll (MST)<\/li>\n<\/ul>\n<div align=\"center\">\n<figure class=\"caption caption-div embedded-entity\" role=\"group\">\n<div data-embed-button=\"media_image_button\" data-entity-embed-display=\"view_mode:media.single_media_image_460\" data-entity-type=\"media\" data-entity-uuid=\"c1623233-7664-475c-bd79-0c5646e78728\" data-langcode=\"es\">\n<article class=\"media media--type-image media--view-mode-single-media-image-460\">\n<div class=\"field field--name-field-media-image field--type-image field--label-hidden field__item\"><img loading=\"lazy\" decoding=\"async\" class=\"image-style-width960\" src=\"https:\/\/images.pagina12.com.ar\/styles\/width960\/public\/2023-07\/739926-solano_0.jpg?itok=PfOfQAlD\" width=\"960\" height=\"640\" \/><\/div>\n<\/article>\n<\/div><figcaption>Gabriel Solano &#8211; Vilma Ripoll<\/figcaption><\/figure>\n<\/div>\n<p>&nbsp;<\/p>\n<h3><b>Nuevo MAS<\/b><\/h3>\n<ul>\n<li><b>Lista Izquierda Anticapitalista<\/b>: Manuela Casta\u00f1eira &#8211; Lucas Ruiz<\/li>\n<\/ul>\n<div align=\"center\">\n<figure class=\"caption caption-div embedded-entity\" role=\"group\">\n<div data-embed-button=\"media_image_button\" data-entity-embed-display=\"view_mode:media.single_media_image_460\" data-entity-type=\"media\" data-entity-uuid=\"4b21b6d2-01e3-4482-b62b-c9c0d0499d7d\" data-langcode=\"es\">\n<article class=\"media media--type-image media--view-mode-single-media-image-460\">\n<div class=\"field field--name-field-media-image field--type-image field--label-hidden field__item\"><img loading=\"lazy\" decoding=\"async\" class=\"image-style-width960\" src=\"https:\/\/images.pagina12.com.ar\/styles\/width960\/public\/2023-07\/739926-manuela_0.png?itok=a3day95a\" width=\"607\" height=\"648\" \/><\/div>\n<\/article>\n<\/div><figcaption>Manuela Casta\u00f1eira &#8211; Lucas Ruiz<\/figcaption><\/figure>\n<\/div>\n<h3><b>Pol\u00edtica Obrera<\/b><\/h3>\n<ul>\n<li><b>Lista Unidad Obrera <\/b>&#8211; Marcelo Ramal &#8211; Patricia Urones<\/li>\n<\/ul>\n<div align=\"center\">\n<figure class=\"caption caption-div embedded-entity\" role=\"group\">\n<div data-embed-button=\"media_image_button\" data-entity-embed-display=\"view_mode:media.single_media_image_460\" data-entity-type=\"media\" data-entity-uuid=\"69c21d38-3e75-46f5-8b15-f8d2bb861c8b\" data-langcode=\"es\">\n<article class=\"media media--type-image media--view-mode-single-media-image-460\">\n<div class=\"field field--name-field-media-image field--type-image field--label-hidden field__item\"><img loading=\"lazy\" decoding=\"async\" class=\"image-style-width960\" src=\"https:\/\/images.pagina12.com.ar\/styles\/width960\/public\/2023-07\/739926-ramal_0.png?itok=I-ukiOGZ\" width=\"960\" height=\"640\" \/><\/div>\n<\/article>\n<\/div><figcaption>Marcelo Ramal &#8211; Patricia Urones<\/figcaption><\/figure>\n<\/div>\n<h3><b>Libres del Sur<\/b><\/h3>\n<ul>\n<li><b>Lista Azul y Rojo<\/b>: Jes\u00fas Escobar &#8211;\u00a0Marianella Lezama Hid<\/li>\n<\/ul>\n<div align=\"center\">\n<figure class=\"caption caption-div embedded-entity\" role=\"group\">\n<div data-embed-button=\"media_image_button\" data-entity-embed-display=\"view_mode:media.single_media_image_460\" data-entity-type=\"media\" data-entity-uuid=\"5d1fda43-5d7c-48bd-be91-5d1f72abc877\" data-langcode=\"es\">\n<article class=\"media media--type-image media--view-mode-single-media-image-460\">\n<div class=\"field field--name-field-media-image field--type-image field--label-hidden field__item\"><img loading=\"lazy\" decoding=\"async\" class=\"image-style-width960\" src=\"https:\/\/images.pagina12.com.ar\/styles\/width960\/public\/2023-07\/739926-jesus-0.jpg?itok=kXAA_M7P\" width=\"613\" height=\"409\" \/><\/div>\n<\/article>\n<\/div><figcaption>Jes\u00fas Escobar &#8211; Marianella Lezama Hid<\/figcaption><\/figure>\n<\/div>\n<h3><b>Frente Principios y Valores<\/b><\/h3>\n<ul>\n<li><b>Lista Tierra Techo y Trabajo<\/b>: Guillermo Moreno &#8211; Leonardo Fabre<\/li>\n<\/ul>\n<div align=\"center\">\n<figure class=\"caption caption-div embedded-entity\" role=\"group\">\n<div data-embed-button=\"media_image_button\" data-entity-embed-display=\"view_mode:media.single_media_image_460\" data-entity-type=\"media\" data-entity-uuid=\"64414210-b3ca-433e-bb71-a026f332d1c2\" data-langcode=\"es\">\n<article class=\"media media--type-image media--view-mode-single-media-image-460\">\n<div class=\"field field--name-field-media-image field--type-image field--label-hidden field__item\"><img loading=\"lazy\" decoding=\"async\" class=\"image-style-width960\" src=\"https:\/\/images.pagina12.com.ar\/styles\/width960\/public\/2023-07\/739926-moreno-7.jpg?itok=kLh_6pUI\" width=\"960\" height=\"639\" \/><\/div>\n<\/article>\n<\/div><figcaption>Guillermo Moreno &#8211; Leonardo Fabre<\/figcaption><\/figure>\n<\/div>\n<h3><strong>Frente Patriota Federal<\/strong><\/h3>\n<ul>\n<li><b>Lista Patria Unida<\/b>: C\u00e9sar Biondini &#8211; Mariel Avenda\u00f1o<\/li>\n<\/ul>\n<div align=\"center\">\n<figure class=\"caption caption-div embedded-entity\" role=\"group\">\n<div data-embed-button=\"media_image_button\" data-entity-embed-display=\"view_mode:media.single_media_image_460\" data-entity-type=\"media\" data-entity-uuid=\"57873623-8ff3-4111-85ef-7138989da282\" data-langcode=\"es\">\n<article class=\"media media--type-image media--view-mode-single-media-image-460\">\n<div class=\"field field--name-field-media-image field--type-image field--label-hidden field__item\"><img loading=\"lazy\" decoding=\"async\" class=\"image-style-width960\" src=\"https:\/\/images.pagina12.com.ar\/styles\/width960\/public\/2023-07\/739926-biondini_0.jpg?itok=uZIUw09w\" width=\"489\" height=\"401\" \/><\/div>\n<\/article>\n<\/div><figcaption>C\u00e9sar Biondini &#8211; Mariel Avenda\u00f1o<\/figcaption><\/figure>\n<\/div>\n<h3><b>Frente Liber.ar<\/b><\/h3>\n<ul>\n<li><b>Lista Demos<\/b>: Nazareno Etchepare &#8211; Fernando Lorenzo<\/li>\n<\/ul>\n<div align=\"center\">\n<figure class=\"caption caption-div embedded-entity\" role=\"group\">\n<div data-embed-button=\"media_image_button\" data-entity-embed-display=\"view_mode:media.single_media_image_460\" data-entity-type=\"media\" data-entity-uuid=\"b887fca9-e337-4dfb-9cbf-f9ad57385aef\" data-langcode=\"es\">\n<article class=\"media media--type-image media--view-mode-single-media-image-460\">\n<div class=\"field field--name-field-media-image field--type-image field--label-hidden field__item\"><img loading=\"lazy\" decoding=\"async\" class=\"image-style-width960\" src=\"https:\/\/images.pagina12.com.ar\/styles\/width960\/public\/2023-07\/739926-demos_0.jpg?itok=3mMxMVvM\" width=\"960\" height=\"640\" \/><\/div>\n<\/article>\n<\/div><figcaption>Nazareno Etchepare &#8211; Fernando Lorenzo<\/figcaption><\/figure>\n<\/div>\n<ul>\n<li><b>Lista Reconquista: <\/b>Ramiro Vasena &#8211; V\u00edctor Lagonegro<\/li>\n<\/ul>\n<div align=\"center\">\n<figure class=\"caption caption-div embedded-entity\" role=\"group\">\n<div data-embed-button=\"media_image_button\" data-entity-embed-display=\"view_mode:media.single_media_image_460\" data-entity-type=\"media\" data-entity-uuid=\"5be1e527-ca21-4055-9c71-a5db44c5520c\" data-langcode=\"es\">\n<article class=\"media media--type-image media--view-mode-single-media-image-460\">\n<div class=\"field field--name-field-media-image field--type-image field--label-hidden field__item\"><img loading=\"lazy\" decoding=\"async\" class=\"image-style-width960\" src=\"https:\/\/images.pagina12.com.ar\/styles\/width960\/public\/2023-07\/739926-fzvvqlkwaaen9fe.jpg?itok=lUVIzNaE\" width=\"960\" height=\"502\" \/><\/div>\n<\/article>\n<\/div><figcaption>Ramiro Vasena &#8211; V\u00edctor Lagonegro<\/figcaption><\/figure>\n<\/div>\n<ul>\n<li><b>Lista Anticorrupci\u00f3n<\/b>: Julio B\u00e1rbaro &#8211;\u00a0Ramona Pucheta<\/li>\n<\/ul>\n<div align=\"center\">\n<figure class=\"caption caption-div embedded-entity\" role=\"group\">\n<div data-embed-button=\"media_image_button\" data-entity-embed-display=\"view_mode:media.single_media_image_460\" data-entity-type=\"media\" data-entity-uuid=\"686a69eb-8012-43cc-9555-c857c3e808a8\" data-langcode=\"es\">\n<article class=\"media media--type-image media--view-mode-single-media-image-460\">\n<div class=\"field field--name-field-media-image field--type-image field--label-hidden field__item\"><img loading=\"lazy\" decoding=\"async\" class=\"image-style-width960\" src=\"https:\/\/images.pagina12.com.ar\/styles\/width960\/public\/2023-07\/739926-candidatos-20-284-29.jpg?itok=kKfuLI6C\" width=\"960\" height=\"540\" \/><\/div>\n<\/article>\n<\/div><figcaption>Julio B\u00e1rbaro &#8211; Ramona Pucheta<\/figcaption><\/figure>\n<\/div>\n<h3><b>Movimiento Izquierda Juventud Dignidad<\/b><\/h3>\n<ul>\n<li><b>Lista Dignidad<\/b>: Ra\u00fal Castells &#8211;\u00a0Adriana Reinoso<\/li>\n<\/ul>\n<div align=\"center\">\n<figure class=\"caption caption-div embedded-entity\" role=\"group\">\n<div data-embed-button=\"media_image_button\" data-entity-embed-display=\"view_mode:media.single_media_image_460\" data-entity-type=\"media\" data-entity-uuid=\"7523faf9-4b32-4c76-ac4d-a09fbe995bd6\" data-langcode=\"es\">\n<article class=\"media media--type-image media--view-mode-single-media-image-460\">\n<div class=\"field field--name-field-media-image field--type-image field--label-hidden field__item\"><img loading=\"lazy\" decoding=\"async\" class=\"image-style-width960\" src=\"https:\/\/images.pagina12.com.ar\/styles\/width960\/public\/2023-07\/739926-castells_0.jpeg?itok=ISaKeiMJ\" width=\"960\" height=\"484\" \/><\/div>\n<\/article>\n<\/div><figcaption>Ra\u00fal Castells &#8211; Adriana Reinoso<\/figcaption><\/figure>\n<\/div>\n<ul>\n<li><b>Lista Confederal<\/b>: Santiago C\u00faneo &#8211;\u00a0Gustavo Barranco<\/li>\n<\/ul>\n<div align=\"center\">\n<figure class=\"caption caption-div embedded-entity\" role=\"group\">\n<div data-embed-button=\"media_image_button\" data-entity-embed-display=\"view_mode:media.single_media_image_460\" data-entity-type=\"media\" data-entity-uuid=\"582861aa-23c3-43e1-be17-0f29b15eaa07\" data-langcode=\"es\">\n<article class=\"media media--type-image media--view-mode-single-media-image-460\">\n<div class=\"field field--name-field-media-image field--type-image field--label-hidden field__item\"><img loading=\"lazy\" decoding=\"async\" class=\"image-style-width960\" src=\"https:\/\/images.pagina12.com.ar\/styles\/width960\/public\/2023-07\/739926-cuneo_0.jpg?itok=U8JpX_e9\" width=\"960\" height=\"491\" \/><\/div>\n<\/article>\n<\/div><figcaption>Santiago C\u00faneo &#8211; Gustavo Barranco<\/figcaption><\/figure>\n<\/div>\n<h3><b>Proyecto Joven<\/b><\/h3>\n<ul>\n<li><b>Lista Paz, Democracia y Soberan\u00eda<\/b>: Mempo Giardinelli &#8211;\u00a0B\u00e1rbara Salernou<\/li>\n<\/ul>\n<div align=\"center\">\n<figure class=\"caption caption-div embedded-entity\" role=\"group\">\n<div data-embed-button=\"media_image_button\" data-entity-embed-display=\"view_mode:media.single_media_image_460\" data-entity-type=\"media\" data-entity-uuid=\"714f92be-48fc-4469-af39-60924f7ba264\" data-langcode=\"es\">\n<article class=\"media media--type-image media--view-mode-single-media-image-460\">\n<div class=\"field field--name-field-media-image field--type-image field--label-hidden field__item\"><img loading=\"lazy\" decoding=\"async\" class=\"image-style-width960\" src=\"https:\/\/images.pagina12.com.ar\/styles\/width960\/public\/2023-07\/739926-mempo_0.jpg?itok=LuvZq7nW\" width=\"960\" height=\"640\" \/><\/div>\n<\/article>\n<\/div><figcaption>Mempo Giardinelli &#8211; B\u00e1rbara Salernou<\/figcaption><\/figure>\n<\/div>\n<ul>\n<li><b>Lista Patria Unida<\/b>: Mart\u00edn Ayerbe Ortiz &#8211; Hugo Rodriguez<\/li>\n<li><b>Lista Todex:<\/b> Reina Xiomara Iba\u00f1ez &#8211; Gonzalo Rodrigo Ibarra<\/li>\n<\/ul>\n<h3>Uni\u00f3n del Centro Democr\u00e1tico<\/h3>\n<p>&nbsp;<\/p>\n<ul>\n<li><b>Lista Apertura Liberal Argentina<\/b>: Andr\u00e9s Passamonti &#8211; Pamela Margaride Fernandez<\/li>\n<\/ul>\n<p>&nbsp;<\/p>\n<h3>Movimiento de Acci\u00f3n Vecinal Orden Nacional<\/h3>\n<p>&nbsp;<\/p>\n<ul>\n<li><b>Lista Compromiso Vecinal<\/b>: Humberto Albarrac\u00edn &#8211; Dar\u00edo Pastore<\/li>\n<\/ul>\n","protected":false},"excerpt":{"rendered":"<p>En las\u00a0PASO del 13 de agosto\u00a0compiten\u00a023 f\u00f3rmulas\u00a0presidenciales. Las\u00a0coaliciones\u00a0ya definieron a los\u00a0precandidatos a presidente y vicepresidente que van a buscar un lugar en las elecciones generales del 22 de octubre. De haber una eventual segunda vuelta, est\u00e1 fijada para el 19 de noviembre. A diferencia de las elecciones generales, cada agrupaci\u00f3n pol\u00edtica puede presentar tantas listas [&hellip;]<\/p>\n","protected":false},"author":3,"featured_media":102483,"comment_status":"open","ping_status":"open","sticky":false,"template":"","format":"standard","meta":{"footnotes":""},"categories":[7],"tags":[],"class_list":{"0":"post-102482","1":"post","2":"type-post","3":"status-publish","4":"format-standard","5":"has-post-thumbnail","7":"category-nac"},"_links":{"self":[{"href":"https:\/\/primicias2262.com\/noticias\/wp-json\/wp\/v2\/posts\/102482","targetHints":{"allow":["GET"]}}],"collection":[{"href":"https:\/\/primicias2262.com\/noticias\/wp-json\/wp\/v2\/posts"}],"about":[{"href":"https:\/\/primicias2262.com\/noticias\/wp-json\/wp\/v2\/types\/post"}],"author":[{"embeddable":true,"href":"https:\/\/primicias2262.com\/noticias\/wp-json\/wp\/v2\/users\/3"}],"replies":[{"embeddable":true,"href":"https:\/\/primicias2262.com\/noticias\/wp-json\/wp\/v2\/comments?post=102482"}],"version-history":[{"count":2,"href":"https:\/\/primicias2262.com\/noticias\/wp-json\/wp\/v2\/posts\/102482\/revisions"}],"predecessor-version":[{"id":102485,"href":"https:\/\/primicias2262.com\/noticias\/wp-json\/wp\/v2\/posts\/102482\/revisions\/102485"}],"wp:featuredmedia":[{"embeddable":true,"href":"https:\/\/primicias2262.com\/noticias\/wp-json\/wp\/v2\/media\/102483"}],"wp:attachment":[{"href":"https:\/\/primicias2262.com\/noticias\/wp-json\/wp\/v2\/media?parent=102482"}],"wp:term":[{"taxonomy":"category","embeddable":true,"href":"https:\/\/primicias2262.com\/noticias\/wp-json\/wp\/v2\/categories?post=102482"},{"taxonomy":"post_tag","embeddable":true,"href":"https:\/\/primicias2262.com\/noticias\/wp-json\/wp\/v2\/tags?post=102482"}],"curies":[{"name":"wp","href":"https:\/\/api.w.org\/{rel}","templated":true}]}}