{"id":102486,"date":"2023-08-02T09:37:51","date_gmt":"2023-08-02T09:37:51","guid":{"rendered":"https:\/\/primicias2262.com\/noticias\/?p=102486"},"modified":"2023-08-02T12:38:24","modified_gmt":"2023-08-02T12:38:24","slug":"la-seleccion-argentina-femenina-cayo-ante-suecia-y-quedo-afuera-del-mundial-australia-nueva-zelanda-2023","status":"publish","type":"post","link":"https:\/\/primicias2262.com\/noticias\/la-seleccion-argentina-femenina-cayo-ante-suecia-y-quedo-afuera-del-mundial-australia-nueva-zelanda-2023\/","title":{"rendered":"La Selecci\u00f3n Argentina femenina cay\u00f3 ante Suecia y qued\u00f3 afuera del Mundial Australia-Nueva Zelanda 2023"},"content":{"rendered":"<p>La<b> Selecci\u00f3n Argentina femenina<\/b> perdi\u00f3 2 a 0 frente a <b>Suecia <\/b>en el <b><a href=\"https:\/\/www.pagina12.com.ar\/573284-historias-destacadas-del-mundial-femenino-2023\">Mundial Australia-Nueva Zelanda 2023<\/a><\/b> y <b>fue eliminada<\/b> en la tercera y \u00faltima fecha de la fase de grupos de la <b>Copa del Mundo<\/b>, sin ninguna victoria en el certamen. Adem\u00e1s, fue el \u00faltimo partido de la figura <b>Estefan\u00eda Banini<\/b> con la Albiceleste.<\/p>\n<p>Tras caer 1 a 0 ante <b>Italia <\/b>en el debut del pasado lunes y empatar con <b>Sud\u00e1frica <\/b>el jueves, el elenco nacional qued\u00f3 con solo 1 punto y la obligaci\u00f3n de sumar otros 3 frente a Suecia para seguir en camino. Pero adem\u00e1s, necesitaba que perdiera Sud\u00e1frica, para quedar en segundo puesto del Grupo G y clasificar a octavos de final por primera vez en su historia. Ninguna de las dos cosas pasaron.<\/p>\n<h2>Argentina fue eliminada de la Copa del Mundo de f\u00fatbol femenino<\/h2>\n<p>Adem\u00e1s de la victoria por 3 a 2 de Sud\u00e1frica ante Italia, el seleccionado argentino no logr\u00f3 arrebatarle el triunfo a las suecas en el Waikato Stadium, de la ciudad de Hamilton. El conjunto europeo, claro favorito y clasificado de antemano para la siguiente ronda, dispuso una formaci\u00f3n alternativa con apenas dos de las futbolistas que jugaron el anterior compromiso (5-0 vs. Italia).<\/p>\n<p>Despu\u00e9s de un primer tiempo sobre tablas en donde Argentina intent\u00f3 defenderse de las pelotas paradas y buscar alg\u00fan contragolpe \u2013aunque no cre\u00f3 demasiadas situaciones\u2013, <b>Suecia marc\u00f3 su primer gol a los 66 minutos<\/b> del encuentro, con un cabezazo de la delantera <b>Rebecka Blomqvist<\/b>. Sobre el tiempo reglamentario cumplido, y con un penal de por medio, la mediocampista <b>Elin Rubensson<\/b> dispuso el marcador definitivo.<\/p>\n<div class=\"iframely-embed medium-embedded-content\" data-html=\"Jmx0O2Jsb2NrcXVvdGUgY2xhc3M9InR3aXR0ZXItdHdlZXQiIGRhdGEtZG50PSJ0cnVlIiBhbGlnbj0iY2VudGVyIiZndDsmbHQ7cCBsYW5nPSJlcyIgZGlyPSJsdHIiJmd0O0xhIHJvbmRhLCBsw6FncmltYXMgZW4gbG9zIG9qb3MsIGVsIGFicmF6byBmaW5hbCB5IGxhcyBwYWxhYnJhcyBkZSBHZXJtw6FuIFBvcnRhbm92YS4gJmFtcDtxdW90O05vcyB2YW1vcyBjb24gbGEgY2FiZXphIGFkZWxhbnRlJmFtcDtxdW90OyBhcmVuZ8OzIGVsIERUIGRlIGxhIFNlbGVjY2nDs24gQXJnZW50aW5hIHRyYXMgbGEgZWxpbWluYWNpw7NuIGRlbCBNdW5kaWFsJmx0O2EgaHJlZj0iaHR0cHM6Ly90d2l0dGVyLmNvbS9oYXNodGFnL1NvbW9zTXVuZGlhbGVzP3NyYz1oYXNoJmFtcDthbXA7cmVmX3NyYz10d3NyYyU1RXRmdyImZ3Q7I1NvbW9zTXVuZGlhbGVzJmx0Oy9hJmd0OyAmbHQ7YSBocmVmPSJodHRwczovL3R3aXR0ZXIuY29tL2hhc2h0YWcvRklGQVdXQz9zcmM9aGFzaCZhbXA7YW1wO3JlZl9zcmM9dHdzcmMlNUV0ZnciJmd0OyNGSUZBV1dDJmx0Oy9hJmd0OyAmbHQ7YSBocmVmPSJodHRwczovL3QuY28vWHZIZU83ZXlEWiImZ3Q7cGljLnR3aXR0ZXIuY29tL1h2SGVPN2V5RFombHQ7L2EmZ3Q7Jmx0Oy9wJmd0OyZhbXA7bWRhc2g7IFRlbGV2aXNpw7NuIFDDumJsaWNhIChAVFZfUHVibGljYSkgJmx0O2EgaHJlZj0iaHR0cHM6Ly90d2l0dGVyLmNvbS9UVl9QdWJsaWNhL3N0YXR1cy8xNjg2NjY2MzA5MzE5NDU0NzIwP3JlZl9zcmM9dHdzcmMlNUV0ZnciJmd0O0F1Z3VzdCAyLCAyMDIzJmx0Oy9hJmd0OyZsdDsvYmxvY2txdW90ZSZndDsKJmx0O3NjcmlwdCBhc3luYyBzcmM9Imh0dHBzOi8vcGxhdGZvcm0udHdpdHRlci5jb20vd2lkZ2V0cy5qcyIgY2hhcnNldD0idXRmLTgiJmd0OyZsdDsvc2NyaXB0Jmd0OwombHQ7ZGl2IGNsYXNzPSJtZWRpdW0taW5zZXJ0LWVtYmVkcy1tZXRhIiZndDsmbHQ7c2NyaXB0IHR5cGU9InRleHQvanNvbiImZ3Q7eyJ1cmwiOiJodHRwczovL3R3aXR0ZXIuY29tL1RWX1B1YmxpY2Evc3RhdHVzLzE2ODY2NjYzMDkzMTk0NTQ3MjAiLCJ0eXBlIjoicmljaCIsInZlcnNpb24iOiIxLjAiLCJ0aXRsZSI6IlRlbGV2aXNpw7NuIFDDumJsaWNhIG9uIFR3aXR0ZXIiLCJhdXRob3IiOiJUZWxldmlzacOzbiBQw7pibGljYSIsImF1dGhvcl91cmwiOiJodHRwczovL3R3aXR0ZXIuY29tL1RWX1B1YmxpY2EiLCJwcm92aWRlcl9uYW1lIjoiVHdpdHRlciIsImRlc2NyaXB0aW9uIjoiTGEgcm9uZGEsIGzDoWdyaW1hcyBlbiBsb3Mgb2pvcywgZWwgYWJyYXpvIGZpbmFsIHkgbGFzIHBhbGFicmFzIGRlIEdlcm3DoW4gUG9ydGFub3ZhLiBcIk5vcyB2YW1vcyBjb24gbGEgY2FiZXphIGFkZWxhbnRlXCIgYXJlbmfDsyBlbCBEVCBkZSBsYSBTZWxlY2Npw7NuIEFyZ2VudGluYSB0cmFzIGxhIGVsaW1pbmFjacOzbiBkZWwgTXVuZGlhbCNTb21vc011bmRpYWxlcyAjRklGQVdXQyBwaWMudHdpdHRlci5jb20vWHZIZU83ZXlEWuKAlCBUZWxldmlzacOzbiBQw7pibGljYSAoQFRWX1B1YmxpY2EpIEF1Z3VzdCAyLCAyMDIzXG5cbiIsImNhY2hlX2FnZSI6ODY0MDAsIm9wdGlvbnMiOnsiX2hpZGVfbWVkaWEiOnsibGFiZWwiOiJIaWRlIHBob3RvcywgdmlkZW9zLCBhbmQgY2FyZHMiLCJ2YWx1ZSI6ZmFsc2V9LCJfdGhlbWUiOnsidmFsdWUiOiIiLCJ2YWx1ZXMiOnsiZGFyayI6IlVzZSBkYXJrIHRoZW1lIn19LCJfbWF4d2lkdGgiOnsidmFsdWUiOiIiLCJsYWJlbCI6IkFkanVzdCB3aWR0aCIsInBsYWNlaG9sZGVyIjoiMjIwLTU1MCwgaW4gcHgifX19Jmx0Oy9zY3JpcHQmZ3Q7Jmx0Oy9kaXYmZ3Q7\">\n<div class=\"iframely-embed\">\n<div class=\"iframely-responsive\"><iframe src=\"https:\/\/iframely.pagina12.com.ar\/api\/iframe?url=https%3A%2F%2Ftwitter.com%2FTV_Publica%2Fstatus%2F1686666309319454720&amp;v=1&amp;app=1&amp;key=4676b5fdc083257ea87f71608c74e9fe&amp;playerjs=1\" allowfullscreen=\"allowfullscreen\" data-mce-fragment=\"1\">https:\/\/twitter.com\/TV_Publica\/status\/1686666309319454720<\/iframe><\/div>\n<\/div>\n<\/div>\n<p>As\u00ed, las n\u00f3rdicas avanzaron invictas a octavos de final, donde se enfrentar\u00e1n a <b>Estados Unidos<\/b>, el pa\u00eds m\u00e1s ganador del f\u00fatbol femenino con cuatro t\u00edtulos mundiales. Argentina, por su parte, cerr\u00f3 su paso por una nueva Copa del Mundo, la cuarta en la que particip\u00f3 en su historia.<\/p>\n<h2>El \u00faltimo partido de Estefan\u00eda Banini en la Selecci\u00f3n Argentina<\/h2>\n<p>La derrota y eliminaci\u00f3n en el Mundial 2023 marc\u00f3 adem\u00e1s el fin del ciclo de <b>Estefan\u00eda Banini<\/b>, la <a href=\"https:\/\/www.pagina12.com.ar\/569886-mundial-femenino-2023-quienes-son-las-figuras-de-la-seleccio\">figura del plantel<\/a>, quien ya hab\u00eda avisado que iba a ser su \u00faltimo certamen con la camiseta del seleccionado. Ya las l\u00e1grimas de la futbolista durante el himno argentino en la previa del partido signaron lo que ser\u00eda una jornada llena de emoci\u00f3n.Es<\/p>\n<div align=\"center\">\n<figure class=\"caption caption-div embedded-entity\" role=\"group\">\n<div data-embed-button=\"media_image_button\" data-entity-embed-display=\"view_mode:media.single_media_image_460\" data-entity-type=\"media\" data-entity-uuid=\"09fe594c-ea15-46a0-a526-615fd14beacb\" data-langcode=\"es\">\n<article class=\"media media--type-image media--view-mode-single-media-image-460\">\n<div class=\"field field--name-field-media-image field--type-image field--label-hidden field__item\"><img loading=\"lazy\" decoding=\"async\" class=\"image-style-width960\" src=\"https:\/\/images.pagina12.com.ar\/styles\/width960\/public\/2023-08\/753462-02-08-2023-argentina-enfrenta-a-suecia-por.jpg?itok=FFeb3GMX\" width=\"960\" height=\"640\" \/><\/div>\n<\/article>\n<\/div><figcaption>Estefan\u00eda Banini en su \u00faltimo partido con la Selecci\u00f3n Argentina femenina. (Foto: T\u00e9lam)<\/figcaption><\/figure>\n<\/div>\n<p>\u00abFue un partido dif\u00edcil contra una gran potencia. Quer\u00edamos ganar y pasar, pero estamos mostrando el camino. Ahora queda una generaci\u00f3n por delante que va defender la camiseta\u00bb, expres\u00f3 Banini. Y agreg\u00f3: \u00ab<b>Hoy me toca irme, pero estoy orgullosa del camino que recorr\u00ed<\/b> con la Selecci\u00f3n argentina. Con la celeste y blanca ya no habr\u00e1 m\u00e1s gambetas, pero me voy muy tranquila\u00bb.<\/p>\n","protected":false},"excerpt":{"rendered":"<p>La Selecci\u00f3n Argentina femenina perdi\u00f3 2 a 0 frente a Suecia en el Mundial Australia-Nueva Zelanda 2023 y fue eliminada en la tercera y \u00faltima fecha de la fase de grupos de la Copa del Mundo, sin ninguna victoria en el certamen. Adem\u00e1s, fue el \u00faltimo partido de la figura Estefan\u00eda Banini con la Albiceleste. [&hellip;]<\/p>\n","protected":false},"author":3,"featured_media":102487,"comment_status":"open","ping_status":"open","sticky":false,"template":"","format":"standard","meta":{"footnotes":""},"categories":[7],"tags":[],"class_list":{"0":"post-102486","1":"post","2":"type-post","3":"status-publish","4":"format-standard","5":"has-post-thumbnail","7":"category-nac"},"_links":{"self":[{"href":"https:\/\/primicias2262.com\/noticias\/wp-json\/wp\/v2\/posts\/102486","targetHints":{"allow":["GET"]}}],"collection":[{"href":"https:\/\/primicias2262.com\/noticias\/wp-json\/wp\/v2\/posts"}],"about":[{"href":"https:\/\/primicias2262.com\/noticias\/wp-json\/wp\/v2\/types\/post"}],"author":[{"embeddable":true,"href":"https:\/\/primicias2262.com\/noticias\/wp-json\/wp\/v2\/users\/3"}],"replies":[{"embeddable":true,"href":"https:\/\/primicias2262.com\/noticias\/wp-json\/wp\/v2\/comments?post=102486"}],"version-history":[{"count":1,"href":"https:\/\/primicias2262.com\/noticias\/wp-json\/wp\/v2\/posts\/102486\/revisions"}],"predecessor-version":[{"id":102488,"href":"https:\/\/primicias2262.com\/noticias\/wp-json\/wp\/v2\/posts\/102486\/revisions\/102488"}],"wp:featuredmedia":[{"embeddable":true,"href":"https:\/\/primicias2262.com\/noticias\/wp-json\/wp\/v2\/media\/102487"}],"wp:attachment":[{"href":"https:\/\/primicias2262.com\/noticias\/wp-json\/wp\/v2\/media?parent=102486"}],"wp:term":[{"taxonomy":"category","embeddable":true,"href":"https:\/\/primicias2262.com\/noticias\/wp-json\/wp\/v2\/categories?post=102486"},{"taxonomy":"post_tag","embeddable":true,"href":"https:\/\/primicias2262.com\/noticias\/wp-json\/wp\/v2\/tags?post=102486"}],"curies":[{"name":"wp","href":"https:\/\/api.w.org\/{rel}","templated":true}]}}