{"id":102489,"date":"2023-08-02T09:39:20","date_gmt":"2023-08-02T09:39:20","guid":{"rendered":"https:\/\/primicias2262.com\/noticias\/?p=102489"},"modified":"2023-08-02T13:19:13","modified_gmt":"2023-08-02T13:19:13","slug":"aumenta-el-valor-de-una-parte-clave-del-salario-de-los-penitenciarios","status":"publish","type":"post","link":"https:\/\/primicias2262.com\/noticias\/aumenta-el-valor-de-una-parte-clave-del-salario-de-los-penitenciarios\/","title":{"rendered":"Aumenta el valor de una parte clave del salario de los penitenciarios"},"content":{"rendered":"<section class=\"detail-note_news-article\" data-td-script-src=\"https:\/\/infocielo.com\/js-custom\/vendor\/jquery\/dist\/jquery.min-min-version-1598657313.js,https:\/\/infocielo.com\/js-custom\/299\/functions\/checkTwitterQuoteHighlight-min-version-1630609156.js,https:\/\/infocielo.com\/js-custom\/299\/functions\/embedsVideosOnBody-min-version-1630609156.js\">\n<div class=\"detail-note_body\" data-twitter-link=\"https:\/\/twitter.com\/intent\/tweet?url=https%3A%2F%2Finfocielo.com%2Fc768619&amp;related=infocielo&amp;text=Aumenta+el+valor+de+una+parte+clave+del+salario+de+los+penitenciarios&amp;via=infocielo\">\n<p><strong>A trav\u00e9s del <a href=\"https:\/\/www.boletinoficial.gba.gob.ar\/secciones\/12334\/ver\" target=\"_blank\" rel=\"follow noopener\">Decreto 1327\/23<\/a>, el gobierno de la provincia de Buenos Aires actualiz\u00f3 uno de los componentes del salario que percibe el personal del Servicio Penitenciario Bonaerense (SPB). Se trata del valor de las horas extra, tambi\u00e9n llamada \u00abcompensaci\u00f3n especial por recargo de servicio\u00bb. El aumento es para quienes se desempe\u00f1an en \u00e1reas administrativas y de seguridad.<\/strong><\/p>\n<\/div>\n<\/section>\n<section class=\"detail-note_news-article\" data-td-script-src=\"https:\/\/infocielo.com\/js-custom\/vendor\/jquery\/dist\/jquery.min-min-version-1598657313.js,https:\/\/infocielo.com\/js-custom\/299\/functions\/checkTwitterQuoteHighlight-min-version-1630609156.js,https:\/\/infocielo.com\/js-custom\/299\/functions\/embedsVideosOnBody-min-version-1630609156.js\">\n<div class=\"detail-note_body\" data-twitter-link=\"https:\/\/twitter.com\/intent\/tweet?url=https%3A%2F%2Finfocielo.com%2Fc768619&amp;related=infocielo&amp;text=Aumenta+el+valor+de+una+parte+clave+del+salario+de+los+penitenciarios&amp;via=infocielo\">\n<p>La norma, que lleva la firma de<strong> Julio Alak<\/strong> y de<strong> Axel Kicillof<\/strong>, reconoce que <span id=\"saysCMSEmphasisxbtveoamui\" class=\"saysCMSEmphasis\">\u00abla compensaci\u00f3n especial por recargo de servicio ha quedado desactualizada\u00bb<\/span>. De hecho, <strong>estaba en $90 desde el 25 de enero de 2022 para el personal administrativo y en $180 para los de seguridad<\/strong>.<\/p>\n<section class=\"detail-note_news-article\" data-td-script-src=\"https:\/\/infocielo.com\/js-custom\/vendor\/jquery\/dist\/jquery.min-min-version-1598657313.js,https:\/\/infocielo.com\/js-custom\/299\/functions\/checkTwitterQuoteHighlight-min-version-1630609156.js,https:\/\/infocielo.com\/js-custom\/299\/functions\/embedsVideosOnBody-min-version-1630609156.js\">\n<div class=\"detail-note_body\" data-twitter-link=\"https:\/\/twitter.com\/intent\/tweet?url=https%3A%2F%2Finfocielo.com%2Fc768619&amp;related=infocielo&amp;text=Aumenta+el+valor+de+una+parte+clave+del+salario+de+los+penitenciarios&amp;via=infocielo\">\n<p>Ahora, casi 7 meses despu\u00e9s,<span id=\"saysCMSEmphasisqvaw6ld5a\" class=\"saysCMSEmphasis\"> las autoridades bonaerenses decidieron aumentarla a $300 y $600<\/span>, respectivamente. Se trata de una suba de m\u00e1s del 300% que impactar\u00e1 un mes despu\u00e9s cuando los agentes acumulen las horas extra trabajadas.<\/p>\n<\/div>\n<\/section>\n<section class=\"detail-note_news-article\" data-td-script-src=\"https:\/\/infocielo.com\/js-custom\/vendor\/jquery\/dist\/jquery.min-min-version-1598657313.js,https:\/\/infocielo.com\/js-custom\/299\/functions\/checkTwitterQuoteHighlight-min-version-1630609156.js,https:\/\/infocielo.com\/js-custom\/299\/functions\/embedsVideosOnBody-min-version-1630609156.js\">\n<div class=\"detail-note_body\" data-twitter-link=\"https:\/\/twitter.com\/intent\/tweet?url=https%3A%2F%2Finfocielo.com%2Fc768619&amp;related=infocielo&amp;text=Aumenta+el+valor+de+una+parte+clave+del+salario+de+los+penitenciarios&amp;via=infocielo\">\n<p>Las compensaciones son un concepto clave para el personal, que puede hacer hasta 120 horas por mes, y tambi\u00e9n para el normal funcionamiento de las unidades penitenciarias. En el Decreto se explic\u00f3 que <strong>\u00aba\u00fan con las designaciones de agentes llevadas a cabo durante el a\u00f1o en curso\u00bb resulta necesario mantener los recargos de servicio porque la relaci\u00f3n entre la cantidad de agentes y de internos sigue \u00abmuy baja\u00bb<\/strong> en las c\u00e1rceles bonaerenses.<\/p>\n<\/div>\n<\/section>\n<\/div>\n<\/section>\n","protected":false},"excerpt":{"rendered":"<p>A trav\u00e9s del Decreto 1327\/23, el gobierno de la provincia de Buenos Aires actualiz\u00f3 uno de los componentes del salario que percibe el personal del Servicio Penitenciario Bonaerense (SPB). Se trata del valor de las horas extra, tambi\u00e9n llamada \u00abcompensaci\u00f3n especial por recargo de servicio\u00bb. El aumento es para quienes se desempe\u00f1an en \u00e1reas administrativas [&hellip;]<\/p>\n","protected":false},"author":3,"featured_media":102490,"comment_status":"open","ping_status":"open","sticky":false,"template":"","format":"standard","meta":{"footnotes":""},"categories":[7],"tags":[],"class_list":{"0":"post-102489","1":"post","2":"type-post","3":"status-publish","4":"format-standard","5":"has-post-thumbnail","7":"category-nac"},"_links":{"self":[{"href":"https:\/\/primicias2262.com\/noticias\/wp-json\/wp\/v2\/posts\/102489","targetHints":{"allow":["GET"]}}],"collection":[{"href":"https:\/\/primicias2262.com\/noticias\/wp-json\/wp\/v2\/posts"}],"about":[{"href":"https:\/\/primicias2262.com\/noticias\/wp-json\/wp\/v2\/types\/post"}],"author":[{"embeddable":true,"href":"https:\/\/primicias2262.com\/noticias\/wp-json\/wp\/v2\/users\/3"}],"replies":[{"embeddable":true,"href":"https:\/\/primicias2262.com\/noticias\/wp-json\/wp\/v2\/comments?post=102489"}],"version-history":[{"count":2,"href":"https:\/\/primicias2262.com\/noticias\/wp-json\/wp\/v2\/posts\/102489\/revisions"}],"predecessor-version":[{"id":102492,"href":"https:\/\/primicias2262.com\/noticias\/wp-json\/wp\/v2\/posts\/102489\/revisions\/102492"}],"wp:featuredmedia":[{"embeddable":true,"href":"https:\/\/primicias2262.com\/noticias\/wp-json\/wp\/v2\/media\/102490"}],"wp:attachment":[{"href":"https:\/\/primicias2262.com\/noticias\/wp-json\/wp\/v2\/media?parent=102489"}],"wp:term":[{"taxonomy":"category","embeddable":true,"href":"https:\/\/primicias2262.com\/noticias\/wp-json\/wp\/v2\/categories?post=102489"},{"taxonomy":"post_tag","embeddable":true,"href":"https:\/\/primicias2262.com\/noticias\/wp-json\/wp\/v2\/tags?post=102489"}],"curies":[{"name":"wp","href":"https:\/\/api.w.org\/{rel}","templated":true}]}}