{"id":102495,"date":"2023-08-02T17:13:44","date_gmt":"2023-08-02T17:13:44","guid":{"rendered":"https:\/\/primicias2262.com\/noticias\/?p=102495"},"modified":"2023-08-05T21:52:06","modified_gmt":"2023-08-05T21:52:06","slug":"este-jueves-3-con-motivo-de-su-cumpleanos-en-quequen-no-se-dictaran-clases","status":"publish","type":"post","link":"https:\/\/primicias2262.com\/noticias\/este-jueves-3-con-motivo-de-su-cumpleanos-en-quequen-no-se-dictaran-clases\/","title":{"rendered":"Este jueves 3, con motivo de su cumplea\u00f1os, en Quequ\u00e9n no se dictar\u00e1n clases"},"content":{"rendered":"<p><strong>Por Jorge G\u00f3mez<\/strong><\/p>\n<p><strong>Habida cuenta que este jueves 3 de agosto se estar\u00e1 celebrando un nuevo aniversario de la fundaci\u00f3n de Quequ\u00e9n, y tal cual lo prev\u00e9n las normas provinciales vigentes, no se dictar\u00e1n clases en los establecimientos educativos con asiento en la vecina ciudad.<\/strong><\/p>\n<p>La actividad lectiva s\u00ed ser\u00e1 normal en la ciudad de Necochea y en el resto de las localidades del distrito.<\/p>\n<p>Sobre el particular, la inspectora Jefa Distrital de Educaci\u00f3n local, Elsa Mar\u00eda Guillermo, as\u00ed lo inform\u00f3 en una nota con fecha martes 1\u00ba de agosto de 2023 enviada a los equipos de supervisi\u00f3n y directivos de los establecimientos asentados en la ciudad de Quequ\u00e9n, en la que se\u00f1ala lo siguiente:<\/p>\n<p>\u201cJefatura Distrital Necochea informa que en el marco del Calendario Escolar 2023 EX- 2022-42817554-GDEBA- SDCADDGCYE y Reglamento General de Instituciones Educativas- Decreto 2299\/11- art 195.2.1 , se establece la suspensi\u00f3n de clases para las Instituciones Educativas de la localidad de Quequ\u00e9n el d\u00eda 3 de agosto por tratarse del aniversario de la Fundaci\u00f3n de la Localidad de Quequ\u00e9n.<\/p>\n<p>Se recuerda que la suspensi\u00f3n de clases implica la participaci\u00f3n de actividades escolares como organizadores o participantes de los eventos que conforman la programaci\u00f3n de los festejos.<\/p>\n<p>La Jefatura Distrital Necochea invita a las instituciones de la localidad a participar de las propuestas de celebraci\u00f3n\u201d.<\/p>\n","protected":false},"excerpt":{"rendered":"<p>Por Jorge G\u00f3mez Habida cuenta que este jueves 3 de agosto se estar\u00e1 celebrando un nuevo aniversario de la fundaci\u00f3n de Quequ\u00e9n, y tal cual lo prev\u00e9n las normas provinciales vigentes, no se dictar\u00e1n clases en los establecimientos educativos con asiento en la vecina ciudad. La actividad lectiva s\u00ed ser\u00e1 normal en la ciudad de [&hellip;]<\/p>\n","protected":false},"author":3,"featured_media":102496,"comment_status":"open","ping_status":"open","sticky":false,"template":"","format":"standard","meta":{"footnotes":""},"categories":[3],"tags":[],"class_list":["post-102495","post","type-post","status-publish","format-standard","has-post-thumbnail","category-masnoticias"],"_links":{"self":[{"href":"https:\/\/primicias2262.com\/noticias\/wp-json\/wp\/v2\/posts\/102495","targetHints":{"allow":["GET"]}}],"collection":[{"href":"https:\/\/primicias2262.com\/noticias\/wp-json\/wp\/v2\/posts"}],"about":[{"href":"https:\/\/primicias2262.com\/noticias\/wp-json\/wp\/v2\/types\/post"}],"author":[{"embeddable":true,"href":"https:\/\/primicias2262.com\/noticias\/wp-json\/wp\/v2\/users\/3"}],"replies":[{"embeddable":true,"href":"https:\/\/primicias2262.com\/noticias\/wp-json\/wp\/v2\/comments?post=102495"}],"version-history":[{"count":1,"href":"https:\/\/primicias2262.com\/noticias\/wp-json\/wp\/v2\/posts\/102495\/revisions"}],"predecessor-version":[{"id":102497,"href":"https:\/\/primicias2262.com\/noticias\/wp-json\/wp\/v2\/posts\/102495\/revisions\/102497"}],"wp:featuredmedia":[{"embeddable":true,"href":"https:\/\/primicias2262.com\/noticias\/wp-json\/wp\/v2\/media\/102496"}],"wp:attachment":[{"href":"https:\/\/primicias2262.com\/noticias\/wp-json\/wp\/v2\/media?parent=102495"}],"wp:term":[{"taxonomy":"category","embeddable":true,"href":"https:\/\/primicias2262.com\/noticias\/wp-json\/wp\/v2\/categories?post=102495"},{"taxonomy":"post_tag","embeddable":true,"href":"https:\/\/primicias2262.com\/noticias\/wp-json\/wp\/v2\/tags?post=102495"}],"curies":[{"name":"wp","href":"https:\/\/api.w.org\/{rel}","templated":true}]}}