{"id":102498,"date":"2023-08-05T17:39:02","date_gmt":"2023-08-05T17:39:02","guid":{"rendered":"https:\/\/primicias2262.com\/noticias\/?p=102498"},"modified":"2023-08-06T23:32:14","modified_gmt":"2023-08-06T23:32:14","slug":"que-la-gente-vaya-a-votar-y-que-crea-que-con-trabajo-las-cosas-se-logran","status":"publish","type":"post","link":"https:\/\/primicias2262.com\/noticias\/que-la-gente-vaya-a-votar-y-que-crea-que-con-trabajo-las-cosas-se-logran\/","title":{"rendered":"\u201cQue la gente vaya a votar y que crea que con trabajo las cosas se logran\u201d"},"content":{"rendered":"<p><strong>Uno de los precandidatos a intendente de Juntos, Mart\u00edn Migueles, en l\u00ednea con Horacio Rodr\u00edguez Larreta a presidente y Diego Santilli como gobernador, visit\u00f3 los estudios de \u201cVoces de la Ciudad\u201d e inst\u00f3 a los vecinos a concurrir a las urnas el domingo 13 de agosto para las elecciones PASO.<\/strong><\/p>\n<p>En nota con el periodista Jorge G\u00f3mez, el expresidente de la Usina y exconcejal se\u00f1al\u00f3 que \u201cesta no es una elecci\u00f3n menor, en esta elecci\u00f3n se define qu\u00e9 pa\u00eds queremos\u201d, y a partir de eso desarroll\u00f3 que \u201cnuestro grupo pol\u00edtico habla del pa\u00eds de los consensos y los acuerdos program\u00e1ticos\u201d.<\/p>\n<p>Fue all\u00ed cuando revel\u00f3 que \u201ccuando entramos a las casas de la gente, lo que quieren los vecinos es que los pol\u00edticos no se peleen m\u00e1s\u2026 impacta charlar con el vecino y que te digan \u2018ustedes tienen que unirse, basta de pelearse\u2019, y tanto en el aspecto nacional, provincial como municipal, y entonces la figura y el perfil de Horacio (Rodr\u00edguez Larreta) es justo para esto, porque no contradice y habla de su equipo, lo mismo que Diego Santilli\u201d.<\/p>\n<p>\u201cEse es mi perfil tambi\u00e9n\u201d, asegur\u00f3 Migueles, argumentando que \u201cno hay posibilidades de que Argentina salga si no nos unimos. Desde que tenemos la democracia ha sido uno contra otro, el creer que va a venir un iluminado a salvarnos y no es as\u00ed\u2026 ac\u00e1 se salva con equipos, con di\u00e1logo y entendimientos\u201d.<\/p>\n<p>Profundiz\u00f3 al respecto que \u201clos \u00faltimos 40 a\u00f1os de democracia han sido de empobrecimiento y retroceso porque para planificar un pa\u00eds no ten\u00e9s que tener rachas, sino que para tener un pa\u00eds tenga estabilidad ten\u00e9s que tener un crecimiento sostenido. Hemos tenido buenas rachas de cuatro o seis a\u00f1os, pero despu\u00e9s llegaron la inflaci\u00f3n, el fracaso, la deflaci\u00f3n y la emigraci\u00f3n de muchos argentinos\u201d.<\/p>\n<p>Sobre la contienda en Juntos con los precandidatos Eugenia Vallota y Dami\u00e1n Unibaso, afirm\u00f3 que \u201csi yo ganara la primaria, el lunes (14 de agosto) estoy tomando un caf\u00e9 con ellos y ya trabajando\u2026 y si ganan los otros estar\u00eda con ellos tom\u00e1ndome un caf\u00e9 si nos invitan hablando sobre qu\u00e9 hay que hacer para mejorar Necochea\u201d, y mirando hacia un posible gobierno como jefe comunal, anticip\u00f3 sin dar nombres que \u201ctengo el mejor equipo\u2026 un equipazo\u201d.<\/p>\n<p>En tanto, inst\u00f3 como mensaje final \u201cque la gente vaya a votar, que crea que con trabajo las cosas se logran y que no hay soluciones m\u00e1gicas\u2026 yo a la gente le prometo mucho trabajo y le digo que es muy bueno que Necochea est\u00e9 conectada con la Provincia y la Naci\u00f3n y tenemos la posibilidad de un cambio hist\u00f3rico, y austeridad ante todo, les propongo mucha austeridad porque soy austero viviendo, entonces como vivo va a ser mi administraci\u00f3n\u201d.<\/p>\n<p>\u201cArgentina, la Provincia y Necochea no salen si no es con consenso, educaci\u00f3n, tecnolog\u00eda, conocimiento\u2026 la cuarta revoluci\u00f3n industrial es la del conocimiento y la Inteligencia Artificial, exportar conocimiento a trav\u00e9s de la tecnolog\u00eda y tenemos que ir en ese camino, y a los vecinos de Quequ\u00e9n y del interior les decimos que vamos a estar con ellos, con asfalto y con una planta hormigonera propia\u201d, concluy\u00f3 Migueles.<\/p>\n","protected":false},"excerpt":{"rendered":"<p>Uno de los precandidatos a intendente de Juntos, Mart\u00edn Migueles, en l\u00ednea con Horacio Rodr\u00edguez Larreta a presidente y Diego Santilli como gobernador, visit\u00f3 los estudios de \u201cVoces de la Ciudad\u201d e inst\u00f3 a los vecinos a concurrir a las urnas el domingo 13 de agosto para las elecciones PASO. En nota con el periodista [&hellip;]<\/p>\n","protected":false},"author":3,"featured_media":102500,"comment_status":"open","ping_status":"open","sticky":false,"template":"","format":"standard","meta":{"footnotes":""},"categories":[3],"tags":[],"class_list":["post-102498","post","type-post","status-publish","format-standard","has-post-thumbnail","category-masnoticias"],"_links":{"self":[{"href":"https:\/\/primicias2262.com\/noticias\/wp-json\/wp\/v2\/posts\/102498","targetHints":{"allow":["GET"]}}],"collection":[{"href":"https:\/\/primicias2262.com\/noticias\/wp-json\/wp\/v2\/posts"}],"about":[{"href":"https:\/\/primicias2262.com\/noticias\/wp-json\/wp\/v2\/types\/post"}],"author":[{"embeddable":true,"href":"https:\/\/primicias2262.com\/noticias\/wp-json\/wp\/v2\/users\/3"}],"replies":[{"embeddable":true,"href":"https:\/\/primicias2262.com\/noticias\/wp-json\/wp\/v2\/comments?post=102498"}],"version-history":[{"count":2,"href":"https:\/\/primicias2262.com\/noticias\/wp-json\/wp\/v2\/posts\/102498\/revisions"}],"predecessor-version":[{"id":102504,"href":"https:\/\/primicias2262.com\/noticias\/wp-json\/wp\/v2\/posts\/102498\/revisions\/102504"}],"wp:featuredmedia":[{"embeddable":true,"href":"https:\/\/primicias2262.com\/noticias\/wp-json\/wp\/v2\/media\/102500"}],"wp:attachment":[{"href":"https:\/\/primicias2262.com\/noticias\/wp-json\/wp\/v2\/media?parent=102498"}],"wp:term":[{"taxonomy":"category","embeddable":true,"href":"https:\/\/primicias2262.com\/noticias\/wp-json\/wp\/v2\/categories?post=102498"},{"taxonomy":"post_tag","embeddable":true,"href":"https:\/\/primicias2262.com\/noticias\/wp-json\/wp\/v2\/tags?post=102498"}],"curies":[{"name":"wp","href":"https:\/\/api.w.org\/{rel}","templated":true}]}}