{"id":102499,"date":"2023-08-04T10:29:30","date_gmt":"2023-08-04T10:29:30","guid":{"rendered":"https:\/\/primicias2262.com\/noticias\/?p=102499"},"modified":"2023-08-05T21:40:45","modified_gmt":"2023-08-05T21:40:45","slug":"no-tenemos-mezquindades-ni-pensamos-en-retener-las-obras-porque-hay-otro-color-politico-en-la-municipalidad","status":"publish","type":"post","link":"https:\/\/primicias2262.com\/noticias\/no-tenemos-mezquindades-ni-pensamos-en-retener-las-obras-porque-hay-otro-color-politico-en-la-municipalidad\/","title":{"rendered":"\u201cNo tenemos mezquindades ni pensamos en retener las obras porque haya otro color pol\u00edtico en la Municipalidad\u201d"},"content":{"rendered":"<p><strong>As\u00ed lo afirm\u00f3 el concejal y precandidato a intendente por Uni\u00f3n por la Patria, Mauro Vel\u00e1zquez, en el marco del inicio de obras en la Playa Municipal de Camiones y del proyecto para la remodelaci\u00f3n de la Terminal de \u00d3mnibus, ambos largamente esperados en la ciudad y que llegan de la mano de convenios de la comuna con el Ministerio nacional de Transporte.<\/strong><\/p>\n<p>En el marco de una nota en \u201cVoces de la Ciudad\u201d, realizada por el periodista Jorge G\u00f3mez, Vel\u00e1zquez dio cuenta de que mantuvo una reuni\u00f3n recientemente con el ministro de Transporte de la Naci\u00f3n, Diego Giuliano, de la que depende la secretaria de Transporte y referente de Vel\u00e1zquez, Jimena L\u00f3pez, en torno a los trabajos iniciados en la Playa Municipal de Camiones de Quequ\u00e9n y el proyecto de la Terminal de \u00d3mnibus, dos obras que se encuentran largamente postergadas en el distrito.<\/p>\n<p>Habiendo iniciado ya la obra en el predio conocido como \u201cChiquero\u201d, el actual edil se\u00f1al\u00f3 a su vez que \u201clo de la Terminal tiene que ver con un tema important\u00edsimo y que hace a una de las largas discusiones de la ciudad, de hecho, la gente empez\u00f3 a naturalizar como que no va a suceder y nosotros queremos que suceda, y el proyecto ya est\u00e1\u201d.<\/p>\n<p>En tanto, \u201clo de la playa de camiones es una discusi\u00f3n de hace 30 a\u00f1os y est\u00e1 sucediendo, el dinero est\u00e1 en las arcas municipales\u201d, destac\u00f3, para acotar que \u201clo mismo que con la Terminal\u201d, y por ende subray\u00f3 que \u201cac\u00e1 nosotros pensamos y gestionamos por la ciudad\u201d.<\/p>\n<p>Argument\u00f3 en tal caso que \u201cempezamos a gestionar lo de la Playa de Camiones el a\u00f1o pasado cuando ni elecciones hab\u00eda, y hay una gran diferencia con el resto: nosotros no tenemos mezquindades pol\u00edticas ni pensamos en retener las obras porque hay otro color pol\u00edtico en la Municipalidad, al contrario, nuestra obligaci\u00f3n y responsabilidad como militantes es de gestionar y trabajar para la gente\u201d.<\/p>\n<p>Quien sue\u00f1a con ser intendente de Necochea asever\u00f3 que \u201cson luchas hist\u00f3ricas del distrito y c\u00f3mo no vamos a permitir que vengan las obras a Necochea\u2026 ese ha sido el retraso y la mezquindad de la dirigencia pol\u00edtica, y a eso tambi\u00e9n nos enfrentamos, a 40 a\u00f1os de mezquindades pol\u00edticas que han hecho que Necochea est\u00e9 retrasada\u201d.<\/p>\n<p>Finalmente, Vel\u00e1zquez se expres\u00f3 de cara a las elecciones, contando estusiasmado que \u201cestamos ejecutando todo lo planificado, a veces a las corridas con viajes y reuniones con funcionarios trabajando en lo que viene, y ac\u00e1 lo mismo, haci\u00e9ndolo con vecinos y vecinas e instituciones. Es la manera que encar\u00e9 la campa\u00f1a, hablar con la gente, llevarle nuestro proyecto pol\u00edtico y no perder ni un minuto en las chicanas pol\u00edticas ni discutir con nadie, y de esa manera voy a terminar mi campa\u00f1a, los pingos se ven en la cancha y no tenemos que subestimar a los vecinos\u201d.<\/p>\n","protected":false},"excerpt":{"rendered":"<p>As\u00ed lo afirm\u00f3 el concejal y precandidato a intendente por Uni\u00f3n por la Patria, Mauro Vel\u00e1zquez, en el marco del inicio de obras en la Playa Municipal de Camiones y del proyecto para la remodelaci\u00f3n de la Terminal de \u00d3mnibus, ambos largamente esperados en la ciudad y que llegan de la mano de convenios de [&hellip;]<\/p>\n","protected":false},"author":3,"featured_media":102501,"comment_status":"open","ping_status":"open","sticky":false,"template":"","format":"standard","meta":{"footnotes":""},"categories":[3],"tags":[],"class_list":["post-102499","post","type-post","status-publish","format-standard","has-post-thumbnail","category-masnoticias"],"_links":{"self":[{"href":"https:\/\/primicias2262.com\/noticias\/wp-json\/wp\/v2\/posts\/102499","targetHints":{"allow":["GET"]}}],"collection":[{"href":"https:\/\/primicias2262.com\/noticias\/wp-json\/wp\/v2\/posts"}],"about":[{"href":"https:\/\/primicias2262.com\/noticias\/wp-json\/wp\/v2\/types\/post"}],"author":[{"embeddable":true,"href":"https:\/\/primicias2262.com\/noticias\/wp-json\/wp\/v2\/users\/3"}],"replies":[{"embeddable":true,"href":"https:\/\/primicias2262.com\/noticias\/wp-json\/wp\/v2\/comments?post=102499"}],"version-history":[{"count":2,"href":"https:\/\/primicias2262.com\/noticias\/wp-json\/wp\/v2\/posts\/102499\/revisions"}],"predecessor-version":[{"id":102574,"href":"https:\/\/primicias2262.com\/noticias\/wp-json\/wp\/v2\/posts\/102499\/revisions\/102574"}],"wp:featuredmedia":[{"embeddable":true,"href":"https:\/\/primicias2262.com\/noticias\/wp-json\/wp\/v2\/media\/102501"}],"wp:attachment":[{"href":"https:\/\/primicias2262.com\/noticias\/wp-json\/wp\/v2\/media?parent=102499"}],"wp:term":[{"taxonomy":"category","embeddable":true,"href":"https:\/\/primicias2262.com\/noticias\/wp-json\/wp\/v2\/categories?post=102499"},{"taxonomy":"post_tag","embeddable":true,"href":"https:\/\/primicias2262.com\/noticias\/wp-json\/wp\/v2\/tags?post=102499"}],"curies":[{"name":"wp","href":"https:\/\/api.w.org\/{rel}","templated":true}]}}