{"id":102507,"date":"2023-08-03T12:13:03","date_gmt":"2023-08-03T12:13:03","guid":{"rendered":"https:\/\/primicias2262.com\/noticias\/?p=102507"},"modified":"2023-08-04T16:48:43","modified_gmt":"2023-08-04T16:48:43","slug":"este-sabado-habra-un-taller-gratuito-de-rcp-en-la-base-de-defensa-civil","status":"publish","type":"post","link":"https:\/\/primicias2262.com\/noticias\/este-sabado-habra-un-taller-gratuito-de-rcp-en-la-base-de-defensa-civil\/","title":{"rendered":"Este s\u00e1bado habr\u00e1 un taller gratuito de RCP en la base de Defensa Civil"},"content":{"rendered":"<p><strong>En la tarde del pr\u00f3ximo s\u00e1bado 5 de agosto, con el impulso del municipio, se estar\u00e1 desarrollando una nueva capacitaci\u00f3n para brindar conocimientos a la ciudadan\u00eda sobre pr\u00e1cticas generales y t\u00e9cnicas de Reanimaci\u00f3n Cardiopulmonar (RCP), esta vez en la base de Defensa Civil, en calle 97 y 10, y destinado a toda aquella persona que realice actividad f\u00edsica al aire libre.<\/strong><\/p>\n<div class=\"wp-block-media-text is-stacked-on-mobile is-vertically-aligned-top\">\n<div class=\"wp-block-media-text__content\">\n<p>El taller tendr\u00e1 realizaci\u00f3n entre las 14:30 y las 17:30 con la organizaci\u00f3n conjunta de las direcciones comunales de Defensa Civil y de Deportes, a las que se sumar\u00e1 el siempre inconmensurable aporte y acompa\u00f1amiento de la Filial Necochea de la Cruz Roja Argentina.<\/p>\n<p>Al respecto, el titular de la primera de las \u00e1reas, Augusto Fulton, explic\u00f3 que el curso tiene por finalidad \u201cseguir con la formaci\u00f3n y la prevenci\u00f3n, como as\u00ed tambi\u00e9n todo lo que es el cuidado de la salud\u201d, buscando \u201cque se llegue a comprender la importancia y que la gente tome un conocimiento b\u00e1sico de lo que es un RCP, y que solo con las manos se puede salvar una vida\u201d.<\/p>\n<p>En cuanto al p\u00fablico objetivo, detall\u00f3 que pretenden tener asistencia de quienes asiduamente frecuentan las numerosas zonas que el Parque Miguel Lillo ofrece para hacer actividad deportiva al aire libre, ya que \u201ces muy grande la cantidad de gente que todos los d\u00edas lo recorren caminando, en bicicleta, con grupos de running o de ciclismo, as\u00ed como equipos de f\u00fatbol que van a hacer su pretemporada\u201d.<\/p>\n<p><a href=\"https:\/\/primicias2262.com\/noticias\/wp-content\/uploads\/2023\/08\/maniobra-RCP.jpg\"><img loading=\"lazy\" decoding=\"async\" class=\"aligncenter size-full wp-image-102510\" src=\"https:\/\/primicias2262.com\/noticias\/wp-content\/uploads\/2023\/08\/maniobra-RCP.jpg\" alt=\"\" width=\"1280\" height=\"720\" srcset=\"https:\/\/primicias2262.com\/noticias\/wp-content\/uploads\/2023\/08\/maniobra-RCP.jpg 1280w, https:\/\/primicias2262.com\/noticias\/wp-content\/uploads\/2023\/08\/maniobra-RCP-300x169.jpg 300w, https:\/\/primicias2262.com\/noticias\/wp-content\/uploads\/2023\/08\/maniobra-RCP-1024x576.jpg 1024w, https:\/\/primicias2262.com\/noticias\/wp-content\/uploads\/2023\/08\/maniobra-RCP-768x432.jpg 768w, https:\/\/primicias2262.com\/noticias\/wp-content\/uploads\/2023\/08\/maniobra-RCP-150x84.jpg 150w, https:\/\/primicias2262.com\/noticias\/wp-content\/uploads\/2023\/08\/maniobra-RCP-696x392.jpg 696w, https:\/\/primicias2262.com\/noticias\/wp-content\/uploads\/2023\/08\/maniobra-RCP-1068x601.jpg 1068w\" sizes=\"auto, (max-width: 1280px) 100vw, 1280px\" \/><\/a>\u201cLa idea es que todo aquel que realiza actividad f\u00edsica en el parque pueda llevarse un poco de informaci\u00f3n\u201d, asever\u00f3 el funcionario, destacando el apoyo en la organizaci\u00f3n de estos talleres de RCP de la Cruz Roja Argentina, \u201cque siempre nos est\u00e1 acompa\u00f1ando y nos ha dado una gran mano en un mont\u00f3n de oportunidades\u201d, como as\u00ed tambi\u00e9n del \u00e1rea de Deportes, \u201ccon su directora Guadalupe Hern\u00e1ndez y el profesor de Educaci\u00f3n F\u00edsica, Mauro Cabrera\u201d.<\/p>\n<\/div>\n<\/div>\n<p>\u201cGracias a Dios, hoy en d\u00eda tenemos una sociedad bastante formada en RCP, porque es algo que se est\u00e1 replicando en muchos lugares\u201d. Aun as\u00ed, \u201cnuestra idea es seguir fortaleciendo estos conocimientos y que la gente tenga bien frescos estos tipos de t\u00e9cnica\u201d, remarc\u00f3 Fulton, invitando a toda la comunidad a participar.<\/p>\n","protected":false},"excerpt":{"rendered":"<p>En la tarde del pr\u00f3ximo s\u00e1bado 5 de agosto, con el impulso del municipio, se estar\u00e1 desarrollando una nueva capacitaci\u00f3n para brindar conocimientos a la ciudadan\u00eda sobre pr\u00e1cticas generales y t\u00e9cnicas de Reanimaci\u00f3n Cardiopulmonar (RCP), esta vez en la base de Defensa Civil, en calle 97 y 10, y destinado a toda aquella persona que [&hellip;]<\/p>\n","protected":false},"author":3,"featured_media":102508,"comment_status":"open","ping_status":"open","sticky":false,"template":"","format":"standard","meta":{"footnotes":""},"categories":[3],"tags":[],"class_list":["post-102507","post","type-post","status-publish","format-standard","has-post-thumbnail","category-masnoticias"],"_links":{"self":[{"href":"https:\/\/primicias2262.com\/noticias\/wp-json\/wp\/v2\/posts\/102507","targetHints":{"allow":["GET"]}}],"collection":[{"href":"https:\/\/primicias2262.com\/noticias\/wp-json\/wp\/v2\/posts"}],"about":[{"href":"https:\/\/primicias2262.com\/noticias\/wp-json\/wp\/v2\/types\/post"}],"author":[{"embeddable":true,"href":"https:\/\/primicias2262.com\/noticias\/wp-json\/wp\/v2\/users\/3"}],"replies":[{"embeddable":true,"href":"https:\/\/primicias2262.com\/noticias\/wp-json\/wp\/v2\/comments?post=102507"}],"version-history":[{"count":2,"href":"https:\/\/primicias2262.com\/noticias\/wp-json\/wp\/v2\/posts\/102507\/revisions"}],"predecessor-version":[{"id":102511,"href":"https:\/\/primicias2262.com\/noticias\/wp-json\/wp\/v2\/posts\/102507\/revisions\/102511"}],"wp:featuredmedia":[{"embeddable":true,"href":"https:\/\/primicias2262.com\/noticias\/wp-json\/wp\/v2\/media\/102508"}],"wp:attachment":[{"href":"https:\/\/primicias2262.com\/noticias\/wp-json\/wp\/v2\/media?parent=102507"}],"wp:term":[{"taxonomy":"category","embeddable":true,"href":"https:\/\/primicias2262.com\/noticias\/wp-json\/wp\/v2\/categories?post=102507"},{"taxonomy":"post_tag","embeddable":true,"href":"https:\/\/primicias2262.com\/noticias\/wp-json\/wp\/v2\/tags?post=102507"}],"curies":[{"name":"wp","href":"https:\/\/api.w.org\/{rel}","templated":true}]}}