{"id":102512,"date":"2023-08-03T11:15:37","date_gmt":"2023-08-03T11:15:37","guid":{"rendered":"https:\/\/primicias2262.com\/noticias\/?p=102512"},"modified":"2023-08-04T13:31:06","modified_gmt":"2023-08-04T13:31:06","slug":"rojas-recibio-a-comerciantes-de-la-villa-balnearia-para-reforzar-medidas-de-seguridad","status":"publish","type":"post","link":"https:\/\/primicias2262.com\/noticias\/rojas-recibio-a-comerciantes-de-la-villa-balnearia-para-reforzar-medidas-de-seguridad\/","title":{"rendered":"Rojas recibi\u00f3 a comerciantes de la Villa Balnearia para reforzar medidas de seguridad"},"content":{"rendered":"<p>El intendente municipal, Arturo Rojas, encabez\u00f3 una nueva reuni\u00f3n con vecinos en el Centro Operativo de Monitoreo, en este turno con comerciantes de la Villa Balnearia, con quienes se sostuvo una variada agenda de temas, enfocando principalmente en medidas de seguridad y tareas de embellecimiento.<\/p>\n<p>Participaron junto al intendente por el Ejecutivo municipal, el secretario de Gobierno, Jorge Mart\u00ednez; y el subsecretario de Obras P\u00fablicas, Lisandro Dones, siendo el primero de ellos quien aport\u00f3 que en la mesa de di\u00e1logo se les explic\u00f3 a los comerciantes el funcionamiento de la nueva herramienta del COM y se insisti\u00f3 en la implementaci\u00f3n del sistema de bot\u00f3n antip\u00e1nico.<\/p>\n<p><a href=\"https:\/\/primicias2262.com\/noticias\/wp-content\/uploads\/2023\/08\/01-08-FOTO-Rojas-comerciantes-Villa.jpeg\"><img loading=\"lazy\" decoding=\"async\" class=\"aligncenter size-full wp-image-102513\" src=\"https:\/\/primicias2262.com\/noticias\/wp-content\/uploads\/2023\/08\/01-08-FOTO-Rojas-comerciantes-Villa.jpeg\" alt=\"\" width=\"1600\" height=\"1200\" srcset=\"https:\/\/primicias2262.com\/noticias\/wp-content\/uploads\/2023\/08\/01-08-FOTO-Rojas-comerciantes-Villa.jpeg 1600w, https:\/\/primicias2262.com\/noticias\/wp-content\/uploads\/2023\/08\/01-08-FOTO-Rojas-comerciantes-Villa-300x225.jpeg 300w, https:\/\/primicias2262.com\/noticias\/wp-content\/uploads\/2023\/08\/01-08-FOTO-Rojas-comerciantes-Villa-1024x768.jpeg 1024w, https:\/\/primicias2262.com\/noticias\/wp-content\/uploads\/2023\/08\/01-08-FOTO-Rojas-comerciantes-Villa-768x576.jpeg 768w, https:\/\/primicias2262.com\/noticias\/wp-content\/uploads\/2023\/08\/01-08-FOTO-Rojas-comerciantes-Villa-1536x1152.jpeg 1536w, https:\/\/primicias2262.com\/noticias\/wp-content\/uploads\/2023\/08\/01-08-FOTO-Rojas-comerciantes-Villa-150x113.jpeg 150w, https:\/\/primicias2262.com\/noticias\/wp-content\/uploads\/2023\/08\/01-08-FOTO-Rojas-comerciantes-Villa-696x522.jpeg 696w, https:\/\/primicias2262.com\/noticias\/wp-content\/uploads\/2023\/08\/01-08-FOTO-Rojas-comerciantes-Villa-1068x801.jpeg 1068w\" sizes=\"auto, (max-width: 1600px) 100vw, 1600px\" \/><\/a>Asimismo, se abord\u00f3 la posibilidad de ampliar el monitoreo de la Villa Balnearia de la ciudad, con la dotaci\u00f3n de m\u00e1s c\u00e1maras en esa \u00e1rea espec\u00edfica, al tiempo que, por parte de los comerciantes, se solicit\u00f3 el recambio de las farolas de la peatonal 83 por el sistema Led.<\/p>\n<p>Por otra parte, los integrantes del Ejecutivo plantearon un proyecto de embellecimiento para llevar a cabo en las calles 4, 83 y 85, tema para el cual el Intendente se comprometi\u00f3 a tratarlo en profundidad y consensuar en un nuevo encuentro con los comerciantes en el venidero mes de septiembre, mientras que de su parte plantearon tambi\u00e9n llevar a cabo m\u00e1s adelante una reforma de la plaza San Mart\u00edn, mediante un proyecto similar al de puesta en valor de las tres plazas que se encuentra en ejecuci\u00f3n, tanto la de 91 y10, como la de 59 y 16 y la 3 de Agosto de Quequ\u00e9n.<\/p>\n","protected":false},"excerpt":{"rendered":"<p>El intendente municipal, Arturo Rojas, encabez\u00f3 una nueva reuni\u00f3n con vecinos en el Centro Operativo de Monitoreo, en este turno con comerciantes de la Villa Balnearia, con quienes se sostuvo una variada agenda de temas, enfocando principalmente en medidas de seguridad y tareas de embellecimiento. Participaron junto al intendente por el Ejecutivo municipal, el secretario [&hellip;]<\/p>\n","protected":false},"author":3,"featured_media":102514,"comment_status":"open","ping_status":"open","sticky":false,"template":"","format":"standard","meta":{"footnotes":""},"categories":[3],"tags":[],"class_list":["post-102512","post","type-post","status-publish","format-standard","has-post-thumbnail","category-masnoticias"],"_links":{"self":[{"href":"https:\/\/primicias2262.com\/noticias\/wp-json\/wp\/v2\/posts\/102512","targetHints":{"allow":["GET"]}}],"collection":[{"href":"https:\/\/primicias2262.com\/noticias\/wp-json\/wp\/v2\/posts"}],"about":[{"href":"https:\/\/primicias2262.com\/noticias\/wp-json\/wp\/v2\/types\/post"}],"author":[{"embeddable":true,"href":"https:\/\/primicias2262.com\/noticias\/wp-json\/wp\/v2\/users\/3"}],"replies":[{"embeddable":true,"href":"https:\/\/primicias2262.com\/noticias\/wp-json\/wp\/v2\/comments?post=102512"}],"version-history":[{"count":1,"href":"https:\/\/primicias2262.com\/noticias\/wp-json\/wp\/v2\/posts\/102512\/revisions"}],"predecessor-version":[{"id":102515,"href":"https:\/\/primicias2262.com\/noticias\/wp-json\/wp\/v2\/posts\/102512\/revisions\/102515"}],"wp:featuredmedia":[{"embeddable":true,"href":"https:\/\/primicias2262.com\/noticias\/wp-json\/wp\/v2\/media\/102514"}],"wp:attachment":[{"href":"https:\/\/primicias2262.com\/noticias\/wp-json\/wp\/v2\/media?parent=102512"}],"wp:term":[{"taxonomy":"category","embeddable":true,"href":"https:\/\/primicias2262.com\/noticias\/wp-json\/wp\/v2\/categories?post=102512"},{"taxonomy":"post_tag","embeddable":true,"href":"https:\/\/primicias2262.com\/noticias\/wp-json\/wp\/v2\/tags?post=102512"}],"curies":[{"name":"wp","href":"https:\/\/api.w.org\/{rel}","templated":true}]}}