{"id":102528,"date":"2023-08-03T10:02:48","date_gmt":"2023-08-03T10:02:48","guid":{"rendered":"https:\/\/primicias2262.com\/noticias\/?p=102528"},"modified":"2023-08-03T13:03:49","modified_gmt":"2023-08-03T13:03:49","slug":"impuesto-a-las-ganancias-el-gobierno-sube-el-piso-a-700-000-desde-este-mes","status":"publish","type":"post","link":"https:\/\/primicias2262.com\/noticias\/impuesto-a-las-ganancias-el-gobierno-sube-el-piso-a-700-000-desde-este-mes\/","title":{"rendered":"Impuesto a las Ganancias: el Gobierno sube el piso a $700.000 desde este mes"},"content":{"rendered":"<p>El Gobierno anunci\u00f3 este jueves la suba del <b>m\u00ednimo no imponible<\/b> del<b> <a href=\"https:\/\/www.pagina12.com.ar\/560317-afip-vence-el-plazo-para-presentar-las-declaraciones-juradas\">Impuesto a las Ganancias<\/a><\/b>. Seg\u00fan inform\u00f3 el Ministerio de Ecomom\u00eda, <b>a partir de este mes <\/b>solo tributar\u00e1n las <b>remuneraciones superiores a $ 700.875 brutos mensuales.\u00a0<\/b><\/p>\n<p>Asimismo, la cartera que conduce Sergio Massa adelant\u00f3 que <b>las escalas se incrementar\u00e1n un 35%<\/b>, que se aplicar\u00e1 de modo <b>retroactivo a enero<\/b>. En tanto, lo tributado de m\u00e1s entre enero y julio se le devolver\u00e1 al empleado junto a los sueldos de agosto y septiembre. La medida, que representa un <b>beneficio para m\u00e1s de 1 mill\u00f3n de trabajadores<\/b>, se implementar\u00e1 a trav\u00e9s de un decreto que se publicar\u00e1 en los pr\u00f3ximos d\u00edas.<\/p>\n<p>El aumento del 38,45% en el m\u00ednimo no imponible se fundamenta, seg\u00fan aclara el comunicado oficial, en la variaci\u00f3n de los salarios formales (RIPTE) en marzo, abril, mayo y junio, que se vieron incrementados en ese mismo porcentaje. As\u00ed, el texto informa que <u><b>a partir del 1 de agosto habr\u00e1 un nuevo piso de Ganancias<\/b><\/u> y corresponder\u00e1 retenci\u00f3n alguna cuando la remuneraci\u00f3n bruta supere los $700.875.<\/p>\n<p>En tanto que en los meses en que la remuneraci\u00f3n bruta del mes supere ese monto, pero sea menor o igual a $808.101, se aplicar\u00e1 una <b>deducci\u00f3n especial incrementada<\/b>. \u00abCon esta medida la totalidad de los trabajadores en relaci\u00f3n de dependencia que tributan el impuesto a las ganancias se ver\u00e1n beneficiados\u00bb, afirma la cartera econ\u00f3mica.<\/p>\n<p>Hasta ahora, con el <a href=\"https:\/\/www.pagina12.com.ar\/556156-anuncio-de-impuesto-a-las-ganancias-2023-nuevo-piso-como-se-\">piso de $506.230<\/a>, deb\u00edan tributar unos 1.015.000 contribuyentes. Con la nueva actualizaci\u00f3n,<b> 300.000 de esos trabajadores <\/b>en relaci\u00f3n de dependencia <b>dejan de pagar el gravamen <\/b>a partir de agosto; mientras que para los <b>715.000 <\/b>restantes significa una <b>reducci\u00f3n de los montos<\/b> que deben desembolsar, a causa de la suba del 35% en las escalas.<\/p>\n<h2>C\u00f3mo quedan las escalas de Ganancias 2023<\/h2>\n<p><b>Esta actualizaci\u00f3n en los topes ser\u00e1 retroactivo a enero de 2023.<\/b> Y desde Econom\u00eda aclararon que<u> \u00ablo retenido de m\u00e1s\u00bb entre enero y julio se devolver\u00e1 al contribuyente en dos cuotas mensuales<\/u>, junto con los salarios de agosto y septiembre de 2023.<\/p>\n","protected":false},"excerpt":{"rendered":"<p>El Gobierno anunci\u00f3 este jueves la suba del m\u00ednimo no imponible del Impuesto a las Ganancias. Seg\u00fan inform\u00f3 el Ministerio de Ecomom\u00eda, a partir de este mes solo tributar\u00e1n las remuneraciones superiores a $ 700.875 brutos mensuales.\u00a0 Asimismo, la cartera que conduce Sergio Massa adelant\u00f3 que las escalas se incrementar\u00e1n un 35%, que se aplicar\u00e1 [&hellip;]<\/p>\n","protected":false},"author":3,"featured_media":102529,"comment_status":"open","ping_status":"open","sticky":false,"template":"","format":"standard","meta":{"footnotes":""},"categories":[7],"tags":[],"class_list":{"0":"post-102528","1":"post","2":"type-post","3":"status-publish","4":"format-standard","5":"has-post-thumbnail","7":"category-nac"},"_links":{"self":[{"href":"https:\/\/primicias2262.com\/noticias\/wp-json\/wp\/v2\/posts\/102528","targetHints":{"allow":["GET"]}}],"collection":[{"href":"https:\/\/primicias2262.com\/noticias\/wp-json\/wp\/v2\/posts"}],"about":[{"href":"https:\/\/primicias2262.com\/noticias\/wp-json\/wp\/v2\/types\/post"}],"author":[{"embeddable":true,"href":"https:\/\/primicias2262.com\/noticias\/wp-json\/wp\/v2\/users\/3"}],"replies":[{"embeddable":true,"href":"https:\/\/primicias2262.com\/noticias\/wp-json\/wp\/v2\/comments?post=102528"}],"version-history":[{"count":1,"href":"https:\/\/primicias2262.com\/noticias\/wp-json\/wp\/v2\/posts\/102528\/revisions"}],"predecessor-version":[{"id":102530,"href":"https:\/\/primicias2262.com\/noticias\/wp-json\/wp\/v2\/posts\/102528\/revisions\/102530"}],"wp:featuredmedia":[{"embeddable":true,"href":"https:\/\/primicias2262.com\/noticias\/wp-json\/wp\/v2\/media\/102529"}],"wp:attachment":[{"href":"https:\/\/primicias2262.com\/noticias\/wp-json\/wp\/v2\/media?parent=102528"}],"wp:term":[{"taxonomy":"category","embeddable":true,"href":"https:\/\/primicias2262.com\/noticias\/wp-json\/wp\/v2\/categories?post=102528"},{"taxonomy":"post_tag","embeddable":true,"href":"https:\/\/primicias2262.com\/noticias\/wp-json\/wp\/v2\/tags?post=102528"}],"curies":[{"name":"wp","href":"https:\/\/api.w.org\/{rel}","templated":true}]}}