{"id":102531,"date":"2023-08-03T17:46:16","date_gmt":"2023-08-03T17:46:16","guid":{"rendered":"https:\/\/primicias2262.com\/noticias\/?p=102531"},"modified":"2023-08-04T13:30:23","modified_gmt":"2023-08-04T13:30:23","slug":"quequen-cumplio-169-anos-y-el-intendente-hizo-un-fuerte-llamado-a-trabajar-en-union-por-la-ciudad","status":"publish","type":"post","link":"https:\/\/primicias2262.com\/noticias\/quequen-cumplio-169-anos-y-el-intendente-hizo-un-fuerte-llamado-a-trabajar-en-union-por-la-ciudad\/","title":{"rendered":"Quequ\u00e9n cumpli\u00f3 169 a\u00f1os y el Intendente hizo un fuerte llamado a trabajar en uni\u00f3n por la ciudad"},"content":{"rendered":"<p><strong>En el acto por el 169\u00ba Aniversario de Quequ\u00e9n, Arturo Rojas valor\u00f3 la lucha de los pioneros que forjaron la fundaci\u00f3n de la ciudad y asegur\u00f3 que la forma de progresar no es echarse las culpas uno a otro ni mirar el pasado, sino ponerse codo a codo para \u201creparar una cuesti\u00f3n hist\u00f3rica\u201d.<\/strong><\/p>\n<p>Este jueves 3 de agosto Quequ\u00e9n cumple 169 a\u00f1os de vida, desde su fundaci\u00f3n en el a\u00f1o 1854 a esta actualidad donde se honr\u00f3 la memoria de sus pioneros en el acto encabezado en la Plaza de los Ni\u00f1os por el intendente Arturo Rojas, donde se encuentra el Arco que conmemora el esfuerzo de aquellos primeros vecinos que pelearon en torno a la ballenera que exist\u00eda para que la ciudad fuera\u00a0 una realidad.<\/p>\n<p><a href=\"https:\/\/primicias2262.com\/noticias\/wp-content\/uploads\/2023\/08\/03-08-FOTO-Acto-Aniversario-Quequen.jpeg\"><img loading=\"lazy\" decoding=\"async\" class=\"aligncenter size-full wp-image-102538\" src=\"https:\/\/primicias2262.com\/noticias\/wp-content\/uploads\/2023\/08\/03-08-FOTO-Acto-Aniversario-Quequen.jpeg\" alt=\"\" width=\"1600\" height=\"1066\" srcset=\"https:\/\/primicias2262.com\/noticias\/wp-content\/uploads\/2023\/08\/03-08-FOTO-Acto-Aniversario-Quequen.jpeg 1600w, https:\/\/primicias2262.com\/noticias\/wp-content\/uploads\/2023\/08\/03-08-FOTO-Acto-Aniversario-Quequen-300x200.jpeg 300w, https:\/\/primicias2262.com\/noticias\/wp-content\/uploads\/2023\/08\/03-08-FOTO-Acto-Aniversario-Quequen-1024x682.jpeg 1024w, https:\/\/primicias2262.com\/noticias\/wp-content\/uploads\/2023\/08\/03-08-FOTO-Acto-Aniversario-Quequen-768x512.jpeg 768w, https:\/\/primicias2262.com\/noticias\/wp-content\/uploads\/2023\/08\/03-08-FOTO-Acto-Aniversario-Quequen-1536x1023.jpeg 1536w, https:\/\/primicias2262.com\/noticias\/wp-content\/uploads\/2023\/08\/03-08-FOTO-Acto-Aniversario-Quequen-150x100.jpeg 150w, https:\/\/primicias2262.com\/noticias\/wp-content\/uploads\/2023\/08\/03-08-FOTO-Acto-Aniversario-Quequen-696x464.jpeg 696w, https:\/\/primicias2262.com\/noticias\/wp-content\/uploads\/2023\/08\/03-08-FOTO-Acto-Aniversario-Quequen-1068x712.jpeg 1068w\" sizes=\"auto, (max-width: 1600px) 100vw, 1600px\" \/><\/a>Luego de la misa en la Capilla de Nuestra Se\u00f1ora de la Merced, la ceremonia protocolar comenz\u00f3 con el ingreso de las banderas de las instituciones educativas e intermedias que acompa\u00f1aron la soleada jornada conmemorativa, la cual sigui\u00f3 con las estrofas del Himno Nacional Argentino y luego tuvo las palabras alusivas del delegado municipal, Mario Wilgenhoff; del reconocido artista quequenense, Nicasio D\u00edaz Llanos -quien realiz\u00f3 una rese\u00f1a hist\u00f3rica-; y el mensaje del Intendente municipal.<\/p>\n<p>A su turno, Arturo Rojas record\u00f3 precisamente \u201ca aquellos pioneros que lucharon y en el a\u00f1o 1854 fueron a pedir a la ballenera la fundaci\u00f3n de esta querida localidad\u201d, para valorar a la vez \u201cel profundo sentido de pertenencia y el gran esp\u00edritu de lucha de los quequenenses a lo largo de la historia\u201d.<\/p>\n<p>\u201cSin lugar a dudas hay cuestiones que todav\u00eda requieren de decisiones pol\u00edticas de diferentes \u00a0\u00e1mbitos que tiene que ver con lograr una reparaci\u00f3n hist\u00f3rica de Quequ\u00e9n\u201d, subray\u00f3 el Intendente, y sobre ese concepto profundiz\u00f3 que \u201ccada uno desde nuestro lugar tenemos que hacer el mayor de los esfuerzos para lograr esa famosa reparaci\u00f3n, y la forma de salir adelante y mirar hacia el futuro es hacerlo sin mezquindades pol\u00edticas y en conjunto con todas las fueras pol\u00edticas, bregando y gestionando ante el gobierno provincial y nacional\u201d, como asimismo \u201ccon un trabajo absolutamente articulado con todas las instituciones: educativas e intermedias\u201d.<\/p>\n<p><a href=\"https:\/\/primicias2262.com\/noticias\/wp-content\/uploads\/2023\/08\/03-08-FOTO-Acto-Aniversario-Quequen2.jpeg\"><img loading=\"lazy\" decoding=\"async\" class=\"aligncenter size-full wp-image-102539\" src=\"https:\/\/primicias2262.com\/noticias\/wp-content\/uploads\/2023\/08\/03-08-FOTO-Acto-Aniversario-Quequen2.jpeg\" alt=\"\" width=\"1600\" height=\"1066\" srcset=\"https:\/\/primicias2262.com\/noticias\/wp-content\/uploads\/2023\/08\/03-08-FOTO-Acto-Aniversario-Quequen2.jpeg 1600w, https:\/\/primicias2262.com\/noticias\/wp-content\/uploads\/2023\/08\/03-08-FOTO-Acto-Aniversario-Quequen2-300x200.jpeg 300w, https:\/\/primicias2262.com\/noticias\/wp-content\/uploads\/2023\/08\/03-08-FOTO-Acto-Aniversario-Quequen2-1024x682.jpeg 1024w, https:\/\/primicias2262.com\/noticias\/wp-content\/uploads\/2023\/08\/03-08-FOTO-Acto-Aniversario-Quequen2-768x512.jpeg 768w, https:\/\/primicias2262.com\/noticias\/wp-content\/uploads\/2023\/08\/03-08-FOTO-Acto-Aniversario-Quequen2-1536x1023.jpeg 1536w, https:\/\/primicias2262.com\/noticias\/wp-content\/uploads\/2023\/08\/03-08-FOTO-Acto-Aniversario-Quequen2-150x100.jpeg 150w, https:\/\/primicias2262.com\/noticias\/wp-content\/uploads\/2023\/08\/03-08-FOTO-Acto-Aniversario-Quequen2-696x464.jpeg 696w, https:\/\/primicias2262.com\/noticias\/wp-content\/uploads\/2023\/08\/03-08-FOTO-Acto-Aniversario-Quequen2-1068x712.jpeg 1068w\" sizes=\"auto, (max-width: 1600px) 100vw, 1600px\" \/><\/a>Luego, Rojas manifest\u00f3 que \u201cen tiempos de crisis en cuando m\u00e1s tenemos que poner el coraz\u00f3n y ser solidarios con el vecino que la est\u00e1 pasando mal y poder trabajar en conjunto para devolverle la dignidad a muchos de los barrios que reclaman obras hist\u00f3ricas\u201d, y seguidamente puso al Puerto y la Playa Municipal de Camiones como ejemplo.<\/p>\n<p>En primer t\u00e9rmino, rememor\u00f3 de su etapa como presidente Consorcio de Gesti\u00f3n de Puerto Quequ\u00e9n que \u201cnuestro puerto durante muchos a\u00f1os fue catalogado como uno de los puertos m\u00e1s conflictivos y sucios de la Rep\u00fablica Argentina, y ese mote ten\u00eda que ver principalmente con que en gran parte del a\u00f1o se encontraba cerrado por cuestiones de oleaje y por falta de profundidad, pero con un trabajo articulado y serio con todos los sectores logramos que hoy el Puerto Quequ\u00e9n sea el m\u00e1s profundo del pa\u00eds, y eso nos llena de orgullo\u201d.<\/p>\n<div id='gallery-1' class='gallery galleryid-102531 gallery-columns-2 gallery-size-medium'><figure class='gallery-item'>\n\t\t\t<div class='gallery-icon landscape'>\n\t\t\t\t<a href='https:\/\/primicias2262.com\/noticias\/quequen-cumplio-169-anos-y-el-intendente-hizo-un-fuerte-llamado-a-trabajar-en-union-por-la-ciudad\/03-08-foto-acto-aniversario-quequen3\/'><img loading=\"lazy\" decoding=\"async\" width=\"300\" height=\"200\" src=\"https:\/\/primicias2262.com\/noticias\/wp-content\/uploads\/2023\/08\/03-08-FOTO-Acto-Aniversario-Quequen3-300x200.jpeg\" class=\"attachment-medium size-medium\" alt=\"\" srcset=\"https:\/\/primicias2262.com\/noticias\/wp-content\/uploads\/2023\/08\/03-08-FOTO-Acto-Aniversario-Quequen3-300x200.jpeg 300w, https:\/\/primicias2262.com\/noticias\/wp-content\/uploads\/2023\/08\/03-08-FOTO-Acto-Aniversario-Quequen3-1024x682.jpeg 1024w, https:\/\/primicias2262.com\/noticias\/wp-content\/uploads\/2023\/08\/03-08-FOTO-Acto-Aniversario-Quequen3-768x512.jpeg 768w, https:\/\/primicias2262.com\/noticias\/wp-content\/uploads\/2023\/08\/03-08-FOTO-Acto-Aniversario-Quequen3-1536x1023.jpeg 1536w, https:\/\/primicias2262.com\/noticias\/wp-content\/uploads\/2023\/08\/03-08-FOTO-Acto-Aniversario-Quequen3-150x100.jpeg 150w, https:\/\/primicias2262.com\/noticias\/wp-content\/uploads\/2023\/08\/03-08-FOTO-Acto-Aniversario-Quequen3-696x464.jpeg 696w, https:\/\/primicias2262.com\/noticias\/wp-content\/uploads\/2023\/08\/03-08-FOTO-Acto-Aniversario-Quequen3-1068x712.jpeg 1068w, https:\/\/primicias2262.com\/noticias\/wp-content\/uploads\/2023\/08\/03-08-FOTO-Acto-Aniversario-Quequen3.jpeg 1600w\" sizes=\"auto, (max-width: 300px) 100vw, 300px\" \/><\/a>\n\t\t\t<\/div><\/figure><figure class='gallery-item'>\n\t\t\t<div class='gallery-icon landscape'>\n\t\t\t\t<a href='https:\/\/primicias2262.com\/noticias\/quequen-cumplio-169-anos-y-el-intendente-hizo-un-fuerte-llamado-a-trabajar-en-union-por-la-ciudad\/03-08-foto-acto-aiversario-quequen4\/'><img loading=\"lazy\" decoding=\"async\" width=\"300\" height=\"200\" src=\"https:\/\/primicias2262.com\/noticias\/wp-content\/uploads\/2023\/08\/03-08-FOTO-Acto-Aiversario-Quequen4-300x200.jpeg\" class=\"attachment-medium size-medium\" alt=\"\" srcset=\"https:\/\/primicias2262.com\/noticias\/wp-content\/uploads\/2023\/08\/03-08-FOTO-Acto-Aiversario-Quequen4-300x200.jpeg 300w, https:\/\/primicias2262.com\/noticias\/wp-content\/uploads\/2023\/08\/03-08-FOTO-Acto-Aiversario-Quequen4-1024x682.jpeg 1024w, https:\/\/primicias2262.com\/noticias\/wp-content\/uploads\/2023\/08\/03-08-FOTO-Acto-Aiversario-Quequen4-768x512.jpeg 768w, https:\/\/primicias2262.com\/noticias\/wp-content\/uploads\/2023\/08\/03-08-FOTO-Acto-Aiversario-Quequen4-1536x1023.jpeg 1536w, https:\/\/primicias2262.com\/noticias\/wp-content\/uploads\/2023\/08\/03-08-FOTO-Acto-Aiversario-Quequen4-150x100.jpeg 150w, https:\/\/primicias2262.com\/noticias\/wp-content\/uploads\/2023\/08\/03-08-FOTO-Acto-Aiversario-Quequen4-696x464.jpeg 696w, https:\/\/primicias2262.com\/noticias\/wp-content\/uploads\/2023\/08\/03-08-FOTO-Acto-Aiversario-Quequen4-1068x712.jpeg 1068w, https:\/\/primicias2262.com\/noticias\/wp-content\/uploads\/2023\/08\/03-08-FOTO-Acto-Aiversario-Quequen4.jpeg 1600w\" sizes=\"auto, (max-width: 300px) 100vw, 300px\" \/><\/a>\n\t\t\t<\/div><\/figure>\n\t\t<\/div>\n\n<p>En consecuencia, \u201ctener el puerto m\u00e1s profundo genera un puerto m\u00e1s previsible, el cual est\u00e1 abierto pr\u00e1cticamente los 365 d\u00edas del a\u00f1o, generando much\u00edsimas fuentes de trabajo, y eso mueve la econom\u00eda y permite que haya muchos transportistas quequenenses que viven de su activad gracias a tener un puerto activo todo el a\u00f1o\u201d, argument\u00f3.<\/p>\n<p>Es por ello que llam\u00f3 a \u201cpararnos en objetivos en com\u00fan para seguir avanzando\u201d, ya que \u201clos cambios profundos no son de un d\u00eda para otro, llevan tiempo y se tienen que trabajar\u00a0 de manera articulada\u201d, y all\u00ed fue cuando empalm\u00f3 con el proyecto de la Playa de Camiones y el futuro parque industrial.<\/p>\n<p>\u201cHace un a\u00f1o y medio logramos la aprobaci\u00f3n de un parque industrial en el sector donde tenemos la Playa Municipal de Camiones, sobre la que tenemos otro gran mote hist\u00f3rico, ya que e un lugar conocido como \u201cel Chiquero\u201d, que no por nada se denomina as\u00ed, pero hace dos a\u00f1os comenzamos a presentar en el Ministerio de Transporte de la Naci\u00f3n un proyecto para poner en valor y consolidar esas 22 hect\u00e1reas de las cuales actualmente solo utilizamos 10 para la playa de camiones, y esto lo hicimos tambi\u00e9n sin mezquindad pol\u00edtica\u201d.<\/p>\n<p><a href=\"https:\/\/primicias2262.com\/noticias\/wp-content\/uploads\/2023\/08\/03-08-FOTO-Rojas-Acto-Aniversario-Quequen.jpeg\"><img loading=\"lazy\" decoding=\"async\" class=\"aligncenter size-full wp-image-102542\" src=\"https:\/\/primicias2262.com\/noticias\/wp-content\/uploads\/2023\/08\/03-08-FOTO-Rojas-Acto-Aniversario-Quequen.jpeg\" alt=\"\" width=\"1600\" height=\"1066\" srcset=\"https:\/\/primicias2262.com\/noticias\/wp-content\/uploads\/2023\/08\/03-08-FOTO-Rojas-Acto-Aniversario-Quequen.jpeg 1600w, https:\/\/primicias2262.com\/noticias\/wp-content\/uploads\/2023\/08\/03-08-FOTO-Rojas-Acto-Aniversario-Quequen-300x200.jpeg 300w, https:\/\/primicias2262.com\/noticias\/wp-content\/uploads\/2023\/08\/03-08-FOTO-Rojas-Acto-Aniversario-Quequen-1024x682.jpeg 1024w, https:\/\/primicias2262.com\/noticias\/wp-content\/uploads\/2023\/08\/03-08-FOTO-Rojas-Acto-Aniversario-Quequen-768x512.jpeg 768w, https:\/\/primicias2262.com\/noticias\/wp-content\/uploads\/2023\/08\/03-08-FOTO-Rojas-Acto-Aniversario-Quequen-1536x1023.jpeg 1536w, https:\/\/primicias2262.com\/noticias\/wp-content\/uploads\/2023\/08\/03-08-FOTO-Rojas-Acto-Aniversario-Quequen-150x100.jpeg 150w, https:\/\/primicias2262.com\/noticias\/wp-content\/uploads\/2023\/08\/03-08-FOTO-Rojas-Acto-Aniversario-Quequen-696x464.jpeg 696w, https:\/\/primicias2262.com\/noticias\/wp-content\/uploads\/2023\/08\/03-08-FOTO-Rojas-Acto-Aniversario-Quequen-1068x712.jpeg 1068w\" sizes=\"auto, (max-width: 1600px) 100vw, 1600px\" \/><\/a>En ese sentido, Rojas subray\u00f3 que \u201clogramos la aprobaci\u00f3n con la exdiputada Jimena L\u00f3pez, actualmente secretar\u00eda del Ministerio de Transporte de la Naci\u00f3n, con quien firmamos un convenio, hicimos la licitaci\u00f3n, se le pag\u00f3 a la empresa y hoy comenz\u00f3 una obra hist\u00f3rica para que los trasportistas tengan condiciones dignas y para que sea el primer paso para radicar a nuestras industrias en ese parque industrial que logramos aprobar hace un a\u00f1o y medio\u201d.<\/p>\n<p>A continuaci\u00f3n, el Intendente no dej\u00f3 de soslayar las acciones para \u201cdevolverle la dignidad a los vecinos\u201d, resaltando que \u201chemos trabajado en forma articulada con la Naci\u00f3n, yendo a buscar fondos para barrios enteros de Quequ\u00e9n que hac\u00eda m\u00e1s de 40 a\u00f1os que estaban reclamando las cloacas, como el de Estaci\u00f3n Quequ\u00e9n, y en algunos lugares con\u00a0 agua potable de manera clandestina porque el Estado Municipal no hab\u00eda llegado con la ca\u00f1er\u00eda oficial, y eso es devolverle la dignidad a los vecinos porque estamos hablando de obras b\u00e1sicas, como agua, cloaca e iluminaci\u00f3n en los accesos a los barrios y en cada una de las avenidas, o la recuperaci\u00f3n de los espacios p\u00fablicos para que las familias y los chicos puedan disfrutar las plazas como corresponde\u201d.<\/p>\n<p>\u201cPor supuesto que falta much\u00edsimo, pero la forma no es ech\u00e1ndonos las culpas unos a otros ni viendo lo que qued\u00f3 pendiente atr\u00e1s, sino que es poni\u00e9ndonos codo a codo para empezar a reparar esa cuesti\u00f3n hist\u00f3rica de Quequ\u00e9n\u201d, pronunci\u00f3 cerca del final de su discurso el Intendente, para concluir dando cuenta de los operativos itinerantes de cercan\u00eda con los vecinos que se vienen manteniendo con la Oficina M\u00f3vil y que deber\u00edan permanecer en el tiempo.<\/p>\n<p><a href=\"https:\/\/primicias2262.com\/noticias\/wp-content\/uploads\/2023\/08\/03-08-FOTO-misa-Aniversario-Quequen.jpeg\"><img loading=\"lazy\" decoding=\"async\" class=\"aligncenter size-full wp-image-102541\" src=\"https:\/\/primicias2262.com\/noticias\/wp-content\/uploads\/2023\/08\/03-08-FOTO-misa-Aniversario-Quequen.jpeg\" alt=\"\" width=\"1600\" height=\"1066\" srcset=\"https:\/\/primicias2262.com\/noticias\/wp-content\/uploads\/2023\/08\/03-08-FOTO-misa-Aniversario-Quequen.jpeg 1600w, https:\/\/primicias2262.com\/noticias\/wp-content\/uploads\/2023\/08\/03-08-FOTO-misa-Aniversario-Quequen-300x200.jpeg 300w, https:\/\/primicias2262.com\/noticias\/wp-content\/uploads\/2023\/08\/03-08-FOTO-misa-Aniversario-Quequen-1024x682.jpeg 1024w, https:\/\/primicias2262.com\/noticias\/wp-content\/uploads\/2023\/08\/03-08-FOTO-misa-Aniversario-Quequen-768x512.jpeg 768w, https:\/\/primicias2262.com\/noticias\/wp-content\/uploads\/2023\/08\/03-08-FOTO-misa-Aniversario-Quequen-1536x1023.jpeg 1536w, https:\/\/primicias2262.com\/noticias\/wp-content\/uploads\/2023\/08\/03-08-FOTO-misa-Aniversario-Quequen-150x100.jpeg 150w, https:\/\/primicias2262.com\/noticias\/wp-content\/uploads\/2023\/08\/03-08-FOTO-misa-Aniversario-Quequen-696x464.jpeg 696w, https:\/\/primicias2262.com\/noticias\/wp-content\/uploads\/2023\/08\/03-08-FOTO-misa-Aniversario-Quequen-1068x712.jpeg 1068w\" sizes=\"auto, (max-width: 1600px) 100vw, 1600px\" \/><\/a>\u201cOtra de las cosas que hacemos todas las semanas y que va a marcar un antes y un despu\u00e9s para los pr\u00f3ximos gobiernos municipales, es dar la cara en un barrio diferente donde est\u00e1n los problemas\u2026 en Necochea, Quequ\u00e9n y el interior, con parte de mi equipo escuchamos la problem\u00e1tica de los vecinos y proyectamos lo que nos falta por hacer, y el d\u00eda que la gente elija a otro gobierno municipal estoy seguro que este camino de ir con la Oficina M\u00f3vil a cada barrio a decir la verdad no van a poder dejar de hacerlo, sino que van a tener que estar escuchando a los vecinos como corresponde, porque a los que nos eligen somos los empleados n\u00ba 1 de los vecinos y tenemos que rendir detalle de cada uno de los actos de gobierno\u201d, concluy\u00f3.<\/p>\n<p>En su despedida, el Intendente invit\u00f3 a los presentes y a los vecinos de toda la comunidad a festejar los 169 a\u00f1os de Quequ\u00e9n desde este viernes 4 al domingo 6 en la Plaza \u201cHip\u00f3lito Yrigoyen\u201d, frente a la Delegaci\u00f3n Municipal, bajo el siguiente cronograma:<\/p>\n<div id='gallery-2' class='gallery galleryid-102531 gallery-columns-2 gallery-size-medium'><figure class='gallery-item'>\n\t\t\t<div class='gallery-icon portrait'>\n\t\t\t\t<a href='https:\/\/primicias2262.com\/noticias\/en-2019-dijimos-que-ibamos-hacia-una-nueva-necochea-y-hoy-lo-estamos-concretando-con-hechos\/placa-aniversario-quequen-viernes\/'><img loading=\"lazy\" decoding=\"async\" width=\"240\" height=\"300\" src=\"https:\/\/primicias2262.com\/noticias\/wp-content\/uploads\/2023\/07\/PLACA-Aniversario-Quequen-viernes-240x300.jpeg\" class=\"attachment-medium size-medium\" alt=\"\" srcset=\"https:\/\/primicias2262.com\/noticias\/wp-content\/uploads\/2023\/07\/PLACA-Aniversario-Quequen-viernes-240x300.jpeg 240w, https:\/\/primicias2262.com\/noticias\/wp-content\/uploads\/2023\/07\/PLACA-Aniversario-Quequen-viernes-819x1024.jpeg 819w, https:\/\/primicias2262.com\/noticias\/wp-content\/uploads\/2023\/07\/PLACA-Aniversario-Quequen-viernes-768x960.jpeg 768w, https:\/\/primicias2262.com\/noticias\/wp-content\/uploads\/2023\/07\/PLACA-Aniversario-Quequen-viernes-1229x1536.jpeg 1229w, https:\/\/primicias2262.com\/noticias\/wp-content\/uploads\/2023\/07\/PLACA-Aniversario-Quequen-viernes-150x188.jpeg 150w, https:\/\/primicias2262.com\/noticias\/wp-content\/uploads\/2023\/07\/PLACA-Aniversario-Quequen-viernes-300x375.jpeg 300w, https:\/\/primicias2262.com\/noticias\/wp-content\/uploads\/2023\/07\/PLACA-Aniversario-Quequen-viernes-696x870.jpeg 696w, https:\/\/primicias2262.com\/noticias\/wp-content\/uploads\/2023\/07\/PLACA-Aniversario-Quequen-viernes-1068x1335.jpeg 1068w, https:\/\/primicias2262.com\/noticias\/wp-content\/uploads\/2023\/07\/PLACA-Aniversario-Quequen-viernes.jpeg 1280w\" sizes=\"auto, (max-width: 240px) 100vw, 240px\" \/><\/a>\n\t\t\t<\/div><\/figure><figure class='gallery-item'>\n\t\t\t<div class='gallery-icon portrait'>\n\t\t\t\t<a href='https:\/\/primicias2262.com\/noticias\/en-2019-dijimos-que-ibamos-hacia-una-nueva-necochea-y-hoy-lo-estamos-concretando-con-hechos\/placa-aniversario-quequen-sabado\/'><img loading=\"lazy\" decoding=\"async\" width=\"240\" height=\"300\" src=\"https:\/\/primicias2262.com\/noticias\/wp-content\/uploads\/2023\/07\/PLACA-Aniversario-Quequen-sabado-240x300.jpeg\" class=\"attachment-medium size-medium\" alt=\"\" srcset=\"https:\/\/primicias2262.com\/noticias\/wp-content\/uploads\/2023\/07\/PLACA-Aniversario-Quequen-sabado-240x300.jpeg 240w, https:\/\/primicias2262.com\/noticias\/wp-content\/uploads\/2023\/07\/PLACA-Aniversario-Quequen-sabado-819x1024.jpeg 819w, https:\/\/primicias2262.com\/noticias\/wp-content\/uploads\/2023\/07\/PLACA-Aniversario-Quequen-sabado-768x960.jpeg 768w, https:\/\/primicias2262.com\/noticias\/wp-content\/uploads\/2023\/07\/PLACA-Aniversario-Quequen-sabado-1229x1536.jpeg 1229w, https:\/\/primicias2262.com\/noticias\/wp-content\/uploads\/2023\/07\/PLACA-Aniversario-Quequen-sabado-150x188.jpeg 150w, https:\/\/primicias2262.com\/noticias\/wp-content\/uploads\/2023\/07\/PLACA-Aniversario-Quequen-sabado-300x375.jpeg 300w, https:\/\/primicias2262.com\/noticias\/wp-content\/uploads\/2023\/07\/PLACA-Aniversario-Quequen-sabado-696x870.jpeg 696w, https:\/\/primicias2262.com\/noticias\/wp-content\/uploads\/2023\/07\/PLACA-Aniversario-Quequen-sabado-1068x1335.jpeg 1068w, https:\/\/primicias2262.com\/noticias\/wp-content\/uploads\/2023\/07\/PLACA-Aniversario-Quequen-sabado.jpeg 1280w\" sizes=\"auto, (max-width: 240px) 100vw, 240px\" \/><\/a>\n\t\t\t<\/div><\/figure>\n\t\t<\/div>\n\n<div id='gallery-3' class='gallery galleryid-102531 gallery-columns-2 gallery-size-medium'><figure class='gallery-item'>\n\t\t\t<div class='gallery-icon landscape'>\n\t\t\t\t<a href='https:\/\/primicias2262.com\/noticias\/variada-agenda-de-shows-y-artistas-se-anuncia-por-el-169o-aniversario-de-quequen\/placa-desfile-aniversario-quequen\/'><img loading=\"lazy\" decoding=\"async\" width=\"300\" height=\"300\" src=\"https:\/\/primicias2262.com\/noticias\/wp-content\/uploads\/2023\/07\/PLACA-Desfile-Aniversario-Quequen-300x300.jpeg\" class=\"attachment-medium size-medium\" alt=\"\" srcset=\"https:\/\/primicias2262.com\/noticias\/wp-content\/uploads\/2023\/07\/PLACA-Desfile-Aniversario-Quequen-300x300.jpeg 300w, https:\/\/primicias2262.com\/noticias\/wp-content\/uploads\/2023\/07\/PLACA-Desfile-Aniversario-Quequen-1024x1024.jpeg 1024w, https:\/\/primicias2262.com\/noticias\/wp-content\/uploads\/2023\/07\/PLACA-Desfile-Aniversario-Quequen-150x150.jpeg 150w, https:\/\/primicias2262.com\/noticias\/wp-content\/uploads\/2023\/07\/PLACA-Desfile-Aniversario-Quequen-768x768.jpeg 768w, https:\/\/primicias2262.com\/noticias\/wp-content\/uploads\/2023\/07\/PLACA-Desfile-Aniversario-Quequen-1536x1536.jpeg 1536w, https:\/\/primicias2262.com\/noticias\/wp-content\/uploads\/2023\/07\/PLACA-Desfile-Aniversario-Quequen-696x696.jpeg 696w, https:\/\/primicias2262.com\/noticias\/wp-content\/uploads\/2023\/07\/PLACA-Desfile-Aniversario-Quequen-1068x1068.jpeg 1068w, https:\/\/primicias2262.com\/noticias\/wp-content\/uploads\/2023\/07\/PLACA-Desfile-Aniversario-Quequen.jpeg 1600w\" sizes=\"auto, (max-width: 300px) 100vw, 300px\" \/><\/a>\n\t\t\t<\/div><\/figure><figure class='gallery-item'>\n\t\t\t<div class='gallery-icon portrait'>\n\t\t\t\t<a href='https:\/\/primicias2262.com\/noticias\/en-2019-dijimos-que-ibamos-hacia-una-nueva-necochea-y-hoy-lo-estamos-concretando-con-hechos\/placa-aniversario-quequen-domingo\/'><img loading=\"lazy\" decoding=\"async\" width=\"240\" height=\"300\" src=\"https:\/\/primicias2262.com\/noticias\/wp-content\/uploads\/2023\/07\/PLACA-Aniversario-Quequen-domingo-240x300.jpeg\" class=\"attachment-medium size-medium\" alt=\"\" srcset=\"https:\/\/primicias2262.com\/noticias\/wp-content\/uploads\/2023\/07\/PLACA-Aniversario-Quequen-domingo-240x300.jpeg 240w, https:\/\/primicias2262.com\/noticias\/wp-content\/uploads\/2023\/07\/PLACA-Aniversario-Quequen-domingo-819x1024.jpeg 819w, https:\/\/primicias2262.com\/noticias\/wp-content\/uploads\/2023\/07\/PLACA-Aniversario-Quequen-domingo-768x960.jpeg 768w, https:\/\/primicias2262.com\/noticias\/wp-content\/uploads\/2023\/07\/PLACA-Aniversario-Quequen-domingo-1229x1536.jpeg 1229w, https:\/\/primicias2262.com\/noticias\/wp-content\/uploads\/2023\/07\/PLACA-Aniversario-Quequen-domingo-150x188.jpeg 150w, https:\/\/primicias2262.com\/noticias\/wp-content\/uploads\/2023\/07\/PLACA-Aniversario-Quequen-domingo-300x375.jpeg 300w, https:\/\/primicias2262.com\/noticias\/wp-content\/uploads\/2023\/07\/PLACA-Aniversario-Quequen-domingo-696x870.jpeg 696w, https:\/\/primicias2262.com\/noticias\/wp-content\/uploads\/2023\/07\/PLACA-Aniversario-Quequen-domingo-1068x1335.jpeg 1068w, https:\/\/primicias2262.com\/noticias\/wp-content\/uploads\/2023\/07\/PLACA-Aniversario-Quequen-domingo.jpeg 1280w\" sizes=\"auto, (max-width: 240px) 100vw, 240px\" \/><\/a>\n\t\t\t<\/div><\/figure>\n\t\t<\/div>\n\n","protected":false},"excerpt":{"rendered":"<p>En el acto por el 169\u00ba Aniversario de Quequ\u00e9n, Arturo Rojas valor\u00f3 la lucha de los pioneros que forjaron la fundaci\u00f3n de la ciudad y asegur\u00f3 que la forma de progresar no es echarse las culpas uno a otro ni mirar el pasado, sino ponerse codo a codo para \u201creparar una cuesti\u00f3n hist\u00f3rica\u201d. Este jueves [&hellip;]<\/p>\n","protected":false},"author":3,"featured_media":102543,"comment_status":"open","ping_status":"open","sticky":false,"template":"","format":"standard","meta":{"footnotes":""},"categories":[3],"tags":[],"class_list":["post-102531","post","type-post","status-publish","format-standard","has-post-thumbnail","category-masnoticias"],"_links":{"self":[{"href":"https:\/\/primicias2262.com\/noticias\/wp-json\/wp\/v2\/posts\/102531","targetHints":{"allow":["GET"]}}],"collection":[{"href":"https:\/\/primicias2262.com\/noticias\/wp-json\/wp\/v2\/posts"}],"about":[{"href":"https:\/\/primicias2262.com\/noticias\/wp-json\/wp\/v2\/types\/post"}],"author":[{"embeddable":true,"href":"https:\/\/primicias2262.com\/noticias\/wp-json\/wp\/v2\/users\/3"}],"replies":[{"embeddable":true,"href":"https:\/\/primicias2262.com\/noticias\/wp-json\/wp\/v2\/comments?post=102531"}],"version-history":[{"count":2,"href":"https:\/\/primicias2262.com\/noticias\/wp-json\/wp\/v2\/posts\/102531\/revisions"}],"predecessor-version":[{"id":102549,"href":"https:\/\/primicias2262.com\/noticias\/wp-json\/wp\/v2\/posts\/102531\/revisions\/102549"}],"wp:featuredmedia":[{"embeddable":true,"href":"https:\/\/primicias2262.com\/noticias\/wp-json\/wp\/v2\/media\/102543"}],"wp:attachment":[{"href":"https:\/\/primicias2262.com\/noticias\/wp-json\/wp\/v2\/media?parent=102531"}],"wp:term":[{"taxonomy":"category","embeddable":true,"href":"https:\/\/primicias2262.com\/noticias\/wp-json\/wp\/v2\/categories?post=102531"},{"taxonomy":"post_tag","embeddable":true,"href":"https:\/\/primicias2262.com\/noticias\/wp-json\/wp\/v2\/tags?post=102531"}],"curies":[{"name":"wp","href":"https:\/\/api.w.org\/{rel}","templated":true}]}}