{"id":102551,"date":"2023-08-04T13:33:29","date_gmt":"2023-08-04T13:33:29","guid":{"rendered":"https:\/\/primicias2262.com\/noticias\/?p=102551"},"modified":"2023-08-05T21:49:09","modified_gmt":"2023-08-05T21:49:09","slug":"pami-se-aceptan-recetas-manuales-hasta-que-se-restablezca-el-servicio-electronico-afectado-por-un-ciberataque","status":"publish","type":"post","link":"https:\/\/primicias2262.com\/noticias\/pami-se-aceptan-recetas-manuales-hasta-que-se-restablezca-el-servicio-electronico-afectado-por-un-ciberataque\/","title":{"rendered":"PAMI: se aceptan recetas manuales hasta que se restablezca el servicio electr\u00f3nico afectado por un ciberataque"},"content":{"rendered":"<p><strong>As\u00ed lo confirm\u00f3 este viernes por la ma\u00f1ana en \u201cVoces de la Ciudad\u201d el titular local de PAMI, Gerardo Dur\u00e1n, afirmando que se autoriza temporalmente el uso de recetas m\u00e9dicas en papel.<\/strong><\/p>\n<p>Tras la consulta del caso por parte del periodista Jorge G\u00f3mez, Dur\u00e1n especific\u00f3 que \u201cel instituto fue v\u00edctima de un ciberataque, por lo tanto hemos quedado sin sistema en todo PAMI a nivel nacional y hemos aplicado un protocolo de contingencia como para garantizar la atenci\u00f3n de los m\u00e9dicos, hospitales y cl\u00ednicas, y desde ya la dispensa de medicamentos en las farmacias, que es lo que m\u00e1s le preocupa a los afiliados\u201d.<\/p>\n<p>Agreg\u00f3 al instante que \u201cfue un hackeo que dej\u00f3 sin funci\u00f3n las distintas plataformas que tiene el instituto, as\u00ed que estamos trabajando sin sistema y las farmacias est\u00e1n aceptando las recetas de manera manual provisoriamente hasta que se restablezcan los servicios con normalidad y volvamos a la electr\u00f3nica como lo ven\u00edamos haciendo hasta este ataque\u201d.<\/p>\n<figure id=\"attachment_102552\" aria-describedby=\"caption-attachment-102552\" style=\"width: 850px\" class=\"wp-caption aligncenter\"><a href=\"https:\/\/primicias2262.com\/noticias\/wp-content\/uploads\/2023\/08\/gerardo-duran-pami.jpg\"><img loading=\"lazy\" decoding=\"async\" class=\"size-full wp-image-102552\" src=\"https:\/\/primicias2262.com\/noticias\/wp-content\/uploads\/2023\/08\/gerardo-duran-pami.jpg\" alt=\"\" width=\"850\" height=\"522\" srcset=\"https:\/\/primicias2262.com\/noticias\/wp-content\/uploads\/2023\/08\/gerardo-duran-pami.jpg 850w, https:\/\/primicias2262.com\/noticias\/wp-content\/uploads\/2023\/08\/gerardo-duran-pami-300x184.jpg 300w, https:\/\/primicias2262.com\/noticias\/wp-content\/uploads\/2023\/08\/gerardo-duran-pami-768x472.jpg 768w, https:\/\/primicias2262.com\/noticias\/wp-content\/uploads\/2023\/08\/gerardo-duran-pami-150x92.jpg 150w, https:\/\/primicias2262.com\/noticias\/wp-content\/uploads\/2023\/08\/gerardo-duran-pami-696x427.jpg 696w\" sizes=\"auto, (max-width: 850px) 100vw, 850px\" \/><\/a><figcaption id=\"caption-attachment-102552\" class=\"wp-caption-text\">Gerardo Dur\u00e1n, titular PAMI Necochea<\/figcaption><\/figure>\n<p><strong>Comunicado oficial de PAMI<\/strong><\/p>\n<p>\u201cLa atenci\u00f3n m\u00e9dica debe continuar con normalidad\u201d, afirmaron desde la entidad central.<\/p>\n<p>Luego de haber sufrido un ciberataque en sus sistemas, el PAMI autoriz\u00f3 de forma temporal el uso de recetas m\u00e9dicas en papel.<\/p>\n<p>En un comunicado oficial, la obra social de jubilados y pensionados garantiz\u00f3 el acceso a los medicamentos y prestaciones de sus afiliados.<\/p>\n<p>\u201cNuestro equipo t\u00e9cnico est\u00e1 trabajando para restablecer la funcionalidad completa de nuestros sistemas, mientras tanto hemos establecido medidas para garantizar el acceso a las prestaciones y a los medicamentos\u201d, comunicaron.<\/p>\n<p>En tanto aclararon que el hackeo \u201cha sido mitigado y la base de datos con toda la informaci\u00f3n de nuestros afiliados se encuentra resguardada y protegida\u201d.<\/p>\n<p>Con respecto a las \u00f3rdenes m\u00e9dicas y recetas, se realizar\u00e1n en formato papel y aclararon que tendr\u00e1n vigencia \u201cmientras dure la contingencia\u201d. Las consultas m\u00e9dicas, pr\u00e1cticas y derivaciones contin\u00faan con normalidad, aclararon en PAMI.<\/p>\n<p>La obra social de jubilados y pensionados aclar\u00f3 que el ciberataque \u201cha sido mitigado y la base de datos con toda la informaci\u00f3n de nuestros afiliados se encuentra resguardada y protegida\u201d.<\/p>\n","protected":false},"excerpt":{"rendered":"<p>As\u00ed lo confirm\u00f3 este viernes por la ma\u00f1ana en \u201cVoces de la Ciudad\u201d el titular local de PAMI, Gerardo Dur\u00e1n, afirmando que se autoriza temporalmente el uso de recetas m\u00e9dicas en papel. Tras la consulta del caso por parte del periodista Jorge G\u00f3mez, Dur\u00e1n especific\u00f3 que \u201cel instituto fue v\u00edctima de un ciberataque, por lo [&hellip;]<\/p>\n","protected":false},"author":3,"featured_media":102553,"comment_status":"open","ping_status":"open","sticky":false,"template":"","format":"standard","meta":{"footnotes":""},"categories":[3],"tags":[],"class_list":["post-102551","post","type-post","status-publish","format-standard","has-post-thumbnail","category-masnoticias"],"_links":{"self":[{"href":"https:\/\/primicias2262.com\/noticias\/wp-json\/wp\/v2\/posts\/102551","targetHints":{"allow":["GET"]}}],"collection":[{"href":"https:\/\/primicias2262.com\/noticias\/wp-json\/wp\/v2\/posts"}],"about":[{"href":"https:\/\/primicias2262.com\/noticias\/wp-json\/wp\/v2\/types\/post"}],"author":[{"embeddable":true,"href":"https:\/\/primicias2262.com\/noticias\/wp-json\/wp\/v2\/users\/3"}],"replies":[{"embeddable":true,"href":"https:\/\/primicias2262.com\/noticias\/wp-json\/wp\/v2\/comments?post=102551"}],"version-history":[{"count":1,"href":"https:\/\/primicias2262.com\/noticias\/wp-json\/wp\/v2\/posts\/102551\/revisions"}],"predecessor-version":[{"id":102554,"href":"https:\/\/primicias2262.com\/noticias\/wp-json\/wp\/v2\/posts\/102551\/revisions\/102554"}],"wp:featuredmedia":[{"embeddable":true,"href":"https:\/\/primicias2262.com\/noticias\/wp-json\/wp\/v2\/media\/102553"}],"wp:attachment":[{"href":"https:\/\/primicias2262.com\/noticias\/wp-json\/wp\/v2\/media?parent=102551"}],"wp:term":[{"taxonomy":"category","embeddable":true,"href":"https:\/\/primicias2262.com\/noticias\/wp-json\/wp\/v2\/categories?post=102551"},{"taxonomy":"post_tag","embeddable":true,"href":"https:\/\/primicias2262.com\/noticias\/wp-json\/wp\/v2\/tags?post=102551"}],"curies":[{"name":"wp","href":"https:\/\/api.w.org\/{rel}","templated":true}]}}