{"id":102556,"date":"2023-08-04T05:15:08","date_gmt":"2023-08-04T05:15:08","guid":{"rendered":"https:\/\/primicias2262.com\/noticias\/?p=102556"},"modified":"2023-08-04T15:17:15","modified_gmt":"2023-08-04T15:17:15","slug":"sanchez-jauregui-presento-proyecto-para-expropiar-inmueble-de-cooperativa-engraucoop","status":"publish","type":"post","link":"https:\/\/primicias2262.com\/noticias\/sanchez-jauregui-presento-proyecto-para-expropiar-inmueble-de-cooperativa-engraucoop\/","title":{"rendered":"S\u00e1nchez Jauregui present\u00f3 proyecto para expropiar inmueble de cooperativa Engraucoop"},"content":{"rendered":"<p><strong>La diputada provincial de Uni\u00f3n por la Patria, Natalia S\u00e1nchez Jauregui, present\u00f3 un proyecto de ley para expropiar el inmueble donde hoy funciona la cooperativa Engraucoop, encargada del procesamiento de anchoitas, donde trabajan 250 mujeres.<\/strong><\/p>\n<p>El objetivo radica en sostener la fuente laboral de muchas familias del distrito de Necochea.<\/p>\n<p>Actualmente la cooperativa se encuentra atravesando un proceso judicial por el cual el establecimiento, ubicado en 517 y 544, de Quequ\u00e9n podr\u00eda ser rematado por una deuda producida en los anteriores due\u00f1os.<\/p>\n<p><a href=\"https:\/\/primicias2262.com\/noticias\/wp-content\/uploads\/2023\/08\/WhatsApp-Image-2023-08-02-at-8.50.40-PM.jpeg\"><img loading=\"lazy\" decoding=\"async\" class=\"aligncenter size-full wp-image-102557\" src=\"https:\/\/primicias2262.com\/noticias\/wp-content\/uploads\/2023\/08\/WhatsApp-Image-2023-08-02-at-8.50.40-PM.jpeg\" alt=\"\" width=\"1600\" height=\"1204\" srcset=\"https:\/\/primicias2262.com\/noticias\/wp-content\/uploads\/2023\/08\/WhatsApp-Image-2023-08-02-at-8.50.40-PM.jpeg 1600w, https:\/\/primicias2262.com\/noticias\/wp-content\/uploads\/2023\/08\/WhatsApp-Image-2023-08-02-at-8.50.40-PM-300x226.jpeg 300w, https:\/\/primicias2262.com\/noticias\/wp-content\/uploads\/2023\/08\/WhatsApp-Image-2023-08-02-at-8.50.40-PM-1024x771.jpeg 1024w, https:\/\/primicias2262.com\/noticias\/wp-content\/uploads\/2023\/08\/WhatsApp-Image-2023-08-02-at-8.50.40-PM-768x578.jpeg 768w, https:\/\/primicias2262.com\/noticias\/wp-content\/uploads\/2023\/08\/WhatsApp-Image-2023-08-02-at-8.50.40-PM-1536x1156.jpeg 1536w, https:\/\/primicias2262.com\/noticias\/wp-content\/uploads\/2023\/08\/WhatsApp-Image-2023-08-02-at-8.50.40-PM-150x113.jpeg 150w, https:\/\/primicias2262.com\/noticias\/wp-content\/uploads\/2023\/08\/WhatsApp-Image-2023-08-02-at-8.50.40-PM-696x524.jpeg 696w, https:\/\/primicias2262.com\/noticias\/wp-content\/uploads\/2023\/08\/WhatsApp-Image-2023-08-02-at-8.50.40-PM-1068x804.jpeg 1068w\" sizes=\"auto, (max-width: 1600px) 100vw, 1600px\" \/><\/a>Ante esta situaci\u00f3n, la legisladora bonaerense ingres\u00f3 ante la C\u00e1mara baja de la Provincia de Buenos Aires, un proyecto de ley que solicita declarar de \u00abinter\u00e9s p\u00fablico y sujeto a expropiaci\u00f3n\u00bb el citado inmueble.<\/p>\n<p>En este sentido, S\u00e1nchez Jauregui asegur\u00f3 que \u00abme invade much\u00edsima emoci\u00f3n, porque fuimos acompa\u00f1ando el proceso en diferentes cuestiones y ese avance queda aqu\u00ed, en un proyecto de ley que hay que acompa\u00f1ar, y le pedimos a la ciudadan\u00eda de todo el distrito que acompa\u00f1en a las trabajadoras con sus firmas\u00bb.<\/p>\n<p>\u00abEsto no solamente es fuente de trabajo para 200 mujeres, sino 200 familias que se sustentan gracias a esta fuente de trabajo\u00bb, explic\u00f3 la legisladora.<\/p>\n<p><a href=\"https:\/\/primicias2262.com\/noticias\/wp-content\/uploads\/2023\/08\/WhatsApp-Image-2023-08-02-at-8.50.41-PM.jpeg\"><img loading=\"lazy\" decoding=\"async\" class=\"aligncenter size-full wp-image-102559\" src=\"https:\/\/primicias2262.com\/noticias\/wp-content\/uploads\/2023\/08\/WhatsApp-Image-2023-08-02-at-8.50.41-PM.jpeg\" alt=\"\" width=\"1600\" height=\"1204\" srcset=\"https:\/\/primicias2262.com\/noticias\/wp-content\/uploads\/2023\/08\/WhatsApp-Image-2023-08-02-at-8.50.41-PM.jpeg 1600w, https:\/\/primicias2262.com\/noticias\/wp-content\/uploads\/2023\/08\/WhatsApp-Image-2023-08-02-at-8.50.41-PM-300x226.jpeg 300w, https:\/\/primicias2262.com\/noticias\/wp-content\/uploads\/2023\/08\/WhatsApp-Image-2023-08-02-at-8.50.41-PM-1024x771.jpeg 1024w, https:\/\/primicias2262.com\/noticias\/wp-content\/uploads\/2023\/08\/WhatsApp-Image-2023-08-02-at-8.50.41-PM-768x578.jpeg 768w, https:\/\/primicias2262.com\/noticias\/wp-content\/uploads\/2023\/08\/WhatsApp-Image-2023-08-02-at-8.50.41-PM-1536x1156.jpeg 1536w, https:\/\/primicias2262.com\/noticias\/wp-content\/uploads\/2023\/08\/WhatsApp-Image-2023-08-02-at-8.50.41-PM-150x113.jpeg 150w, https:\/\/primicias2262.com\/noticias\/wp-content\/uploads\/2023\/08\/WhatsApp-Image-2023-08-02-at-8.50.41-PM-696x524.jpeg 696w, https:\/\/primicias2262.com\/noticias\/wp-content\/uploads\/2023\/08\/WhatsApp-Image-2023-08-02-at-8.50.41-PM-1068x804.jpeg 1068w\" sizes=\"auto, (max-width: 1600px) 100vw, 1600px\" \/><\/a>Adem\u00e1s se\u00f1al\u00f3 que \u00abcomo peronista, como dirigente sindical de la UATRE, agradezco a quienes nos acompa\u00f1an y creo que esta es una de las cosas por las cuales vale la pena involucrarse en pol\u00edtica y comprometerse con la comunidad.\u00bb<br \/>\nY agreg\u00f3: \u00abSi no podemos ayudar con estas cosas, para qu\u00e9 estamos las y los funcionarios que representamos el pueblo de la Provincia\u00bb.<\/p>\n<p>Esta lucha tiene que ser la m\u00eda, de ustedes, de todos los y las diputadas, pero tambi\u00e9n de todo el distrito de Necochea. Salgamos a buscar las firmas para que este proyecto sea Ley\u00bb, remarc\u00f3 S\u00e1nchez Jauregui.<\/p>\n<p>En tanto, indic\u00f3 que el gobernador, Axel Kicillof, \u00abest\u00e1 al tanto y las est\u00e1 acompa\u00f1ando y vamos a lograr que el proyecto de ley se apruebe\u00bb.<\/p>\n<p>De ser aprobado el proyecto, el Poder Ejecutivo Provincial, encabezado por Axel Kicillof, podr\u00e1 disponer la expropiaci\u00f3n del inmueble en favor de la cooperativa Engraucoop y, de esa manera, las mujeres podr\u00e1n sostener su puesto de trabajo.<\/p>\n<p>Por \u00faltimo, junto al texto de la ley, se presentar\u00e1n<br \/>\nplanillas firmadas por las trabajadoras, vecinas y vecinos del distrito que apoyan la lucha de quienes conforman la cooperativa<\/p>\n","protected":false},"excerpt":{"rendered":"<p>La diputada provincial de Uni\u00f3n por la Patria, Natalia S\u00e1nchez Jauregui, present\u00f3 un proyecto de ley para expropiar el inmueble donde hoy funciona la cooperativa Engraucoop, encargada del procesamiento de anchoitas, donde trabajan 250 mujeres. El objetivo radica en sostener la fuente laboral de muchas familias del distrito de Necochea. Actualmente la cooperativa se encuentra [&hellip;]<\/p>\n","protected":false},"author":3,"featured_media":102558,"comment_status":"open","ping_status":"open","sticky":false,"template":"","format":"standard","meta":{"footnotes":""},"categories":[3],"tags":[],"class_list":["post-102556","post","type-post","status-publish","format-standard","has-post-thumbnail","category-masnoticias"],"_links":{"self":[{"href":"https:\/\/primicias2262.com\/noticias\/wp-json\/wp\/v2\/posts\/102556","targetHints":{"allow":["GET"]}}],"collection":[{"href":"https:\/\/primicias2262.com\/noticias\/wp-json\/wp\/v2\/posts"}],"about":[{"href":"https:\/\/primicias2262.com\/noticias\/wp-json\/wp\/v2\/types\/post"}],"author":[{"embeddable":true,"href":"https:\/\/primicias2262.com\/noticias\/wp-json\/wp\/v2\/users\/3"}],"replies":[{"embeddable":true,"href":"https:\/\/primicias2262.com\/noticias\/wp-json\/wp\/v2\/comments?post=102556"}],"version-history":[{"count":1,"href":"https:\/\/primicias2262.com\/noticias\/wp-json\/wp\/v2\/posts\/102556\/revisions"}],"predecessor-version":[{"id":102560,"href":"https:\/\/primicias2262.com\/noticias\/wp-json\/wp\/v2\/posts\/102556\/revisions\/102560"}],"wp:featuredmedia":[{"embeddable":true,"href":"https:\/\/primicias2262.com\/noticias\/wp-json\/wp\/v2\/media\/102558"}],"wp:attachment":[{"href":"https:\/\/primicias2262.com\/noticias\/wp-json\/wp\/v2\/media?parent=102556"}],"wp:term":[{"taxonomy":"category","embeddable":true,"href":"https:\/\/primicias2262.com\/noticias\/wp-json\/wp\/v2\/categories?post=102556"},{"taxonomy":"post_tag","embeddable":true,"href":"https:\/\/primicias2262.com\/noticias\/wp-json\/wp\/v2\/tags?post=102556"}],"curies":[{"name":"wp","href":"https:\/\/api.w.org\/{rel}","templated":true}]}}