{"id":102567,"date":"2023-08-04T15:25:07","date_gmt":"2023-08-04T15:25:07","guid":{"rendered":"https:\/\/primicias2262.com\/noticias\/?p=102567"},"modified":"2023-08-04T15:25:07","modified_gmt":"2023-08-04T15:25:07","slug":"burro-o-mentiroso-kreplak-cruzo-a-milei-por-sus-dichos-sobre-el-sistema-de-salud","status":"publish","type":"post","link":"https:\/\/primicias2262.com\/noticias\/burro-o-mentiroso-kreplak-cruzo-a-milei-por-sus-dichos-sobre-el-sistema-de-salud\/","title":{"rendered":"\u00abBurro o mentiroso\u00bb: Kreplak cruz\u00f3 a Milei por sus dichos sobre el sistema de salud"},"content":{"rendered":"<div class=\"col 2-col\">\n<div class=\"article-main-content article-text \">\n<p>El ministro de Salud bonaerense, <b>Nicol\u00e1s Kreplak, calific\u00f3 de \u201cburro o mentiroso\u201d al ultraliberal Javier Milei<\/b> por difundir a trav\u00e9s de entrevistas period\u00edsticas que el sector privado fue el creador del <b>sistema de salud argentino<\/b>.<\/p>\n<p>El funcionario provincial sostuvo que el candidato de derecha <b>\u201csue\u00f1a con recordar un pa\u00eds imaginario que justifique sus prejuicios\u201d<\/b>.<\/p>\n<h2>Milei y el origen del sistema sanitario argentino<\/h2>\n<p>El cuestionamiento de Kreplak a Milei es producto de <b>una singular versi\u00f3n de la historia argentina<\/b> que el l\u00edder de La Libertad Avanza se encarg\u00f3 de hacer circular en los \u00faltimos d\u00edas para argumentar a favor de su idea de privatizar la salud.<\/p>\n<p><b>Milei sostuvo que el sistema de salud argentino se cre\u00f3 \u201ca fines del siglo XIX y sin que el Estado estuviera metido en el medio\u201d.<\/b> \u201cAlgunas (obras sociales) fueron desarrolladas directamente por el sector privado\u201d, que fue el que \u201cconstruy\u00f3 el sistema de salud argentino, que era el mejor del mundo\u201d, relat\u00f3.<\/p>\n<p><b>Kreplak<\/b> desminti\u00f3 esa versi\u00f3n de la historia de Milei al recordar que <b>\u201cel sistema de salud comienza con (el ex presidente Juan Domingo) Per\u00f3n\u201d<\/b>, a partir de 1945. \u201cAntes la sociedad de beneficencia administraba dinero p\u00fablico y los de comunidades de sus Estados de origen. Los pobres solo ten\u00edan caridad\u201d, record\u00f3 el funcionario.<\/p>\n<div class=\"iframely-embed medium-embedded-content\" data-html=\"Jmx0O2Jsb2NrcXVvdGUgY2xhc3M9InR3aXR0ZXItdHdlZXQiIGRhdGEtZG50PSJ0cnVlIiBhbGlnbj0iY2VudGVyIiZndDsmbHQ7cCBsYW5nPSJlcyIgZGlyPSJsdHIiJmd0O0J1cnJvIG8gbWVudGlyb3NvLiBFbCBzaXN0ZW1hIGRlIHNhbHVkIGNvbWllbnphIGNvbiBQZXLDs24uIEFudGVzIGxhIHNvY2llZGFkIGRlIGJlbmVmaWNlbmNpYSBhZG1pbmlzdHJhYmEgZGluZXJvIHDDumJsaWNvIHkgbG9zIGRlIGNvbXVuaWRhZGVzIGRlIHN1cyBFc3RhZG9zIGRlIG9yaWdlbi4gTG9zIHBvYnJlcyBzb2xvIHRlbsOtYW4gY2FyaWRhZC4gRXN0ZSB0aXBvIHN1ZcOxYSBjb24gcmVjb3JkYXIgdW4gcGHDrXMgaW1hZ2luYXJpbyBxdWUganVzdGlmaXF1ZSBzdXMgcHJlanVpY2lvcy4gJmx0O2EgaHJlZj0iaHR0cHM6Ly90LmNvL1oyQXhzaGNFWHUiJmd0O3BpYy50d2l0dGVyLmNvbS9aMkF4c2hjRVh1Jmx0Oy9hJmd0OyZsdDsvcCZndDsmYW1wO21kYXNoOyBOaWNvbMOhcyBLcmVwbGFrIChAbmtyZXBsYWspICZsdDthIGhyZWY9Imh0dHBzOi8vdHdpdHRlci5jb20vbmtyZXBsYWsvc3RhdHVzLzE2ODc0NTcxNjg5NzMyNzUxMzY\/cmVmX3NyYz10d3NyYyU1RXRmdyImZ3Q7QXVndXN0IDQsIDIwMjMmbHQ7L2EmZ3Q7Jmx0Oy9ibG9ja3F1b3RlJmd0OwombHQ7c2NyaXB0IGFzeW5jIHNyYz0iaHR0cHM6Ly9wbGF0Zm9ybS50d2l0dGVyLmNvbS93aWRnZXRzLmpzIiBjaGFyc2V0PSJ1dGYtOCImZ3Q7Jmx0Oy9zY3JpcHQmZ3Q7CiZsdDtkaXYgY2xhc3M9Im1lZGl1bS1pbnNlcnQtZW1iZWRzLW1ldGEiJmd0OyZsdDtzY3JpcHQgdHlwZT0idGV4dC9qc29uIiZndDt7InVybCI6Imh0dHBzOi8vdHdpdHRlci5jb20vbmtyZXBsYWsvc3RhdHVzLzE2ODc0NTcxNjg5NzMyNzUxMzYiLCJ0eXBlIjoicmljaCIsInZlcnNpb24iOiIxLjAiLCJ0aXRsZSI6Ik5pY29sw6FzIEtyZXBsYWsgb24gVHdpdHRlciIsImF1dGhvciI6Ik5pY29sw6FzIEtyZXBsYWsiLCJhdXRob3JfdXJsIjoiaHR0cHM6Ly90d2l0dGVyLmNvbS9ua3JlcGxhayIsInByb3ZpZGVyX25hbWUiOiJUd2l0dGVyIiwiZGVzY3JpcHRpb24iOiJCdXJybyBvIG1lbnRpcm9zby4gRWwgc2lzdGVtYSBkZSBzYWx1ZCBjb21pZW56YSBjb24gUGVyw7NuLiBBbnRlcyBsYSBzb2NpZWRhZCBkZSBiZW5lZmljZW5jaWEgYWRtaW5pc3RyYWJhIGRpbmVybyBww7pibGljbyB5IGxvcyBkZSBjb211bmlkYWRlcyBkZSBzdXMgRXN0YWRvcyBkZSBvcmlnZW4uIExvcyBwb2JyZXMgc29sbyB0ZW7DrWFuIGNhcmlkYWQuIEVzdGUgdGlwbyBzdWXDsWEgY29uIHJlY29yZGFyIHVuIHBhw61zIGltYWdpbmFyaW8gcXVlIGp1c3RpZmlxdWUgc3VzIHByZWp1aWNpb3MuIHBpYy50d2l0dGVyLmNvbS9aMkF4c2hjRVh14oCUIE5pY29sw6FzIEtyZXBsYWsgKEBua3JlcGxhaykgQXVndXN0IDQsIDIwMjNcblxuIiwiY2FjaGVfYWdlIjo4NjQwMCwib3B0aW9ucyI6eyJfaGlkZV9tZWRpYSI6eyJsYWJlbCI6IkhpZGUgcGhvdG9zLCB2aWRlb3MsIGFuZCBjYXJkcyIsInZhbHVlIjpmYWxzZX0sIl90aGVtZSI6eyJ2YWx1ZSI6IiIsInZhbHVlcyI6eyJkYXJrIjoiVXNlIGRhcmsgdGhlbWUifX0sIl9tYXh3aWR0aCI6eyJ2YWx1ZSI6IiIsImxhYmVsIjoiQWRqdXN0IHdpZHRoIiwicGxhY2Vob2xkZXIiOiIyMjAtNTUwLCBpbiBweCJ9fX0mbHQ7L3NjcmlwdCZndDsmbHQ7L2RpdiZndDs=\">\n<div class=\"iframely-embed\">\n<div class=\"iframely-responsive\"><iframe src=\"https:\/\/iframely.pagina12.com.ar\/api\/iframe?url=https%3A%2F%2Ftwitter.com%2Fnkreplak%2Fstatus%2F1687457168973275136&amp;v=1&amp;app=1&amp;key=4676b5fdc083257ea87f71608c74e9fe&amp;playerjs=1\" allowfullscreen=\"allowfullscreen\" data-mce-fragment=\"1\">https:\/\/twitter.com\/nkreplak\/status\/1687457168973275136<\/iframe><\/div>\n<\/div>\n<\/div>\n<h2>Beneficencia vs. sistema sanitario<\/h2>\n<p>Contrario a lo que afirm\u00f3 Milei, el derrotero de la salud estaba en manos de las familias patricias que, a trav\u00e9s de la <b>Sociedad de Beneficencia<\/b> administrada por las mujeres de clase alta, se prestaban servicio a s\u00ed mismos y en much\u00edsimo menor medida a los sectores m\u00e1s pobres.<\/p>\n<p>Las prestaciones tuvieron una relaci\u00f3n directamente proporcional al nivel de vida. De all\u00ed que las pestes de finales del siglo XIX y principios del XX golpearan peor en las clases m\u00e1s bajas.<\/p>\n<p>La <b>aparici\u00f3n masiva de los hospitales nacionales<\/b> se dio a finales del siglo XIX, junto con campa\u00f1as en manos del Estado y de la Iglesia cat\u00f3lica, por separado. Luego creci\u00f3 a trav\u00e9s de la apertura de salas de salud a cargo de asociaciones civiles, conformadas en asociaciones de socorros mutuos.<\/p>\n<p>Tambi\u00e9n de <b>organizaciones sindicales<\/b> como La Fraternidad, que concentr\u00f3 una importante cantidad de trabajadores producto del avance del ferrocarril. Ya en el siglo XX y con el advenimiento del radicalismo hubo tambi\u00e9n apertura de varios centros sanitarios.<\/p>\n<p>Pero fue durante la <b>d\u00e9cada del \u201940<\/b>, con el crecimiento exponencial de la poblaci\u00f3n urbana, donde la apertura de hospitales se hizo masiva de la mano del sanitarista <b>Ram\u00f3n Carrillo<\/b> y de la <b>Fundaci\u00f3n Eva Per\u00f3n<\/b>, que en paralelo pusieron en marcha otros dispositivos, como el tren sanitario, los fichajes m\u00e9dicos y los consultorios externos en centros de atenci\u00f3n.<\/p>\n<p>Sobre la base de datos hist\u00f3ricos, Kreplak sali\u00f3 al cruce de la particular versi\u00f3n de Milei: <b>\u201cEste tipo sue\u00f1a con recordar un pa\u00eds imaginario que justifique sus prejuicios\u201d<\/b>.<\/p>\n<p>\u201cSistema de salud es cuando existe una respuesta sist\u00e9mica y organizada que busque garantizar la salud, no <b>arrebatos espor\u00e1dicos, inequitativos y no sist\u00e9micos<\/b>\u201d, concluy\u00f3 el funcionario provincial.<\/p>\n<\/div>\n<\/div>\n","protected":false},"excerpt":{"rendered":"<p>El ministro de Salud bonaerense, Nicol\u00e1s Kreplak, calific\u00f3 de \u201cburro o mentiroso\u201d al ultraliberal Javier Milei por difundir a trav\u00e9s de entrevistas period\u00edsticas que el sector privado fue el creador del sistema de salud argentino. El funcionario provincial sostuvo que el candidato de derecha \u201csue\u00f1a con recordar un pa\u00eds imaginario que justifique sus prejuicios\u201d. Milei [&hellip;]<\/p>\n","protected":false},"author":3,"featured_media":102568,"comment_status":"open","ping_status":"open","sticky":false,"template":"","format":"standard","meta":{"footnotes":""},"categories":[7],"tags":[],"class_list":{"0":"post-102567","1":"post","2":"type-post","3":"status-publish","4":"format-standard","5":"has-post-thumbnail","7":"category-nac"},"_links":{"self":[{"href":"https:\/\/primicias2262.com\/noticias\/wp-json\/wp\/v2\/posts\/102567","targetHints":{"allow":["GET"]}}],"collection":[{"href":"https:\/\/primicias2262.com\/noticias\/wp-json\/wp\/v2\/posts"}],"about":[{"href":"https:\/\/primicias2262.com\/noticias\/wp-json\/wp\/v2\/types\/post"}],"author":[{"embeddable":true,"href":"https:\/\/primicias2262.com\/noticias\/wp-json\/wp\/v2\/users\/3"}],"replies":[{"embeddable":true,"href":"https:\/\/primicias2262.com\/noticias\/wp-json\/wp\/v2\/comments?post=102567"}],"version-history":[{"count":1,"href":"https:\/\/primicias2262.com\/noticias\/wp-json\/wp\/v2\/posts\/102567\/revisions"}],"predecessor-version":[{"id":102569,"href":"https:\/\/primicias2262.com\/noticias\/wp-json\/wp\/v2\/posts\/102567\/revisions\/102569"}],"wp:featuredmedia":[{"embeddable":true,"href":"https:\/\/primicias2262.com\/noticias\/wp-json\/wp\/v2\/media\/102568"}],"wp:attachment":[{"href":"https:\/\/primicias2262.com\/noticias\/wp-json\/wp\/v2\/media?parent=102567"}],"wp:term":[{"taxonomy":"category","embeddable":true,"href":"https:\/\/primicias2262.com\/noticias\/wp-json\/wp\/v2\/categories?post=102567"},{"taxonomy":"post_tag","embeddable":true,"href":"https:\/\/primicias2262.com\/noticias\/wp-json\/wp\/v2\/tags?post=102567"}],"curies":[{"name":"wp","href":"https:\/\/api.w.org\/{rel}","templated":true}]}}