{"id":102575,"date":"2023-08-06T14:15:55","date_gmt":"2023-08-06T14:15:55","guid":{"rendered":"https:\/\/primicias2262.com\/noticias\/?p=102575"},"modified":"2023-08-07T17:14:28","modified_gmt":"2023-08-07T17:14:28","slug":"le-pedimos-el-voto-a-la-gente-para-sacar-a-esta-maldita-casta-que-llena-sus-bolsillos-y-posterga-el-futuro-de-argentina","status":"publish","type":"post","link":"https:\/\/primicias2262.com\/noticias\/le-pedimos-el-voto-a-la-gente-para-sacar-a-esta-maldita-casta-que-llena-sus-bolsillos-y-posterga-el-futuro-de-argentina\/","title":{"rendered":"\u201cLe pedimos el voto a la gente para sacar a esta maldita casta que llena sus bolsillos y posterga el futuro de Argentina\u201d"},"content":{"rendered":"<p><strong>Los representantes locales de La Libertad Avanza, Pablo Nosek (precandidato a intendente), y Mariano Valiante (primer precandidato a concejal), pasaron por los estudios de \u201cVoces de la Ciudad\u201d y en nota con el periodista Jorge G\u00f3mez hablaron sobre el fen\u00f3meno de Javier Milei y c\u00f3mo trabajan la campa\u00f1a d\u00eda a d\u00eda en las calles y en su local de 57 n\u00ba 2186 casi 50.<\/strong><\/p>\n<p>\u201cEst\u00e1 pasando much\u00edsima gente que retira boletas para su familia, nos ha asombrado esa forma de manejarse, ya que va mucha gente jubilada\u2026 y si bien es un espacio con muchos j\u00f3venes, ha venido mucha gente mayor tambi\u00e9n. Asimismo, ha aparecido bastante juventud de forma espont\u00e1nea para decirnos que quieren fiscalizar gratis durante las elecciones\u201d, expres\u00f3 Nosek al inicio.<\/p>\n<p>Por su parte, Valiante fue al hueso contra la clase pol\u00edtica. \u201cVemos que la gente lo sigue mucho a Javier Milei y nosotros le insistimos a la gente que vaya a votar, que no se quede en la casa y que ejerza el voto para sacar esta maldita casta, que lo que viene haciendo \u00fanicamente es llen\u00e1ndose sus bolsillos y postergando el futuro de Argentina, por eso la idea es votar a Javier Milei en las PASO, votar la boleta completa en la general y meterlo en el balotaje para que sea el pr\u00f3ximo presidente de Argentina\u201d.<\/p>\n<p>Seguidamente, el exintegrante del gobierno de Facundo L\u00f3pez describi\u00f3 que \u201cdividimos la campa\u00f1a pol\u00edtica en dos tramos: enfocamos las primarias en instalaci\u00f3n de candidatos, que la gente conozca a Pablo y me conozca a m\u00ed, y en la segunda etapa vamos a presentar el plan de gobierno, ya que tenemos preparadas varias cosas y terminando de ultimar detalles, sobre todo en materia de seguridad\u201d.<\/p>\n<p>En tanto, quien surgiera de \u201cValores para mi Pa\u00eds\u201d, Pablo Nosek, se\u00f1al\u00f3 que \u201cal no tener internas nos deja un poco tranquilos, pero a su vez estamos activos, instalando los candidatos y mostr\u00e1ndonos como opci\u00f3n caminando las calles y entregando la boleta a los vecinos. Si bien sabemos que a Milei lo conoce todo el mundo, necesitamos darnos a conocer un poco nosotros\u201d, y meti\u00e9ndose de lleno en el an\u00e1lisis opin\u00f3 que \u201cen las PASO mucha gente intenta jugar a alguna interna y despu\u00e9s votar a quien realmente quiere\u201d.<\/p>\n<figure id=\"attachment_102578\" aria-describedby=\"caption-attachment-102578\" style=\"width: 1024px\" class=\"wp-caption aligncenter\"><a href=\"https:\/\/primicias2262.com\/noticias\/wp-content\/uploads\/2023\/08\/pablo-nosek.jpeg\"><img loading=\"lazy\" decoding=\"async\" class=\"size-full wp-image-102578\" src=\"https:\/\/primicias2262.com\/noticias\/wp-content\/uploads\/2023\/08\/pablo-nosek.jpeg\" alt=\"\" width=\"1024\" height=\"768\" srcset=\"https:\/\/primicias2262.com\/noticias\/wp-content\/uploads\/2023\/08\/pablo-nosek.jpeg 1024w, https:\/\/primicias2262.com\/noticias\/wp-content\/uploads\/2023\/08\/pablo-nosek-300x225.jpeg 300w, https:\/\/primicias2262.com\/noticias\/wp-content\/uploads\/2023\/08\/pablo-nosek-768x576.jpeg 768w, https:\/\/primicias2262.com\/noticias\/wp-content\/uploads\/2023\/08\/pablo-nosek-150x113.jpeg 150w, https:\/\/primicias2262.com\/noticias\/wp-content\/uploads\/2023\/08\/pablo-nosek-696x522.jpeg 696w\" sizes=\"auto, (max-width: 1024px) 100vw, 1024px\" \/><\/a><figcaption id=\"caption-attachment-102578\" class=\"wp-caption-text\">Pablo Nosek<\/figcaption><\/figure>\n<p>\u201cNosotros tenemos una mirada fuertemente local, desde 2017 venimos planteando cuestiones que atraviesan a los necochenses y la gente est\u00e1 harta\u2026 vemos en la calle que la gente est\u00e1 cansada de los pol\u00edticos, pero a veces se comete el error de meter a todos en la misma bolsa porque la pol\u00edtica es una herramienta fundamental para llegar a la gente y paliar las necesidades de cada uno\u201d, agreg\u00f3.<\/p>\n<p>Nosek afirm\u00f3 no desconocer que \u201cla gente est\u00e1 pasando mucha necesidad, pero nosotros somos un verdadero cambio y necesitamos que la gente acompa\u00f1e\u2026 es el momento de premiar o castigar con el voto, y por sobre todo nosotros instamos a que se vaya a votar\u201d, para argumentar que \u201cvenimos hace muchos a\u00f1os trabajando con proyectos, con an\u00e1lisis de presupuesto anual para no hablar pavadas y nos importa el valor de la palabra, venimos de un partido vecinalista y nos preocupa la realidad local\u201d.<\/p>\n<p>Sobre el contacto del d\u00eda a d\u00eda con los vecinos, Valiante cont\u00f3 que \u201ccuando le entregamos la boleta a la gente no le pedimos el voto para que nos d\u00e9 el poder, sino que le pedimos el voto para devolverle el poder a ellos, si la gente nos acompa\u00f1a dentro del Concejo Deliberante o con Pablo como intendente se van a sentir realmente abrazados por las ideas de la libertad, y conformes con una gesti\u00f3n que ser\u00e1 austera, no vamos a despilfarrar lo que no tenemos porque sabemos que las arcas municipales est\u00e1n al l\u00edmite\u201d.<\/p>\n<p>Para concluir, Valiante asegur\u00f3 que \u201cen Quequ\u00e9n y en las localidades del interior notamos que la gente est\u00e1 bastante enojada con el gobierno actual de Arturo Rojas y nosotros venimos a contarles una nueva propuesta. Necesitamos que los j\u00f3venes convenzan a sus pap\u00e1s y abuelos de que la \u00fanica alternativa es votar a Javier Milei para vivir mejor, porque la realidad es que si no se van a tener que ir del pa\u00eds y buscar su futuro en otro lado\u201d.<\/p>\n","protected":false},"excerpt":{"rendered":"<p>Los representantes locales de La Libertad Avanza, Pablo Nosek (precandidato a intendente), y Mariano Valiante (primer precandidato a concejal), pasaron por los estudios de \u201cVoces de la Ciudad\u201d y en nota con el periodista Jorge G\u00f3mez hablaron sobre el fen\u00f3meno de Javier Milei y c\u00f3mo trabajan la campa\u00f1a d\u00eda a d\u00eda en las calles y [&hellip;]<\/p>\n","protected":false},"author":3,"featured_media":102576,"comment_status":"open","ping_status":"open","sticky":false,"template":"","format":"standard","meta":{"footnotes":""},"categories":[3],"tags":[],"class_list":["post-102575","post","type-post","status-publish","format-standard","has-post-thumbnail","category-masnoticias"],"_links":{"self":[{"href":"https:\/\/primicias2262.com\/noticias\/wp-json\/wp\/v2\/posts\/102575","targetHints":{"allow":["GET"]}}],"collection":[{"href":"https:\/\/primicias2262.com\/noticias\/wp-json\/wp\/v2\/posts"}],"about":[{"href":"https:\/\/primicias2262.com\/noticias\/wp-json\/wp\/v2\/types\/post"}],"author":[{"embeddable":true,"href":"https:\/\/primicias2262.com\/noticias\/wp-json\/wp\/v2\/users\/3"}],"replies":[{"embeddable":true,"href":"https:\/\/primicias2262.com\/noticias\/wp-json\/wp\/v2\/comments?post=102575"}],"version-history":[{"count":1,"href":"https:\/\/primicias2262.com\/noticias\/wp-json\/wp\/v2\/posts\/102575\/revisions"}],"predecessor-version":[{"id":102579,"href":"https:\/\/primicias2262.com\/noticias\/wp-json\/wp\/v2\/posts\/102575\/revisions\/102579"}],"wp:featuredmedia":[{"embeddable":true,"href":"https:\/\/primicias2262.com\/noticias\/wp-json\/wp\/v2\/media\/102576"}],"wp:attachment":[{"href":"https:\/\/primicias2262.com\/noticias\/wp-json\/wp\/v2\/media?parent=102575"}],"wp:term":[{"taxonomy":"category","embeddable":true,"href":"https:\/\/primicias2262.com\/noticias\/wp-json\/wp\/v2\/categories?post=102575"},{"taxonomy":"post_tag","embeddable":true,"href":"https:\/\/primicias2262.com\/noticias\/wp-json\/wp\/v2\/tags?post=102575"}],"curies":[{"name":"wp","href":"https:\/\/api.w.org\/{rel}","templated":true}]}}