{"id":102580,"date":"2023-08-05T15:43:30","date_gmt":"2023-08-05T15:43:30","guid":{"rendered":"https:\/\/primicias2262.com\/noticias\/?p=102580"},"modified":"2023-08-05T21:41:25","modified_gmt":"2023-08-05T21:41:25","slug":"para-que-loberia-siga-creciendo-necesitamos-que-siga-este-modelo-de-gestion-que-iniciamos-con-juan-jose","status":"publish","type":"post","link":"https:\/\/primicias2262.com\/noticias\/para-que-loberia-siga-creciendo-necesitamos-que-siga-este-modelo-de-gestion-que-iniciamos-con-juan-jose\/","title":{"rendered":"\u201cPara que Lober\u00eda siga creciendo necesitamos que siga este modelo de gesti\u00f3n que iniciamos con Juan Jos\u00e9\u201d"},"content":{"rendered":"<p><strong>As\u00ed lo afirm\u00f3 el actual secretario de Gobierno loberense, Pablo Barrena, quien es el precandidato a intendente del oficialismo que encabeza actualmente el jefe comunal Juan Jos\u00e9 Fioramonti. En la boleta, est\u00e1n alineados con Patricia Bullrich a la presidencia, N\u00e9stor Grindetti y Miguel Fern\u00e1ndez a la gobernaci\u00f3n.<\/strong><\/p>\n<p>Al dialogar con el periodista Jorge G\u00f3mez en \u201cVoces de la Ciudad\u201d, el referente de la Uni\u00f3n C\u00edvica Radical loberense, Pablo Barrena, cont\u00f3 que \u201cestamos recorriendo todo el distrito de Lober\u00eda que es muy grande, en plena campa\u00f1a en los \u00faltimos d\u00edas antes de las PASO, defendiendo la gesti\u00f3n de Juan Jos\u00e9 Fioramonti.<\/p>\n<p>En primer lugar, \u201cnosotros proponemos ser la continuidad de la gesti\u00f3n que iniciamos el 10 de diciembre de 2015, tenemos una interna en Juntos muy civilizada con gente con la que hemos trabajado y seguiremos trabajando despu\u00e9s de las PASO, ya que cuando hay internas tienen que servir para fortalecer el espacio y no para diferenciarse de tal manera que el da\u00f1o que se genere no permita construir a futuro\u201d, manifest\u00f3.<\/p>\n<p>Asegur\u00f3 seguidamente que \u201cnecesitamos unirnos los loberenses para tirar para adelante\u201d, y en cuanto a la gente en esta campa\u00f1a defini\u00f3 que \u201ces muy respetuosa, vemos que el vecino as\u00ed te acompa\u00f1e o no, te escucha, y tenemos muy pocos casos de personas que rechazan directamente a la dirigencia local, casi ninguno\u2026 s\u00ed notamos que con la dirigencia provincial y nacional hay un enojo mayor\u201d.<\/p>\n<p>En lo concerniente a la mirada regional, Barrena revel\u00f3 que \u201cestuvimos reunidos con Dami\u00e1n Unibaso (precandidato radical a intendente de Necochea por la l\u00ednea de Bullrich) y la Caproq de Puerto Quequ\u00e9n, porque creemos que hay que trabajar a nivel regional fuertemente para que el puerto est\u00e9 a la altura de las circunstancias y la regi\u00f3n pueda explotar econ\u00f3micamente como corresponde\u201d.<\/p>\n<p>\u201cLa regi\u00f3n tiene que trabajar en conjunto en salud que es un tema crucial, log\u00edstica, producci\u00f3n, conectividad y muchos temas que si empujamos todos para el mismo lado es mucho m\u00e1s f\u00e1cil que se solucionen y funcionen\u201d, enfatiz\u00f3.<\/p>\n<p>Finalmente, Barrera entreg\u00f3 un mensaje final al electorado: \u201cLo fundamental es que Lober\u00eda en estos \u00faltimos ocho a\u00f1os se ha transformado notablemente, apostamos a la universidad, al trabajo, hicimos un 25% de cuadras de pavimento y estamos construyendo 50 viviendas, y para que siga creciendo necesitamos que siga este modelo de gesti\u00f3n que iniciamos con Juan Jos\u00e9 (Fioramonti) y queremos continuar en mi persona y en todo el equipo de Juan Jos\u00e9, as\u00ed que pedimos el apoyo de los vecinos para ganar las PASO y que podamos competir en octubre para volver a revalidar los t\u00edtulos de la comuna\u201d.<\/p>\n","protected":false},"excerpt":{"rendered":"<p>As\u00ed lo afirm\u00f3 el actual secretario de Gobierno loberense, Pablo Barrena, quien es el precandidato a intendente del oficialismo que encabeza actualmente el jefe comunal Juan Jos\u00e9 Fioramonti. En la boleta, est\u00e1n alineados con Patricia Bullrich a la presidencia, N\u00e9stor Grindetti y Miguel Fern\u00e1ndez a la gobernaci\u00f3n. Al dialogar con el periodista Jorge G\u00f3mez en [&hellip;]<\/p>\n","protected":false},"author":3,"featured_media":102581,"comment_status":"open","ping_status":"open","sticky":false,"template":"","format":"standard","meta":{"footnotes":""},"categories":[7],"tags":[],"class_list":{"0":"post-102580","1":"post","2":"type-post","3":"status-publish","4":"format-standard","5":"has-post-thumbnail","7":"category-nac"},"_links":{"self":[{"href":"https:\/\/primicias2262.com\/noticias\/wp-json\/wp\/v2\/posts\/102580","targetHints":{"allow":["GET"]}}],"collection":[{"href":"https:\/\/primicias2262.com\/noticias\/wp-json\/wp\/v2\/posts"}],"about":[{"href":"https:\/\/primicias2262.com\/noticias\/wp-json\/wp\/v2\/types\/post"}],"author":[{"embeddable":true,"href":"https:\/\/primicias2262.com\/noticias\/wp-json\/wp\/v2\/users\/3"}],"replies":[{"embeddable":true,"href":"https:\/\/primicias2262.com\/noticias\/wp-json\/wp\/v2\/comments?post=102580"}],"version-history":[{"count":1,"href":"https:\/\/primicias2262.com\/noticias\/wp-json\/wp\/v2\/posts\/102580\/revisions"}],"predecessor-version":[{"id":102582,"href":"https:\/\/primicias2262.com\/noticias\/wp-json\/wp\/v2\/posts\/102580\/revisions\/102582"}],"wp:featuredmedia":[{"embeddable":true,"href":"https:\/\/primicias2262.com\/noticias\/wp-json\/wp\/v2\/media\/102581"}],"wp:attachment":[{"href":"https:\/\/primicias2262.com\/noticias\/wp-json\/wp\/v2\/media?parent=102580"}],"wp:term":[{"taxonomy":"category","embeddable":true,"href":"https:\/\/primicias2262.com\/noticias\/wp-json\/wp\/v2\/categories?post=102580"},{"taxonomy":"post_tag","embeddable":true,"href":"https:\/\/primicias2262.com\/noticias\/wp-json\/wp\/v2\/tags?post=102580"}],"curies":[{"name":"wp","href":"https:\/\/api.w.org\/{rel}","templated":true}]}}