{"id":102590,"date":"2023-08-05T13:49:35","date_gmt":"2023-08-05T13:49:35","guid":{"rendered":"https:\/\/primicias2262.com\/noticias\/?p=102590"},"modified":"2023-08-06T23:39:40","modified_gmt":"2023-08-06T23:39:40","slug":"este-martes-inicia-un-nuevo-curso-de-manipulacion-de-alimentos","status":"publish","type":"post","link":"https:\/\/primicias2262.com\/noticias\/este-martes-inicia-un-nuevo-curso-de-manipulacion-de-alimentos\/","title":{"rendered":"Este martes inicia un nuevo curso de Manipulaci\u00f3n de Alimentos"},"content":{"rendered":"<div class=\"wp-block-media-text is-stacked-on-mobile is-vertically-aligned-top\">\n<div class=\"wp-block-media-text__content\">\n<p>La Secretar\u00eda de Salud municipal, a trav\u00e9s de la Direcci\u00f3n de Bromatolog\u00eda e Higiene realizar\u00e1n una nueva edici\u00f3n del Curso intensivo de Manipulaci\u00f3n de Alimentos durante esta semana, con el objetivo de seguir capacitando a los elaboradores y al p\u00fablico en general sobre esta sensible tem\u00e1tica.<\/p>\n<p><strong>El ciclo tendr\u00e1 desarrollo en el Sal\u00f3n de Actos de la comuna a lo largo de tres ma\u00f1anas consecutivas, durante el lunes 7, el martes 8 y el mi\u00e9rcoles 9, en el horario de 9 a 11:30, culminando con un examen para certificar los conocimientos adquiridos.<\/strong><\/p>\n<p>Desde la organizaci\u00f3n destacaron que la capacitaci\u00f3n servir\u00e1 para obtener el correspondiente Carnet de Manipulador, que es un requisito exigido para llevar adelante estas pr\u00e1cticas de forma legal.<\/p>\n<p>Los interesados en participar se pueden inscribir ingresando al link forms.gle\/Cvkr2SgUvwxePQ8C8, donde deber\u00e1n completar un formulario con sus datos personales y adjuntar una copia del frente del DNI y una foto.<\/p>\n<\/div>\n<\/div>\n","protected":false},"excerpt":{"rendered":"<p>La Secretar\u00eda de Salud municipal, a trav\u00e9s de la Direcci\u00f3n de Bromatolog\u00eda e Higiene realizar\u00e1n una nueva edici\u00f3n del Curso intensivo de Manipulaci\u00f3n de Alimentos durante esta semana, con el objetivo de seguir capacitando a los elaboradores y al p\u00fablico en general sobre esta sensible tem\u00e1tica. El ciclo tendr\u00e1 desarrollo en el Sal\u00f3n de Actos [&hellip;]<\/p>\n","protected":false},"author":3,"featured_media":102591,"comment_status":"open","ping_status":"open","sticky":false,"template":"","format":"standard","meta":{"footnotes":""},"categories":[3],"tags":[],"class_list":["post-102590","post","type-post","status-publish","format-standard","has-post-thumbnail","category-masnoticias"],"_links":{"self":[{"href":"https:\/\/primicias2262.com\/noticias\/wp-json\/wp\/v2\/posts\/102590","targetHints":{"allow":["GET"]}}],"collection":[{"href":"https:\/\/primicias2262.com\/noticias\/wp-json\/wp\/v2\/posts"}],"about":[{"href":"https:\/\/primicias2262.com\/noticias\/wp-json\/wp\/v2\/types\/post"}],"author":[{"embeddable":true,"href":"https:\/\/primicias2262.com\/noticias\/wp-json\/wp\/v2\/users\/3"}],"replies":[{"embeddable":true,"href":"https:\/\/primicias2262.com\/noticias\/wp-json\/wp\/v2\/comments?post=102590"}],"version-history":[{"count":1,"href":"https:\/\/primicias2262.com\/noticias\/wp-json\/wp\/v2\/posts\/102590\/revisions"}],"predecessor-version":[{"id":102592,"href":"https:\/\/primicias2262.com\/noticias\/wp-json\/wp\/v2\/posts\/102590\/revisions\/102592"}],"wp:featuredmedia":[{"embeddable":true,"href":"https:\/\/primicias2262.com\/noticias\/wp-json\/wp\/v2\/media\/102591"}],"wp:attachment":[{"href":"https:\/\/primicias2262.com\/noticias\/wp-json\/wp\/v2\/media?parent=102590"}],"wp:term":[{"taxonomy":"category","embeddable":true,"href":"https:\/\/primicias2262.com\/noticias\/wp-json\/wp\/v2\/categories?post=102590"},{"taxonomy":"post_tag","embeddable":true,"href":"https:\/\/primicias2262.com\/noticias\/wp-json\/wp\/v2\/tags?post=102590"}],"curies":[{"name":"wp","href":"https:\/\/api.w.org\/{rel}","templated":true}]}}